{"id":4992,"date":"2018-06-21T12:06:19","date_gmt":"2018-06-21T10:06:19","guid":{"rendered":"https:\/\/igop.uab.cat\/?p=4992"},"modified":"2018-06-27T10:40:37","modified_gmt":"2018-06-27T08:40:37","slug":"5a-escuela-de-verano-igop","status":"publish","type":"post","link":"https:\/\/igop.uab.cat\/es\/2018\/06\/21\/5a-escuela-de-verano-igop\/","title":{"rendered":"5a escuela de verano IGOP"},"content":{"rendered":"<h4>La dimensi\u00f3n de proximidad de las pol\u00edticas sociales<\/h4>\n<p>En la Escuela de Verano IGOP &#8211; 2018 pondremos \u00e9nfasis en la necesidad de proximidad para la adaptaci\u00f3n de las estrategias del cambio, tanto desde la perspectivas de la pol\u00edtica p\u00fablica y los servicios p\u00fablicos, como desde las l\u00f3gicas comunitarias que buscan la colaboraci\u00f3n y co-producci\u00f3n para encontrar mejores respuestas.<br style=\"font-weight: 400; color: #606060;\" \/><br style=\"font-weight: 400; color: #606060;\" \/><\/p>\n<p><a href=\"https:\/\/igop.uab.cat\/wp-content\/uploads\/2018\/06\/Escola-Estiu-IGOP-UAB-2018-Programa-final1.pdf\" target=\"_blank\"><img loading=\"lazy\" decoding=\"async\" class=\"alignnone wp-image-4986 size-medium\" src=\"https:\/\/igop.uab.cat\/wp-content\/uploads\/2018\/05\/miniatura-programa-escola-estiu-igop-2018-212x300.jpg\" alt=\"Escola estiu IGOP 2018\" width=\"212\" height=\"300\" srcset=\"https:\/\/igop.uab.cat\/wp-content\/uploads\/2018\/05\/miniatura-programa-escola-estiu-igop-2018-212x300.jpg 212w, https:\/\/igop.uab.cat\/wp-content\/uploads\/2018\/05\/miniatura-programa-escola-estiu-igop-2018.jpg 300w\" sizes=\"(max-width: 212px) 100vw, 212px\" \/><\/a><\/p>\n<p><strong style=\"color: #606060;\">Formulario de inscripci\u00f3n:\u00a0<\/strong><a style=\"font-weight: normal; color: #06508a;\" href=\"http:\/\/bit.ly\/EscolaIGOP2018\" target=\"_blank\">Cinquena escola d\u2019Estiu IGOP<\/a><\/p>\n<p><strong><span style=\"color: #606060;\">Programa <\/span><\/strong><span style=\"color: #3366ff;\"><a title=\"Programa 5a escuela verano IGOP (CAT)\" href=\"https:\/\/igop.uab.cat\/wp-content\/uploads\/2018\/06\/Escola-Estiu-IGOP-UAB-2018-Programa-final1.pdf\" target=\"_blank\"><span style=\"color: #3366ff;\">(descargar programa en pdf)<\/span><\/a><\/span><\/p>\n<hr \/>\n<h4><span style=\"font-weight: 400; color: #606060;\">Lunes\u00a025 JUNIO \/\u00a0<\/span><strong style=\"color: #606060;\">Serveis socials i proximitat des de dins.<br \/>\n<\/strong><strong style=\"color: #606060;\">Una estrat\u00e8gia cap a l\u2019acci\u00f3 comunit\u00e0ria<\/strong><\/h4>\n<p>Escola de l\u2019IGOP \/ 16.30h<br \/>\nPg. Urrutia 17, baixos (Barcelona)<\/p>\n<p><span style=\"color: #0000ff;\">16:30h Benvinguda a l\u2019Escola d\u2019estiu<\/span>.<br \/>\nLa dimensi\u00f3 de la proximitat a les pol\u00edtiques socials.<\/p>\n<p><span style=\"color: #0000ff;\">16:40h Pon\u00e8ncia marc i di\u00e0leg amb experi\u00e8ncies.<br \/>\n<span style=\"color: #000000;\">Pon\u00e8ncia \u201c Evoluci\u00f3 i repte de les pol\u00edtiques socials des de la proximitat\u201d.\u00a0A c\u00e0rrec de Ismael Blanco y Ernesto Morales (IGOP).<\/span><br \/>\n<\/span><\/p>\n<p><span style=\"color: #0000ff;\">17h Experi\u00e8ncies<\/span><\/p>\n<ul>\n<li>Israel Ure\u00f1a. Professional de serveis socials vinculat al programa de renda garantida B-MINCOME.<\/li>\n<li>Mireia Gassol. Directora del CSS-Guinard\u00f3.<\/li>\n<\/ul>\n<p>18:00h Descans<\/p>\n<p><span style=\"color: #0000ff;\">\u00a018:15h Presentaci\u00f3 d\u2019experi\u00e8ncies i debat.<\/span><\/p>\n<ul>\n<li>\u00a0<strong style=\"color: #000000; font-style: normal;\">Estrat\u00e8gia Serveis Socials de Ripoll<\/strong>\u00a0per a l\u2019abordatge comunitari post-atemptat d\u2019agost del 2017.<\/li>\n<li><strong>Projecte Comunitari Barristop<\/strong>: Iniciativa que vol promoure el coneixement mutu entre el ve\u00efnat del barri de les Planes incidint facilitant la mobilitat en la zona, caracteritzada per importants dificultats orogr\u00e0fiques.<\/li>\n<li><strong>Projecte Escales<\/strong>\u00a0&#8211; CSS El Clot.<\/li>\n<\/ul>\n<p><span style=\"color: #0000ff;\">19:15h Ponencia de tancament.<\/span><br \/>\nRicard Gom\u00e0 (Director IERMB): Drets socials i dret a la ciutat: l\u2019acci\u00f3 comunit\u00e0ria en la reformulaci\u00f3 de l\u2019estat de Benestar.<\/p>\n<hr \/>\n<h4><span style=\"font-weight: 400; color: #606060;\">Martes\u00a026 JUNIO \/\u00a0<\/span><strong style=\"color: #606060;\">Cultura i desigualtat<\/strong><\/h4>\n<p>Escola de l\u2019IGOP \/ 16.30h<br \/>\nPg. Urrutia 17, baixos (Barcelona)<\/p>\n<p>16.30h a 19.30h<\/p>\n<ul>\n<li><span style=\"color: #0000ff;\">Presentaci\u00f3 de la recerca sobre \u201ccultura i desigualtat\u201d<\/span>\u00a0desenvolupada pels alumnes de l\u2019Escola Mestre Morera, en el marc del Projecte Recerca \u2013 Acci\u00f3 Participativa a centres educatius de Nou Barris. Presentaci\u00f3 a c\u00e0rrec d\u2019un grup d\u2019alumnes de l\u2019escola i membres del projecte de l\u2019IGOP.<\/li>\n<li><span style=\"color: #0000ff;\">Presentaci\u00f3 del document de treball<\/span>\u00a0sobre cultura i desigualtat \u201cuna aproximaci\u00f3 a amb indicadors clau\u201d elaborat pel grup de treball sobre cultura i desigualtat impulsat des de l\u2019Escola de l\u2019IGOP.<\/li>\n<li><span style=\"color: #0000ff;\">Debat<\/span>\u00a0posterior amb la participaci\u00f3 de: Nicol\u00e1s Barbieri, Pablo Fern\u00e1ndez, Ernesto Morales, Nus Teatre, Adriana Partal, Jordi Pascual, Bernat Quintana, Yuni Salazar, Montse Tort, Assumpta Manils, Llu\u00eds Noguera, N\u00faria Sempere, Anna Pacheco, Javier Rodrigo, Carme Mayugo, Ferran Burguillos i Joan Subirats (a confirmar).<\/li>\n<\/ul>\n<p>&nbsp;<\/p>\n<hr \/>\n<h4><span style=\"font-weight: 400; color: #606060;\">Mi\u00e9rcoles\u00a027 JUNIO \/\u00a0<\/span><strong style=\"color: #606060;\">Medi obert i acci\u00f3 comunit\u00e0ria. Un binomi inseparable<\/strong><\/h4>\n<p>Casal de la Mina de Montcada i Reixac<br \/>\nAvinguda de la Unitat s\/n (Barcelona)<\/p>\n<p><span style=\"color: #0000ff;\">16.30h Taula rodona. Acci\u00f3 Comunit\u00e0ria i medi obert. Un binomi inseparable.<\/span><\/p>\n<ul>\n<li>Elena Aycart del Programa d\u2019intervenci\u00f3 socioeducativa en medi obert a Irun, Guip\u00fascoa.<\/li>\n<li>Cecilia de Gracia de Joves al Medi obert del Prat del Llobregat.<\/li>\n<li>Rub\u00e9n Toro, del Servei de dinamitzaci\u00f3 Juvenil de la Franja Bes\u00f2s de Barcelona.<\/li>\n<li>Antonio Alc\u00e1ntara, autor de la recerca \u201cAcci\u00f3 Comunit\u00e0ria en medi obert. Estudi de casos. Abril 2018\u201d per a la la Direcci\u00f3 d\u2019Acci\u00f3 Comunit\u00e0ria de l\u2019Ajuntament de Barcelona.<\/li>\n<li>Dinamitza: Gemma R. Salvatella de la Perif\u00e8rica de Montcada i Reixac.<\/li>\n<\/ul>\n<p><span style=\"color: #0000ff;\">18.30h Visita al Rec Comtal<\/span><br \/>\nConeixerem el mil\u00b7lenari Rec Comtal i els projectes d\u2019acci\u00f3 comunit\u00e0ria al seu voltant. A c\u00e0rrec de Jose Luis Conejero de l\u2019AVV de Montcada Can Sant Joan i Montse Marcos. T\u00e8cnica en cap d\u2019educaci\u00f3 de l\u2019Ajuntament Montcada i Reixac.<\/p>\n<hr \/>\n<h4><span style=\"font-weight: 400; color: #606060;\">Jueves 28 JUNIO \/\u00a0<\/span><strong style=\"color: #606060;\">L\u2019 Economia solid\u00e0ria com a pol\u00edtica de proximitat<br \/>\n<\/strong><span style=\"color: #ff0000;\">Jornada suspendida por problemas de agenda\u00a0<\/span><\/h4>\n<hr \/>\n<p><strong style=\"color: #606060;\">Formulario de inscripci\u00f3n:\u00a0<\/strong><a style=\"font-weight: normal; color: #06508a;\" href=\"http:\/\/bit.ly\/EscolaIGOP2018\" target=\"_blank\">Cinquena escola d&#8217;Estiu IGOP<\/a><\/p>\n<p><span style=\"font-weight: 400; color: #606060;\">Descarrega&#8217;t el\u00a0<\/span><a style=\"font-weight: normal; color: #06508a;\" title=\"Programa 5a escuela verano IGOP (CAT)\" href=\"https:\/\/igop.uab.cat\/wp-content\/uploads\/2018\/06\/Escola-Estiu-IGOP-UAB-2018-Programa-final.pdf\" target=\"_blank\">p\u00f2ster de la Escola d&#8217;Estiu<\/a><span style=\"font-weight: 400; color: #606060;\">.<\/span><\/p>\n","protected":false},"excerpt":{"rendered":"<p>La dimensi\u00f3n de proximidad de las pol\u00edticas sociales En la Escuela de Verano IGOP &#8211; 2018 pondremos \u00e9nfasis en la necesidad de proximidad para la adaptaci\u00f3n de las estrategias del cambio, tanto desde la perspectivas de la pol\u00edtica p\u00fablica y los servicios p\u00fablicos, como desde las l\u00f3gicas comunitarias que buscan la colaboraci\u00f3n y co-producci\u00f3n para [&hellip;]<\/p>\n","protected":false},"author":2,"featured_media":5308,"comment_status":"closed","ping_status":"closed","sticky":false,"template":"","format":"standard","meta":{"_et_pb_use_builder":"","_et_pb_old_content":"","_et_gb_content_width":"","footnotes":""},"categories":[219],"tags":[],"class_list":["post-4992","post","type-post","status-publish","format-standard","has-post-thumbnail","hentry","category-actividades","et-has-post-format-content","et_post_format-et-post-format-standard"],"_links":{"self":[{"href":"https:\/\/igop.uab.cat\/es\/wp-json\/wp\/v2\/posts\/4992","targetHints":{"allow":["GET"]}}],"collection":[{"href":"https:\/\/igop.uab.cat\/es\/wp-json\/wp\/v2\/posts"}],"about":[{"href":"https:\/\/igop.uab.cat\/es\/wp-json\/wp\/v2\/types\/post"}],"author":[{"embeddable":true,"href":"https:\/\/igop.uab.cat\/es\/wp-json\/wp\/v2\/users\/2"}],"replies":[{"embeddable":true,"href":"https:\/\/igop.uab.cat\/es\/wp-json\/wp\/v2\/comments?post=4992"}],"version-history":[{"count":7,"href":"https:\/\/igop.uab.cat\/es\/wp-json\/wp\/v2\/posts\/4992\/revisions"}],"predecessor-version":[{"id":5328,"href":"https:\/\/igop.uab.cat\/es\/wp-json\/wp\/v2\/posts\/4992\/revisions\/5328"}],"wp:featuredmedia":[{"embeddable":true,"href":"https:\/\/igop.uab.cat\/es\/wp-json\/wp\/v2\/media\/5308"}],"wp:attachment":[{"href":"https:\/\/igop.uab.cat\/es\/wp-json\/wp\/v2\/media?parent=4992"}],"wp:term":[{"taxonomy":"category","embeddable":true,"href":"https:\/\/igop.uab.cat\/es\/wp-json\/wp\/v2\/categories?post=4992"},{"taxonomy":"post_tag","embeddable":true,"href":"https:\/\/igop.uab.cat\/es\/wp-json\/wp\/v2\/tags?post=4992"}],"curies":[{"name":"wp","href":"https:\/\/api.w.org\/{rel}","templated":true}]}}