{"id":4368,"date":"2017-11-17T10:44:29","date_gmt":"2017-11-17T09:44:29","guid":{"rendered":"https:\/\/igop.uab.cat\/?p=4368"},"modified":"2017-12-13T12:37:12","modified_gmt":"2017-12-13T11:37:12","slug":"s17-politicas-para-la-infancia-vulnerable","status":"publish","type":"post","link":"https:\/\/igop.uab.cat\/es\/2017\/11\/17\/s17-politicas-para-la-infancia-vulnerable\/","title":{"rendered":"S17. Pol\u00edticas para la infancia vulnerable"},"content":{"rendered":"<p><strong style=\"font-weight: bold; font-style: inherit; color: inherit;\"> Sesi\u00f3n 17. <br style=\"font-weight: inherit; font-style: inherit; color: inherit;\" \/> <\/strong>Pol\u00edticas para la infancia vulnerable<\/p>\n<p>&nbsp;<\/p>\n<p><strong style=\"font-weight: bold; font-style: inherit; color: inherit;\"> Objetivos: <\/strong><\/p>\n<p>La inversi\u00f3n en la temprana infancia es un campo de intervenci\u00f3n de pol\u00edtica p\u00fablica cada vez m\u00e1s importante. En un contexto de aumento de las desigualdades econ\u00f3micas y la segregaci\u00f3n social y de cambios profundos en los sistemas productivos y de formas de vida, los estados de bienestar se enfrentan a la necesidad de reformas profundas que pongan el \u00e9nfasis en la capacitaci\u00f3n individual , la igualdad de oportunidades y la transversalidad. Las pol\u00edticas de atenci\u00f3n a la infancia vulnerable est\u00e1n en el eje de esta nueva filosof\u00eda de la inversi\u00f3n social.<\/p>\n<p>En esta sesi\u00f3n trataremos este \u00e1mbito de pol\u00edticas con el foco puesto en los servicios del \u00e1mbito municipal y auton\u00f3mico. Reflexionaremos sobre casos de buenas pr\u00e1cticas que puedan ser extrapolables y sobre lo que pueda aportar al dise\u00f1o de pol\u00edticas destinadas a la infancia y las familias en diferentes niveles de gobierno.<\/p>\n<p><span title=\"La entrada es libre pero a efectos organizativos agradecer\u00edamos haga la inscripci\u00f3n a trav\u00e9s de este enlace: Inscripci\u00f3n laboratorio Servicios Sociales\"> La entrada es libre. <\/span><\/p>\n<p><strong> Fecha: <\/strong>Martes, 12 de diciembre, a las 4 de la tarde<\/p>\n<p><span title=\"Lugar: Escuela IGOP - Urrutia, 17 - Barcelona.\"> <strong> Lugar: <\/strong> Escuela del IGOP &#8211; Urrutia, 17 &#8211; Barcelona. <span title=\"Telf.\"> Telf. <\/span><span title=\"Telf.\"><span title=\"93 407 62 03\"> 93 407 62 03<\/span><\/span><\/span><\/p>\n<p>&nbsp;<\/p>\n<p>&#8230;&#8230;&#8230;&#8230;&#8230;&#8230;&#8230;&#8230;.<\/p>\n<p><a href=\"https:\/\/igop.uab.cat\/wp-content\/uploads\/2014\/03\/speech10.png\"><img loading=\"lazy\" decoding=\"async\" class=\"espai alignleft wp-image-1327\" style=\"font-weight: inherit; font-style: inherit; color: inherit;\" src=\"https:\/\/igop.uab.cat\/wp-content\/uploads\/2014\/03\/speech10-300x300.png\" alt=\"ponentes\" width=\"65\" height=\"65\" srcset=\"https:\/\/igop.uab.cat\/wp-content\/uploads\/2014\/03\/speech10-300x300.png 300w, https:\/\/igop.uab.cat\/wp-content\/uploads\/2014\/03\/speech10-150x150.png 150w, https:\/\/igop.uab.cat\/wp-content\/uploads\/2014\/03\/speech10.png 512w\" sizes=\"(max-width: 65px) 100vw, 65px\" \/><\/a> PONENTES:<\/p>\n<p>Presentaci\u00f3n y coordinaci\u00f3n: <strong style=\"font-weight: bold; font-style: inherit; color: inherit;\"> <b> Margarita Le\u00f3n<\/b><\/strong> (IGOP-UAB)<\/p>\n<p>&nbsp;<\/p>\n<p class=\"x_MsoNormal\" style=\"color: # 212121;\">Participantes:<\/p>\n<ul>\n<li><strong> Mikel Gurbindo<\/strong> (Responsable de la Subdirecci\u00f3n de Familia y Menores del Gobierno de Navarra). \u00abModelo y se\u00f1as de identidad del II Plan Integral de Apoyo a la Familia, la Infancia y la Adolescencia en Navarra 2017-2023\u00bb.<\/li>\n<li><strong> Alba Castej\u00f3n <\/strong>(Departamento de Pedagog\u00eda Sistem\u00e1tica y Social de la UAB). \u00abDesigualdad y escuela\u00bb.<\/li>\n<li><strong><strong> Eloi Mayordomo <\/strong><\/strong> (T\u00e9cnico de pol\u00edticas sociales especialista en Infancia). \u00abPol\u00edticas para la infancia vulnerable desde el mundo local\u00bb.<\/li>\n<\/ul>\n<p>Idioma de la sesi\u00f3n: castellano<\/p>\n<p>&#8230;&#8230;&#8230;&#8230;&#8230;&#8230;&#8230;&#8230;.<\/p>\n<p><strong style=\"font-weight: bold; font-style: inherit; color: inherit;\"> <a href=\"https:\/\/igop.uab.cat\/wp-content\/uploads\/2014\/03\/order.png\"><img loading=\"lazy\" decoding=\"async\" class=\"espai alignleft\" style=\"font-weight: inherit; font-style: inherit; color: inherit;\" src=\"https:\/\/igop.uab.cat\/wp-content\/uploads\/2014\/03\/order-300x300.png\" alt=\"materiales\" width=\"65\" height=\"65\" \/><\/a> <\/strong><\/p>\n<p>MATERIALES DE LA SESI\u00d3N:<\/p>\n<ul>\n<li style=\"font-weight: inherit; font-style: inherit; color: inherit;\">\n<ul>\n<li><strong>Alba Castej\u00f3n<\/strong>: \u00ab<a title=\"Presentaci\u00f3n Alba Castej\u00f3n S17 LAB IGOP\" href=\"https:\/\/igop.uab.cat\/wp-content\/uploads\/2017\/12\/ALBA-CASTEJON-S17LAB-IGOP.pdf\" target=\"_blank\">Desigualdad y Escuela. Infancia vulnerable y oportunidades educativas<\/a>\u00ab<\/li>\n<li><strong>Mikel Gurbindo<\/strong>: \u00ab<a title=\"Presentaci\u00f3n Mikel Gurbindo S17. LAB IG\u00d4P\" href=\"https:\/\/igop.uab.cat\/wp-content\/uploads\/2017\/12\/MIKEL-GURBINDO-S17LAB-IGOP.pdf\" target=\"_blank\">Modelo y se\u00f1as de identidad del II Plan Integral de Apoyo a la Familia, la Infancia y la Adolescencia en Navarra 2017-2023<\/a>\u00ab<\/li>\n<li><strong>Eloi Mayordomo<\/strong>: \u00ab<a title=\"Presentaci\u00f3n Eloi Mayordomo S17 LAB IGOP\" href=\"https:\/\/igop.uab.cat\/wp-content\/uploads\/2017\/12\/ELOI-MAYORDOMO-S17LAB-IGOP.pdf\" target=\"_blank\">Pol\u00edtiques per a la inf\u00e0ncia vulnerable des del m\u00f3n local<\/a>\u00ab<\/li>\n<\/ul>\n<\/li>\n<\/ul>\n<p>&#8230;&#8230;&#8230;&#8230;&#8230;&#8230;&#8230;&#8230;.<\/p>\n<p><strong><a href=\"https:\/\/igop.uab.cat\/wp-content\/uploads\/2014\/03\/film49.png\"><img loading=\"lazy\" decoding=\"async\" class=\"espai alignleft\" style=\"font-weight: inherit; font-style: inherit; color: inherit;\" src=\"https:\/\/igop.uab.cat\/wp-content\/uploads\/2014\/03\/film49-300x300.png\" alt=\"video\" width=\"65\" height=\"65\" \/><\/a> <\/strong>V\u00cdDEO DE LA SESI\u00d3N<\/p>\n<ul>\n<li>Emisi\u00f3n\u00a0en streaming:\u00a0<a title=\"S17 Laboratori Serveis socials INFANCIA\" href=\"https:\/\/www.youtube.com\/watch?v=CtghLs75c6U\" target=\"_blank\">Video LAB17 Politiques Inf\u00e0ncia Vulnerable<\/a><\/li>\n<\/ul>\n","protected":false},"excerpt":{"rendered":"<p>Sesi\u00f3n 17. Pol\u00edticas para la infancia vulnerable &nbsp; Objetivos: La inversi\u00f3n en la temprana infancia es un campo de intervenci\u00f3n de pol\u00edtica p\u00fablica cada vez m\u00e1s importante. En un contexto de aumento de las desigualdades econ\u00f3micas y la segregaci\u00f3n social y de cambios profundos en los sistemas productivos y de formas de vida, los estados [&hellip;]<\/p>\n","protected":false},"author":2,"featured_media":4366,"comment_status":"closed","ping_status":"closed","sticky":false,"template":"","format":"standard","meta":{"_et_pb_use_builder":"","_et_pb_old_content":"","_et_gb_content_width":"","footnotes":""},"categories":[219,247],"tags":[],"class_list":["post-4368","post","type-post","status-publish","format-standard","has-post-thumbnail","hentry","category-actividades","category-laboratorio","et-has-post-format-content","et_post_format-et-post-format-standard"],"_links":{"self":[{"href":"https:\/\/igop.uab.cat\/es\/wp-json\/wp\/v2\/posts\/4368","targetHints":{"allow":["GET"]}}],"collection":[{"href":"https:\/\/igop.uab.cat\/es\/wp-json\/wp\/v2\/posts"}],"about":[{"href":"https:\/\/igop.uab.cat\/es\/wp-json\/wp\/v2\/types\/post"}],"author":[{"embeddable":true,"href":"https:\/\/igop.uab.cat\/es\/wp-json\/wp\/v2\/users\/2"}],"replies":[{"embeddable":true,"href":"https:\/\/igop.uab.cat\/es\/wp-json\/wp\/v2\/comments?post=4368"}],"version-history":[{"count":6,"href":"https:\/\/igop.uab.cat\/es\/wp-json\/wp\/v2\/posts\/4368\/revisions"}],"predecessor-version":[{"id":4423,"href":"https:\/\/igop.uab.cat\/es\/wp-json\/wp\/v2\/posts\/4368\/revisions\/4423"}],"wp:featuredmedia":[{"embeddable":true,"href":"https:\/\/igop.uab.cat\/es\/wp-json\/wp\/v2\/media\/4366"}],"wp:attachment":[{"href":"https:\/\/igop.uab.cat\/es\/wp-json\/wp\/v2\/media?parent=4368"}],"wp:term":[{"taxonomy":"category","embeddable":true,"href":"https:\/\/igop.uab.cat\/es\/wp-json\/wp\/v2\/categories?post=4368"},{"taxonomy":"post_tag","embeddable":true,"href":"https:\/\/igop.uab.cat\/es\/wp-json\/wp\/v2\/tags?post=4368"}],"curies":[{"name":"wp","href":"https:\/\/api.w.org\/{rel}","templated":true}]}}