{"id":28426,"date":"2026-04-08T15:29:07","date_gmt":"2026-04-08T13:29:07","guid":{"rendered":"https:\/\/igop.uab.cat\/?p=28426"},"modified":"2026-04-08T15:29:07","modified_gmt":"2026-04-08T13:29:07","slug":"el-proyecto-grow-estrena-pagina-web","status":"publish","type":"post","link":"https:\/\/igop.uab.cat\/es\/2026\/04\/08\/el-proyecto-grow-estrena-pagina-web\/","title":{"rendered":"El proyecto GROW estrena p\u00e1gina web"},"content":{"rendered":"<p>[et_pb_section fb_built=\u00bb1&#8243; _builder_version=\u00bb4.16&#8243; global_colors_info=\u00bb{}\u00bb][et_pb_row column_structure=\u00bb3_4,1_4&#8243; _builder_version=\u00bb4.16&#8243; background_size=\u00bbinitial\u00bb background_position=\u00bbtop_left\u00bb background_repeat=\u00bbrepeat\u00bb global_colors_info=\u00bb{}\u00bb][et_pb_column type=\u00bb3_4&#8243; _builder_version=\u00bb4.16&#8243; custom_padding=\u00bb|||\u00bb global_colors_info=\u00bb{}\u00bb custom_padding__hover=\u00bb|||\u00bb][et_pb_text _builder_version=\u00bb4.27.5&#8243; link_text_color=\u00bb#0C71C3&#8243; background_size=\u00bbinitial\u00bb background_position=\u00bbtop_left\u00bb background_repeat=\u00bbrepeat\u00bb hover_enabled=\u00bb0&#8243; global_colors_info=\u00bb{}\u00bb sticky_enabled=\u00bb0&#8243;]<\/p>\n<p><strong>Se presenta la nueva web del proyecto europeo GROW sobre desigualdades en la educaci\u00f3n infantil<\/strong><\/p>\n<p>GROW (Where to grow a child?)<\/p>\n<p>La nueva p\u00e1gina nace con la voluntad de facilitar el acceso a la informaci\u00f3n tanto a la comunidad investigadora como a responsables pol\u00edticos y ciudadan\u00eda interesada, en l\u00ednea con el compromiso de transferencia de conocimiento que caracteriza el <a title=\"GROW 2025 | IGOP-UAB\" href=\"https:\/\/igop.uab.cat\/wp-content\/uploads\/2025\/02\/2025_Fitxa-Projecte-GROW-EN.pdf?utm_source=chatgpt.com\">proyecto<\/a>.<\/p>\n<hr>\n<h4>Un proyecto para analizar desigualdades territoriales y de g\u00e9nero<\/h4>\n<p>El proyecto GROW se centra en un reto clave de las sociedades europeas: <strong>las desigualdades en el acceso a los servicios de educaci\u00f3n y cuidado de la primera infancia (ECEC)<\/strong> y su impacto en la participaci\u00f3n laboral de las mujeres. El proyecto, que se extender\u00e1 entre 2025 y 2028, cuenta con financiaci\u00f3n internacional y apuesta tambi\u00e9n por la formaci\u00f3n de j\u00f3venes investigadores, reforzando su dimensi\u00f3n acad\u00e9mica y social. <\/p>\n<p>En concreto, la investigaci\u00f3n analiza c\u00f3mo la disponibilidad y distribuci\u00f3n territorial de estos servicios influye en factores como:<\/p>\n<ul>\n<li>la incorporaci\u00f3n de las mujeres al mercado laboral<\/li>\n<li>el desarrollo educativo de los ni\u00f1os<\/li>\n<li>las desigualdades sociales entre territorios<\/li>\n<\/ul>\n<p>Para ello, GROW combina metodolog\u00edas cuantitativas avanzadas -como modelos estad\u00edsticos bayesianos- con estudios cualitativos en ciudades como Mil\u00e1n y Barcelona.<\/p>\n<hr>\n<h4>Objetivos: evidencia cient\u00edfica para mejores pol\u00edticas p\u00fablicas<\/h4>\n<p>El proyecto tiene como principal finalidad <strong>generar evidencia emp\u00edrica y recomendaciones pol\u00edticas<\/strong> que permitan mejorar la eficiencia y la equidad de los servicios de educaci\u00f3n infantil en Europa.<\/p>\n<p>Entre sus objetivos destacan:<\/p>\n<ul>\n<li>identificar patrones territoriales en el acceso a servicios educativos<\/li>\n<li>determinar niveles \u00f3ptimos de provisi\u00f3n de plazas de cuidado infantil<\/li>\n<li>evaluar modelos de gesti\u00f3n m\u00e1s eficientes<\/li>\n<li>contribuir a reducir las brechas de g\u00e9nero en el trabajo<\/li>\n<\/ul>\n<p>Seg\u00fan los investigadores, una mejor planificaci\u00f3n de estos servicios puede tener un <strong>impacto directo en la igualdad de oportunidades y el desarrollo econ\u00f3mico y social<\/strong>.<\/p>\n<hr>\n<h4>La web, clave para la difusi\u00f3n e impacto<\/h4>\n<p>Con el lanzamiento de la nueva web, GROW refuerza su estrategia de comunicaci\u00f3n y apertura, ofreciendo un espacio en el que se podr\u00e1n consultar:<\/p>\n<ul>\n<li>resultados preliminares e informes<\/li>\n<li>actividades y eventos<\/li>\n<li>materiales divulgativos<\/li>\n<li>actualizaciones del proyecto<\/li>\n<\/ul>\n<p>Esta herramienta es clave para garantizar que el conocimiento generado no se quede en el \u00e1mbito acad\u00e9mico, sino que llegue a los responsables de pol\u00edticas p\u00fablicas y contribuya a la toma de decisiones informadas.<\/p>\n<p>[\/et_pb_text][\/et_pb_column][et_pb_column type=\u00bb1_4&#8243; _builder_version=\u00bb4.16&#8243; custom_padding=\u00bb|||\u00bb global_colors_info=\u00bb{}\u00bb custom_padding__hover=\u00bb|||\u00bb][et_pb_text _builder_version=\u00bb4.27.5&#8243; _module_preset=\u00bbdefault\u00bb link_text_color=\u00bb#0C71C3&#8243; global_colors_info=\u00bb{}\u00bb]<\/p>\n<p><a href=\"https:\/\/igop.uab.cat\/wp-content\/uploads\/2025\/02\/2025_Lara-Maestripieri_Fitxa-Projecte-GROW-EN.pdf\" target=\"_blank\" rel=\"noopener\">Ficha del projycto (pdf)<\/a><\/p>\n<p><a href=\"https:\/\/webs.uab.cat\/grow\/\" target=\"_blank\" rel=\"noopener\">Enlace P\u00e1gina web GROW<\/a><\/p>\n<p>[\/et_pb_text][\/et_pb_column][\/et_pb_row][\/et_pb_section]<\/p>\n","protected":false},"excerpt":{"rendered":"<p>Se presenta la nueva web del proyecto europeo GROW sobre desigualdades en la educaci\u00f3n infantil GROW (Where to grow a child?) La nueva p\u00e1gina nace con la voluntad de facilitar el acceso a la informaci\u00f3n tanto a la comunidad investigadora como a responsables pol\u00edticos y ciudadan\u00eda interesada, en l\u00ednea con el compromiso de transferencia de [&hellip;]<\/p>\n","protected":false},"author":2,"featured_media":28425,"comment_status":"closed","ping_status":"closed","sticky":false,"template":"","format":"standard","meta":{"_et_pb_use_builder":"on","_et_pb_old_content":"","_et_gb_content_width":"","footnotes":""},"categories":[245],"tags":[],"class_list":["post-28426","post","type-post","status-publish","format-standard","has-post-thumbnail","hentry","category-noticias","et-has-post-format-content","et_post_format-et-post-format-standard"],"_links":{"self":[{"href":"https:\/\/igop.uab.cat\/es\/wp-json\/wp\/v2\/posts\/28426","targetHints":{"allow":["GET"]}}],"collection":[{"href":"https:\/\/igop.uab.cat\/es\/wp-json\/wp\/v2\/posts"}],"about":[{"href":"https:\/\/igop.uab.cat\/es\/wp-json\/wp\/v2\/types\/post"}],"author":[{"embeddable":true,"href":"https:\/\/igop.uab.cat\/es\/wp-json\/wp\/v2\/users\/2"}],"replies":[{"embeddable":true,"href":"https:\/\/igop.uab.cat\/es\/wp-json\/wp\/v2\/comments?post=28426"}],"version-history":[{"count":2,"href":"https:\/\/igop.uab.cat\/es\/wp-json\/wp\/v2\/posts\/28426\/revisions"}],"predecessor-version":[{"id":28428,"href":"https:\/\/igop.uab.cat\/es\/wp-json\/wp\/v2\/posts\/28426\/revisions\/28428"}],"wp:featuredmedia":[{"embeddable":true,"href":"https:\/\/igop.uab.cat\/es\/wp-json\/wp\/v2\/media\/28425"}],"wp:attachment":[{"href":"https:\/\/igop.uab.cat\/es\/wp-json\/wp\/v2\/media?parent=28426"}],"wp:term":[{"taxonomy":"category","embeddable":true,"href":"https:\/\/igop.uab.cat\/es\/wp-json\/wp\/v2\/categories?post=28426"},{"taxonomy":"post_tag","embeddable":true,"href":"https:\/\/igop.uab.cat\/es\/wp-json\/wp\/v2\/tags?post=28426"}],"curies":[{"name":"wp","href":"https:\/\/api.w.org\/{rel}","templated":true}]}}