{"id":2813,"date":"2015-11-17T23:12:19","date_gmt":"2015-11-17T22:12:19","guid":{"rendered":"https:\/\/igop.uab.cat\/?p=2813"},"modified":"2015-11-25T13:12:23","modified_gmt":"2015-11-25T12:12:23","slug":"jornada-innovacion-urbana-y-retos-sociales","status":"publish","type":"post","link":"https:\/\/igop.uab.cat\/es\/2015\/11\/17\/jornada-innovacion-urbana-y-retos-sociales\/","title":{"rendered":"Jornada Innovaci\u00f3n urbana y retos sociales"},"content":{"rendered":"<h3>Las ciudades como ecosistemas de innovaci\u00f3n social<\/h3>\n<p><strong>Fecha:<\/strong> 10 Diciembre 2015<br \/>\n<strong>Lugar:<\/strong> Palau Macaya &#8211; Passeig de Sant Joan 108, Barcelona.<br \/>\n<strong>Inscripci\u00f3n previa:<\/strong> mediente un correo a: core.ciutats@uab.cat<\/p>\n<hr \/>\n<p>&nbsp;<\/p>\n<p><strong>Programa (<a href=\"https:\/\/igop.uab.cat\/wp-content\/uploads\/2015\/11\/Jornada-CORE-2015-IGOP.pdf\" target=\"_blank\">Descargar programa jornada CORE 2015 IGOP<\/a>)<br \/>\n<\/strong><\/p>\n<p>9:15-9:30h Recepci\u00f3n<br \/>\n9:30-10:00h Presentaci\u00f3n \u2013 Oscar Rebollo (IGOP-UAB)<\/p>\n<p><strong>10:00 \u2013 11:30h Mesa 1: Investigando la innovaci\u00f3n social<br \/>\n<\/strong>(modera: Marc Par\u00e9s, IGOP-UAB)<\/p>\n<ul>\n<li>Ismael Blanco (IGOP-UAB)<\/li>\n<li>Marco Belinger (IGOPnet-UAB)<\/li>\n<li>Joan Marull (IERMB)<\/li>\n<li>Georgiana Nitulescu (SEFORIS-UAB)<\/li>\n<li>Joaqu\u00edn Rodr\u00edguez \u00c1lvarez (Leading Cities &#8211; UAB)<\/li>\n<\/ul>\n<p>&nbsp;<\/p>\n<p>11:30h \u2013 12h COFFEE BREAK<\/p>\n<p><strong>12 &#8211; 13:30 Mesa 2: Promoviendo la innovaci\u00f3n social: pr\u00e1cticas institucionales<br \/>\n<\/strong>(modera: Quim Brugu\u00e9, UdG)<\/p>\n<ul>\n<li>Marta Morera (Ajuntament de Rub\u00ed)<\/li>\n<li>Jordi G\u00fcell (Ajuntament d\u2019Olot)<\/li>\n<li>Maties Serracant (Ajuntament de Sabadell)<\/li>\n<li>Xavi Matilla (Ajuntament de Terrassa)<\/li>\n<\/ul>\n<p>&nbsp;<\/p>\n<p>13:30 \u2013 15h LUNCH BREAK<\/p>\n<p><strong>15 \u2013 16h Mesa 3: Cartografiando la innovaci\u00f3n social<br \/>\n<\/strong>(modera: Helena Cruz, IGOP-UAB)<\/p>\n<ul>\n<li>Ricard Espelt (Cartografia de les Cooperatives de consum)<\/li>\n<li>Mar Santamaria \/ Pablo Mart\u00ednez (300.000 km\/s, Geografies de\u00a0la innovaci\u00f3)<\/li>\n<li>M\u00f2nica Vega (PAMaPAM \u2013 Mapa del consum responsable i de l\u2019economia solid\u00e0ria)<\/li>\n<\/ul>\n<p>&nbsp;<\/p>\n<p><strong>16 \u2013 17:30h Mesa 4: Iniciativas sociales \/ Living labs<br \/>\n<\/strong>(modera: Ruben Martinez, IGOPnet-UAB)<\/p>\n<ul>\n<li>Llu\u00eds Dalmau (Guifinet)<\/li>\n<li>Dimosthenis Karatzas (CVC-UAB, Volpelleres Library Living Lab)<\/li>\n<li>Javier Gonz\u00e1lez (Citilab)<\/li>\n<li>Bernat Colom\u00e9 (ArqBag, PASaPAS)<\/li>\n<li>Oriol Costa (DynamisLab y EcoRegi\u00f3)<\/li>\n<\/ul>\n<p>&nbsp;<\/p>\n<p><strong>17:30 \u2013 19h: Conferencia final<br \/>\n<\/strong>(Presenta: Oriol Nel.lo)<strong><br \/>\n<\/strong><\/p>\n<ul>\n<li>Constanza Parra (KU Leuven University) &#8211; Estudios territoriales: el lugar donde la teorizaci\u00f3n de la innovaci\u00f3n social empez\u00f3 y continua floreciendo\u2026<\/li>\n<\/ul>\n<hr \/>\n<p>&nbsp;<\/p>\n<p>Organiza<\/p>\n<p><a href=\"https:\/\/igop.uab.cat\/wp-content\/uploads\/2015\/11\/Coorganitzadors-CORE.jpg\"><img loading=\"lazy\" decoding=\"async\" class=\"alignnone size-full wp-image-2815\" src=\"https:\/\/igop.uab.cat\/wp-content\/uploads\/2015\/11\/Coorganitzadors-CORE.jpg\" alt=\"Coorganitzadors-CORE\" width=\"600\" height=\"102\" srcset=\"https:\/\/igop.uab.cat\/wp-content\/uploads\/2015\/11\/Coorganitzadors-CORE.jpg 600w, https:\/\/igop.uab.cat\/wp-content\/uploads\/2015\/11\/Coorganitzadors-CORE-300x51.jpg 300w\" sizes=\"(max-width: 600px) 100vw, 600px\" \/><\/a><\/p>\n<p>Con la colaboraci\u00f3n de:<\/p>\n<p><a href=\"https:\/\/igop.uab.cat\/wp-content\/uploads\/2015\/11\/vertical-fons-blanc-amb-reserva.jpg\"><img loading=\"lazy\" decoding=\"async\" class=\"alignnone wp-image-2822\" src=\"https:\/\/igop.uab.cat\/wp-content\/uploads\/2015\/11\/vertical-fons-blanc-amb-reserva-300x142.jpg\" alt=\"vertical fons blanc amb reserva\" width=\"200\" height=\"95\" srcset=\"https:\/\/igop.uab.cat\/wp-content\/uploads\/2015\/11\/vertical-fons-blanc-amb-reserva-300x142.jpg 300w, https:\/\/igop.uab.cat\/wp-content\/uploads\/2015\/11\/vertical-fons-blanc-amb-reserva-1024x487.jpg 1024w, https:\/\/igop.uab.cat\/wp-content\/uploads\/2015\/11\/vertical-fons-blanc-amb-reserva.jpg 1577w\" sizes=\"(max-width: 200px) 100vw, 200px\" \/><\/a><\/p>\n","protected":false},"excerpt":{"rendered":"<p>Las ciudades como ecosistemas de innovaci\u00f3n social Fecha: 10 Diciembre 2015 Lugar: Palau Macaya &#8211; Passeig de Sant Joan 108, Barcelona. Inscripci\u00f3n previa: mediente un correo a: core.ciutats@uab.cat &nbsp; Programa (Descargar programa jornada CORE 2015 IGOP) 9:15-9:30h Recepci\u00f3n 9:30-10:00h Presentaci\u00f3n \u2013 Oscar Rebollo (IGOP-UAB) 10:00 \u2013 11:30h Mesa 1: Investigando la innovaci\u00f3n social (modera: Marc [&hellip;]<\/p>\n","protected":false},"author":2,"featured_media":2818,"comment_status":"closed","ping_status":"closed","sticky":false,"template":"","format":"standard","meta":{"_et_pb_use_builder":"","_et_pb_old_content":"","_et_gb_content_width":"","footnotes":""},"categories":[219],"tags":[301,300],"class_list":["post-2813","post","type-post","status-publish","format-standard","has-post-thumbnail","hentry","category-actividades","tag-core-es","tag-innovacion-urbana","et-has-post-format-content","et_post_format-et-post-format-standard"],"_links":{"self":[{"href":"https:\/\/igop.uab.cat\/es\/wp-json\/wp\/v2\/posts\/2813","targetHints":{"allow":["GET"]}}],"collection":[{"href":"https:\/\/igop.uab.cat\/es\/wp-json\/wp\/v2\/posts"}],"about":[{"href":"https:\/\/igop.uab.cat\/es\/wp-json\/wp\/v2\/types\/post"}],"author":[{"embeddable":true,"href":"https:\/\/igop.uab.cat\/es\/wp-json\/wp\/v2\/users\/2"}],"replies":[{"embeddable":true,"href":"https:\/\/igop.uab.cat\/es\/wp-json\/wp\/v2\/comments?post=2813"}],"version-history":[{"count":7,"href":"https:\/\/igop.uab.cat\/es\/wp-json\/wp\/v2\/posts\/2813\/revisions"}],"predecessor-version":[{"id":2844,"href":"https:\/\/igop.uab.cat\/es\/wp-json\/wp\/v2\/posts\/2813\/revisions\/2844"}],"wp:featuredmedia":[{"embeddable":true,"href":"https:\/\/igop.uab.cat\/es\/wp-json\/wp\/v2\/media\/2818"}],"wp:attachment":[{"href":"https:\/\/igop.uab.cat\/es\/wp-json\/wp\/v2\/media?parent=2813"}],"wp:term":[{"taxonomy":"category","embeddable":true,"href":"https:\/\/igop.uab.cat\/es\/wp-json\/wp\/v2\/categories?post=2813"},{"taxonomy":"post_tag","embeddable":true,"href":"https:\/\/igop.uab.cat\/es\/wp-json\/wp\/v2\/tags?post=2813"}],"curies":[{"name":"wp","href":"https:\/\/api.w.org\/{rel}","templated":true}]}}