{"id":27718,"date":"2026-03-16T14:04:38","date_gmt":"2026-03-16T13:04:38","guid":{"rendered":"https:\/\/igop.uab.cat\/2026\/03\/16\/ricard-goma-premi-a-lexcel%c2%b7lencia-docent-2026\/"},"modified":"2026-03-16T14:11:39","modified_gmt":"2026-03-16T13:11:39","slug":"ricard-goma-premi-a-lexcel%c2%b7lencia-docent-2026","status":"publish","type":"post","link":"https:\/\/igop.uab.cat\/es\/2026\/03\/16\/ricard-goma-premi-a-lexcel%c2%b7lencia-docent-2026\/","title":{"rendered":"Ricard Gom\u00e0: Premio a la Excelencia Docente 2026"},"content":{"rendered":"<p><strong>El investigador IGOP y profesor Ricard Gom\u00e0 recibir\u00e1 el Premio a la Excelencia Docente de la Facultad de Ciencias Pol\u00edticas y de Sociolog\u00eda el pr\u00f3ximo 13 de junio, en el marco del acto de graduaci\u00f3n que se celebrar\u00e1 en el Hotel Campus. El galard\u00f3n, aprobado por unanimidad el pasado 28 de enero, reconoce su trayectoria y compromiso con la calidad docente. <\/strong><\/p>\n<p>Este galard\u00f3n tiene como objetivo reconocer la trayectoria profesional docente del profesorado, as\u00ed como su dedicaci\u00f3n e implicaci\u00f3n en la continua mejora de la calidad de la ense\u00f1anza. Tambi\u00e9n quiere poner en valor la funci\u00f3n docente de excelencia mediante reconocimiento p\u00fablico y estimular pr\u00e1cticas que promuevan una formaci\u00f3n rigurosa, innovadora y comprometida con el alumnado. <\/p>\n<p><a href=\"https:\/\/igop.uab.cat\/2023\/02\/03\/ricard-goma\/\">Ricard Gom\u00e0<\/a> es profesor de Ciencia Pol\u00edtica en la Universidad Aut\u00f3noma de Barcelona (UAB), donde ejerce como Profesor Titular desde 1993. Se doctor\u00f3 en Ciencia Pol\u00edtica y de la Administraci\u00f3n por la UAB en 1992. Desde 2016 es director del Instituto Metr\u00f3poli e investigador del Institut de Govern y Pol\u00edticas P\u00fablicas (IGOP-UAB)  <\/p>\n<p>El premio reconoce una trayectoria docente sostenida y un compromiso constante con la formaci\u00f3n universitaria. De forma continuada, ha sido muy bien valorado por los estudiantes en las encuestas docentes, lo que evidencia su impacto positivo en el aula y su capacidad para conectar con el alumnado. Por eso ha sido distinguido con el Premio a la Excelencia Docente de la Facultad de Ciencias Pol\u00edticas y de Sociolog\u00eda, un reconocimiento aprobado por unanimidad el pasado 28 de enero. Y recibir\u00e1 el premio el pr\u00f3ximo 13 de junio, en el marco del acto de graduaci\u00f3n que tendr\u00e1 lugar en el Hotel Campus a las 12h.   <\/p>\n<p>Con esta distinci\u00f3n, la Facultad destaca no s\u00f3lo su excelencia acad\u00e9mica, sino tambi\u00e9n su dedicaci\u00f3n e implicaci\u00f3n en la mejora de la docencia a lo largo de los a\u00f1os.<\/p>\n<p>Su investigaci\u00f3n se ha centrado especialmente en el an\u00e1lisis de pol\u00edticas p\u00fablicas, con una atenci\u00f3n destacada en los estados del bienestar y en las pol\u00edticas urbanas, as\u00ed como en el gobierno local y el municipalismo. Tambi\u00e9n ha desarrollado una l\u00ednea consolidada de estudio sobre innovaci\u00f3n democr\u00e1tica, acci\u00f3n colectiva y movimientos sociales, analizando las recientes transformaciones de la participaci\u00f3n ciudadana y los procesos de cambio social en contextos urbanos. <\/p>\n<p>Entre sus publicaciones m\u00e1s relevantes se encuentran Vidas en transici\u00f3n. (Re)construir la ciudadan\u00eda social (2021), con Gemma Ubasart; \u00bfVidas segregadas? Reconstruir fraternidad (2022), con Ismael Blanco; y Movimientos sociales y cambio de \u00e9poca. La acci\u00f3n colectiva en transici\u00f3n (Bellaterra Edicions, 2025), coordinado con P. Ibarra.   <\/p>\n<p>Con una s\u00f3lida trayectoria acad\u00e9mica y un amplio reconocimiento en el \u00e1mbito de las pol\u00edticas p\u00fablicas y el municipalismo, Ricard Gom\u00e0 es una figura de referencia en el estudio de la gobernanza urbana y las transformaciones democr\u00e1ticas contempor\u00e1neas.<\/p>\n","protected":false},"excerpt":{"rendered":"<p>El investigador IGOP y profesor Ricard Gom\u00e0 recibir\u00e1 el Premio a la Excelencia Docente de la Facultad de Ciencias Pol\u00edticas y de Sociolog\u00eda el pr\u00f3ximo 13 de junio, en el marco del acto de graduaci\u00f3n que se celebrar\u00e1 en el Hotel Campus. El galard\u00f3n, aprobado por unanimidad el pasado 28 de enero, reconoce su trayectoria [&hellip;]<\/p>\n","protected":false},"author":2,"featured_media":27714,"comment_status":"closed","ping_status":"closed","sticky":false,"template":"","format":"standard","meta":{"_et_pb_use_builder":"","_et_pb_old_content":"","_et_gb_content_width":"","footnotes":""},"categories":[245],"tags":[],"class_list":["post-27718","post","type-post","status-publish","format-standard","has-post-thumbnail","hentry","category-noticias","et-has-post-format-content","et_post_format-et-post-format-standard"],"_links":{"self":[{"href":"https:\/\/igop.uab.cat\/es\/wp-json\/wp\/v2\/posts\/27718","targetHints":{"allow":["GET"]}}],"collection":[{"href":"https:\/\/igop.uab.cat\/es\/wp-json\/wp\/v2\/posts"}],"about":[{"href":"https:\/\/igop.uab.cat\/es\/wp-json\/wp\/v2\/types\/post"}],"author":[{"embeddable":true,"href":"https:\/\/igop.uab.cat\/es\/wp-json\/wp\/v2\/users\/2"}],"replies":[{"embeddable":true,"href":"https:\/\/igop.uab.cat\/es\/wp-json\/wp\/v2\/comments?post=27718"}],"version-history":[{"count":1,"href":"https:\/\/igop.uab.cat\/es\/wp-json\/wp\/v2\/posts\/27718\/revisions"}],"predecessor-version":[{"id":27735,"href":"https:\/\/igop.uab.cat\/es\/wp-json\/wp\/v2\/posts\/27718\/revisions\/27735"}],"wp:featuredmedia":[{"embeddable":true,"href":"https:\/\/igop.uab.cat\/es\/wp-json\/wp\/v2\/media\/27714"}],"wp:attachment":[{"href":"https:\/\/igop.uab.cat\/es\/wp-json\/wp\/v2\/media?parent=27718"}],"wp:term":[{"taxonomy":"category","embeddable":true,"href":"https:\/\/igop.uab.cat\/es\/wp-json\/wp\/v2\/categories?post=27718"},{"taxonomy":"post_tag","embeddable":true,"href":"https:\/\/igop.uab.cat\/es\/wp-json\/wp\/v2\/tags?post=27718"}],"curies":[{"name":"wp","href":"https:\/\/api.w.org\/{rel}","templated":true}]}}