{"id":2689,"date":"2015-07-20T12:43:58","date_gmt":"2015-07-20T10:43:58","guid":{"rendered":"https:\/\/igop.uab.cat\/?p=2689"},"modified":"2015-07-24T10:24:28","modified_gmt":"2015-07-24T08:24:28","slug":"presentacion-editorial-ya-nada-sera-lo-mismo","status":"publish","type":"post","link":"https:\/\/igop.uab.cat\/es\/2015\/07\/20\/presentacion-editorial-ya-nada-sera-lo-mismo\/","title":{"rendered":"Presentaci\u00f3n editorial: Ya nada ser\u00e1 lo mismo"},"content":{"rendered":"<p>Martes 21 de julio, a las 17:30h en la sede del CCCB Aula 1 (Montalegre, 5. Barcelona).<br \/>\nAcceso libre, sin confirmaci\u00f3n previa.<\/p>\n<p><strong>Se presenta la publicaci\u00f3n<\/strong><strong> \u00abYA NADA SER\u00c1 LO MISMO. Los efectos del cambio tecnol\u00f3gico en la pol\u00edtica, los partidos y el activismo juvenil\u00bb<\/strong><\/p>\n<p><a href=\"https:\/\/igop.uab.cat\/wp-content\/uploads\/2015\/07\/Portada-Ya-nada-sera-lo-mismo-IGOPnet.png\"><img loading=\"lazy\" decoding=\"async\" class=\"alignnone size-full wp-image-2677\" src=\"https:\/\/igop.uab.cat\/wp-content\/uploads\/2015\/07\/Portada-Ya-nada-sera-lo-mismo-IGOPnet.png\" alt=\"Portada Ya nada sera lo mismo IGOPnet\" width=\"261\" height=\"354\" srcset=\"https:\/\/igop.uab.cat\/wp-content\/uploads\/2015\/07\/Portada-Ya-nada-sera-lo-mismo-IGOPnet.png 261w, https:\/\/igop.uab.cat\/wp-content\/uploads\/2015\/07\/Portada-Ya-nada-sera-lo-mismo-IGOPnet-221x300.png 221w\" sizes=\"(max-width: 261px) 100vw, 261px\" \/><\/a><\/p>\n<p>Descargar\u00a0<a href=\"https:\/\/igop.uab.cat\/wp-content\/uploads\/2015\/07\/ya-nada-sera-lo-mismo.pdf\">Ya Nada Sera Lo Mismo<\/a>\u00a0(pdf 5MB)<\/p>\n<p>La publicaci\u00f3n \u201c<em>Ya nada ser\u00e1 lo mismo: Los efectos del cambio tecnol\u00f3gico en la pol\u00edtica, los partidos y el activismo juvenil\u201c<\/em>&#8216; es el resultado de un proceso de investigaci\u00f3n del grupo IGOPnet (<a href=\"http:\/\/igopnet.cc\/\">http:\/\/igopnet.cc\/<\/a>) sobre las relaciones entre j\u00f3venes, Internet y pol\u00edtica.<\/p>\n<p>El estudio (financiado por el centro Reina Sofia de Adolescencia y Juventud, CRSAJ, <a href=\"http:\/\/adolescenciayjuventud.org\/\">http:\/\/adolescenciayjuventud.org\/<\/a>) se ha realizado a lo largo del 2014 y recoge los principales cambios en el sistema de partidos y las interacciones con Internet en el uso de las redes, los formatos organizativos y las pautes de acci\u00f3n.<\/p>\n<p>Su objetivo ha sido explorar hasta que punto la irrupci\u00f3n de Internet en la realidad cotidiana de los\/as j\u00f3venes y otros colectivos, en sus formas de relacionarse y actuar, ha generado otra manera de entender y hacer la pol\u00edtica. La pol\u00edtica entendida no como estricto espacio institucional, si no como espacio de debate y acci\u00f3n participada sobre problemas comunes.<\/p>\n<hr \/>\n<p>El acto tendr\u00e1 dos partes, y contar\u00e1 con la presencia conjunta de autores y de invitados\/as que comentaran las diferentes aportaciones presentes en la publicaci\u00f3n:<\/p>\n<p><strong>17:30-19:00h \u00c9s la nova pol\u00edtica un tema dels \u00abjoves\u00bb?<\/strong><\/p>\n<ul>\n<li>Modera: <strong>Joan Subirats<\/strong> (IGOPNet)<\/li>\n<li>Participan: <strong>Janet Sanz<\/strong> (regidora Nou Barris Ajuntament de Barcelona), <strong>Albert Claret<\/strong> (presidente del Consell de la Joventut de Barcelona), <strong>Jordi Mu\u00f1oz<\/strong> (investigador Ramon y Cajal UB), <strong>Jaron Rowan<\/strong> (BAU &#8211; Investigador en Objetolog\u00edas\/CREDITS).<\/li>\n<\/ul>\n<p>19: 00-19:30h Pausa<\/p>\n<p><strong>19:30-21:00h. Quin \u00e9s el paper d\u2019Internet en noves formacions pol\u00edtiques?<\/strong><\/p>\n<ul>\n<li>Modera: <strong>Rub\u00e9n Mart\u00ednez<\/strong> (IGOPNet)<\/li>\n<li>Participan: <strong>Arnau Monterde<\/strong> (Universitat Oberta de Catalunya), <strong>Gala Pin<\/strong> (regidora de Ciutat Vella), <strong>N\u00faria Alabao<\/strong> (Dra. i miembro de la Hidra Cooperativa), <strong>Jorge Luis Salcedo <\/strong>(Dr. UAB y miembro IGOP), <strong>Marco Berlinguer<\/strong> (Investigador IGOPnet).<\/li>\n<\/ul>\n<hr \/>\n<p>Descargar\u00a0<a href=\"https:\/\/igop.uab.cat\/wp-content\/uploads\/2015\/07\/ya-nada-sera-lo-mismo.pdf\">Ya Nada Sera Lo Mismo<\/a>\u00a0(pdf 5MB)<\/p>\n<p>&nbsp;<\/p>\n","protected":false},"excerpt":{"rendered":"<p>Martes 21 de julio, a las 17:30h en la sede del CCCB Aula 1 (Montalegre, 5. Barcelona). Acceso libre, sin confirmaci\u00f3n previa. Se presenta la publicaci\u00f3n \u00abYA NADA SER\u00c1 LO MISMO. Los efectos del cambio tecnol\u00f3gico en la pol\u00edtica, los partidos y el activismo juvenil\u00bb Descargar\u00a0Ya Nada Sera Lo Mismo\u00a0(pdf 5MB) La publicaci\u00f3n \u201cYa nada [&hellip;]<\/p>\n","protected":false},"author":2,"featured_media":2687,"comment_status":"closed","ping_status":"closed","sticky":false,"template":"","format":"standard","meta":{"_et_pb_use_builder":"","_et_pb_old_content":"","_et_gb_content_width":"","footnotes":""},"categories":[219],"tags":[],"class_list":["post-2689","post","type-post","status-publish","format-standard","has-post-thumbnail","hentry","category-actividades","et-has-post-format-content","et_post_format-et-post-format-standard"],"_links":{"self":[{"href":"https:\/\/igop.uab.cat\/es\/wp-json\/wp\/v2\/posts\/2689","targetHints":{"allow":["GET"]}}],"collection":[{"href":"https:\/\/igop.uab.cat\/es\/wp-json\/wp\/v2\/posts"}],"about":[{"href":"https:\/\/igop.uab.cat\/es\/wp-json\/wp\/v2\/types\/post"}],"author":[{"embeddable":true,"href":"https:\/\/igop.uab.cat\/es\/wp-json\/wp\/v2\/users\/2"}],"replies":[{"embeddable":true,"href":"https:\/\/igop.uab.cat\/es\/wp-json\/wp\/v2\/comments?post=2689"}],"version-history":[{"count":2,"href":"https:\/\/igop.uab.cat\/es\/wp-json\/wp\/v2\/posts\/2689\/revisions"}],"predecessor-version":[{"id":2700,"href":"https:\/\/igop.uab.cat\/es\/wp-json\/wp\/v2\/posts\/2689\/revisions\/2700"}],"wp:featuredmedia":[{"embeddable":true,"href":"https:\/\/igop.uab.cat\/es\/wp-json\/wp\/v2\/media\/2687"}],"wp:attachment":[{"href":"https:\/\/igop.uab.cat\/es\/wp-json\/wp\/v2\/media?parent=2689"}],"wp:term":[{"taxonomy":"category","embeddable":true,"href":"https:\/\/igop.uab.cat\/es\/wp-json\/wp\/v2\/categories?post=2689"},{"taxonomy":"post_tag","embeddable":true,"href":"https:\/\/igop.uab.cat\/es\/wp-json\/wp\/v2\/tags?post=2689"}],"curies":[{"name":"wp","href":"https:\/\/api.w.org\/{rel}","templated":true}]}}