{"id":26611,"date":"2026-01-07T14:14:41","date_gmt":"2026-01-07T13:14:41","guid":{"rendered":"https:\/\/igop.uab.cat\/2026\/01\/07\/lorenzo-vidal\/"},"modified":"2026-02-02T10:23:30","modified_gmt":"2026-02-02T09:23:30","slug":"lorenzo-vidal","status":"publish","type":"post","link":"https:\/\/igop.uab.cat\/es\/2026\/01\/07\/lorenzo-vidal\/","title":{"rendered":"Lorenzo Vidal"},"content":{"rendered":"<p>[et_pb_section fb_built=\u00bb1&#8243; _builder_version=\u00bb4.16&#8243; global_colors_info=\u00bb{}\u00bb][et_pb_row _builder_version=\u00bb4.16&#8243; background_size=\u00bbinitial\u00bb background_position=\u00bbtop_left\u00bb background_repeat=\u00bbrepeat\u00bb global_colors_info=\u00bb{}\u00bb][et_pb_column type=\u00bb4_4&#8243; _builder_version=\u00bb4.16&#8243; custom_padding=\u00bb|||\u00bb global_colors_info=\u00bb{}\u00bb custom_padding__hover=\u00bb|||\u00bb][et_pb_text _builder_version=\u00bb4.24.3&#8243; link_text_color=\u00bb#0C71C3&#8243; background_size=\u00bbinitial\u00bb background_position=\u00bbtop_left\u00bb background_repeat=\u00bbrepeat\u00bb hover_enabled=\u00bb0&#8243; global_colors_info=\u00bb{}\u00bb sticky_enabled=\u00bb0&#8243;]<\/p>\n<p><strong><img loading=\"lazy\" decoding=\"async\" class=\"alignleft wp-image-26603 size-thumbnail\" src=\"https:\/\/igop.uab.cat\/wp-content\/uploads\/2026\/01\/Lorenzo-Vidal-2026-1-150x150.jpg\" alt=\"Lorenzo Vidal IGOP 2026\" width=\"150\" height=\"150\" srcset=\"https:\/\/igop.uab.cat\/wp-content\/uploads\/2026\/01\/Lorenzo-Vidal-2026-1-150x150.jpg 150w, https:\/\/igop.uab.cat\/wp-content\/uploads\/2026\/01\/Lorenzo-Vidal-2026-1-300x300.jpg 300w, https:\/\/igop.uab.cat\/wp-content\/uploads\/2026\/01\/Lorenzo-Vidal-2026-1-440x440.jpg 440w, https:\/\/igop.uab.cat\/wp-content\/uploads\/2026\/01\/Lorenzo-Vidal-2026-1.jpg 450w\" sizes=\"(max-width: 150px) 100vw, 150px\" \/>Lorenzo Vidal<\/strong> es investigador en econom\u00eda pol\u00edtica y pol\u00edticas p\u00fablicas, especializado en cuestiones urban\u00edsticas y de vivienda. Es doctor en Pol\u00edtica, Pol\u00edticas y Relaciones Internacionales por la Universidad Aut\u00f3noma de Barcelona (UAB), Departamento de Ciencias Pol\u00edticas y Derecho P\u00fablico, donde ha regresado como becario Ram\u00f3n y Cajal. Entre sus puestos anteriores se incluyen una beca Mar\u00eda Zambrano en el Departamento de Sociolog\u00eda III de la Universidad Nacional de Educaci\u00f3n a Distancia (UNED), una beca individual Marie Sk\u0142odowska-Curie en el Instituto de Investigaci\u00f3n Urbana y de la Vivienda de la Universidad de Uppsala (Suecia) y puestos de investigaci\u00f3n y gesti\u00f3n de proyectos en el CIDOB-Centro de Estudios y Documentaci\u00f3n Internacionales de Barcelona, entre otros. Su trabajo abarca tanto la investigaci\u00f3n b\u00e1sica como la aplicada sobre los reg\u00edmenes de vivienda y bienestar, las estructuras y relaciones de propiedad, y las pr\u00e1cticas y pol\u00edticas socioecon\u00f3micas alternativas.   <\/p>\n<p>&nbsp;<\/p>\n<h3>CONTACTO<\/h3>\n<p><strong>Email:<\/strong> lorenzo.vidalfolch@uab.cat<br \/><strong>Twitter:<\/strong> <a href=\"https:\/\/twitter.com\/buenaventura_v\" target=\"_blank\" rel=\"noopener\">https:\/\/twitter.com\/buenaventura_v<\/a><br \/><strong>Web:<\/strong> <a href=\"https:\/\/uab.academia.edu\/LorenzoVidal\" target=\"_blank\" rel=\"noopener\">Academia Edu Lorenzo Vidal<\/a><br \/><strong>Portal investigaci\u00f3n UAB:<\/strong> <a href=\"https:\/\/portalrecerca.uab.cat\/ca\/persons\/lorenzo-vidal-folch-duch\/\" target=\"_blank\" rel=\"noopener\">https:\/\/portalrecerca.uab.cat\/ca\/persons\/lorenzo-vidal-folch-duch\/<\/a><br \/><strong>ORCID:<\/strong> <a href=\"https:\/\/orcid.org\/0000-0002-3121-8649\" target=\"_blank\" rel=\"noopener\">https:\/\/orcid.org\/0000-0002-3121-8649<\/a><br \/><strong>Google Scholar:<\/strong> <a href=\"https:\/\/scholar.google.com\/citations?user=NaZCMLYAAAAJ&amp;hl=es\" target=\"_blank\" rel=\"noopener\">Lorenzo Vidal<\/a>.<br \/>ResearchGate Citations: &#8211;<\/p>\n<p>&nbsp;<\/p>\n<h3>\u00c1REAS DE INTER\u00c9S<\/h3>\n<p>Econom\u00eda pol\u00edtica urbana y ecolog\u00eda pol\u00edtica, pol\u00edticas y pol\u00edticas de vivienda, transiciones socioambientales, planificaci\u00f3n democr\u00e1tica.<\/p>\n<p>&nbsp;<\/p>\n<h3>PROYECTOS RELEVANTES<\/h3>\n<ul>\n<li>On Demand City: Platform capitalism, digital workers and the technification of everyday life in the contemporary city. Funding Body: Ministry of Science and Innovation (Spain). Project of Knowledge Production 2021. Reference: PID2021-122482OB-I0. Dates: 01\/09\/2022-01\/09\/2025. Principal Investigator: Jorge Sequera. Role: member of the working team.      <\/li>\n<li>02A \u2013 From ownership to access: digital and policy tools for building post-homeownership futures. Funding body: European Commission. Marie Sk\u0142odowska-Curie Actions. H2020-MSCA-IF-2020. Grant agreement number: 101026179. Dates: 15\/08\/2020-01\/04\/2023. Role: Principal investigator.      <\/li>\n<li>The intersectional and sustainable impacts of housing movements: the Spanish case. Funding body: FORMAS (Swedish Program for Sustainable Spatial Planning). Reference: 2019-00349. Principal Investigator: Miguel A. Mart\u00ednez. Role: member of the research team.    <\/li>\n<\/ul>\n<p>&nbsp;<\/p>\n<h3>3 PUBLICACIONES DESTACADAS<\/h3>\n<ol>\n<li>Vidal, L &amp; Garc\u00eda-Duch, M (2024) The limits to working-class property ownership: the case of Spain\u2019s \u201csociety of owners\u201d. <em>Economy &amp; Society<\/em>, 53 (4): 675-700. DOI: <a href=\"https:\/\/doi.org\/10.1080\/03085147.2024.2414586\" target=\"_blank\" rel=\"noopener\">10.1080\/03085147.2024.2414586<\/a>. <\/li>\n<li>Vidal, L., Gil, J., &amp; Mart\u00ednez, M. (2024). Accommodating \u00abGeneration Rent\u00bb. Unsettling dominant discourses on rental housing reform in Catalonia and Spain. <em>Urban Studies<\/em>, 61 (11): 2060-2079. DOI:<a href=\"https:\/\/doi.org\/10.1177\/00420980241228438\" target=\"_blank\" rel=\"noopener\">10.1177\/00420980241228438<\/a>.   <\/li>\n<li>Ferreri, M &amp; Vidal, L (2022) Public-cooperative policy mechanisms for housing commons. <em>International Journal of Housing Policy<\/em>, 22(2): 149-173. DOI: <a href=\"https:\/\/doi.org\/10.1080\/19491247.2021.1877888\" target=\"_blank\" rel=\"noopener\">10.1080\/19491247.2021.1877888<\/a>. <\/li>\n<\/ol>\n<p>&nbsp;<\/p>\n<p>[\/et_pb_text][\/et_pb_column][\/et_pb_row][\/et_pb_section]<\/p>\n","protected":false},"excerpt":{"rendered":"<p>Lorenzo Vidal es investigador en econom\u00eda pol\u00edtica y pol\u00edticas p\u00fablicas, especializado en cuestiones urban\u00edsticas y de vivienda. Es doctor en Pol\u00edtica, Pol\u00edticas y Relaciones Internacionales por la Universidad Aut\u00f3noma de Barcelona (UAB), Departamento de Ciencias Pol\u00edticas y Derecho P\u00fablico, donde ha regresado como becario Ram\u00f3n y Cajal. Entre sus puestos anteriores se incluyen una beca [&hellip;]<\/p>\n","protected":false},"author":2,"featured_media":0,"comment_status":"closed","ping_status":"closed","sticky":false,"template":"","format":"standard","meta":{"_et_pb_use_builder":"on","_et_pb_old_content":"","_et_gb_content_width":"","footnotes":""},"categories":[629],"tags":[],"class_list":["post-26611","post","type-post","status-publish","format-standard","hentry","category-directorio","et-doesnt-have-format-content","et_post_format-et-post-format-standard"],"_links":{"self":[{"href":"https:\/\/igop.uab.cat\/es\/wp-json\/wp\/v2\/posts\/26611","targetHints":{"allow":["GET"]}}],"collection":[{"href":"https:\/\/igop.uab.cat\/es\/wp-json\/wp\/v2\/posts"}],"about":[{"href":"https:\/\/igop.uab.cat\/es\/wp-json\/wp\/v2\/types\/post"}],"author":[{"embeddable":true,"href":"https:\/\/igop.uab.cat\/es\/wp-json\/wp\/v2\/users\/2"}],"replies":[{"embeddable":true,"href":"https:\/\/igop.uab.cat\/es\/wp-json\/wp\/v2\/comments?post=26611"}],"version-history":[{"count":10,"href":"https:\/\/igop.uab.cat\/es\/wp-json\/wp\/v2\/posts\/26611\/revisions"}],"predecessor-version":[{"id":26902,"href":"https:\/\/igop.uab.cat\/es\/wp-json\/wp\/v2\/posts\/26611\/revisions\/26902"}],"wp:attachment":[{"href":"https:\/\/igop.uab.cat\/es\/wp-json\/wp\/v2\/media?parent=26611"}],"wp:term":[{"taxonomy":"category","embeddable":true,"href":"https:\/\/igop.uab.cat\/es\/wp-json\/wp\/v2\/categories?post=26611"},{"taxonomy":"post_tag","embeddable":true,"href":"https:\/\/igop.uab.cat\/es\/wp-json\/wp\/v2\/tags?post=26611"}],"curies":[{"name":"wp","href":"https:\/\/api.w.org\/{rel}","templated":true}]}}