{"id":26577,"date":"2025-12-18T11:57:32","date_gmt":"2025-12-18T10:57:32","guid":{"rendered":"https:\/\/igop.uab.cat\/2025\/12\/18\/buscamos-tecnico-superior-para-el-proyecto-adis\/"},"modified":"2025-12-18T13:01:03","modified_gmt":"2025-12-18T12:01:03","slug":"buscamos-tecnico-superior-para-el-proyecto-adis","status":"publish","type":"post","link":"https:\/\/igop.uab.cat\/es\/2025\/12\/18\/buscamos-tecnico-superior-para-el-proyecto-adis\/","title":{"rendered":"Buscamos t\u00e9cnico SIG para el proyecto ADIS"},"content":{"rendered":"<p>[et_pb_section fb_built=\u00bb1&#8243; _builder_version=\u00bb4.24.3&#8243; _module_preset=\u00bbdefault\u00bb global_colors_info=\u00bb{}\u00bb][et_pb_row column_structure=\u00bb3_4,1_4&#8243; _builder_version=\u00bb4.24.3&#8243; _module_preset=\u00bbdefault\u00bb global_colors_info=\u00bb{}\u00bb][et_pb_column type=\u00bb3_4&#8243; _builder_version=\u00bb4.24.3&#8243; _module_preset=\u00bbdefault\u00bb global_colors_info=\u00bb{}\u00bb][et_pb_text _builder_version=\u00bb4.24.3&#8243; _module_preset=\u00bbdefault\u00bb link_text_color=\u00bb#0C71C3&#8243; global_colors_info=\u00bb{}\u00bb]<\/p>\n<p><strong>Concurso para la contrataci\u00f3n de un T\u00e9cnico\/a SIG de Apoyo a la investigaci\u00f3n con destinaci\u00f3n al Institut de Govern i Pol\u00edtiques P\u00fabliques de la UAB en el marco del proyecto ADIS (Adaptaci\u00f3n al Cambio Clim\u00e1tico en Barrios Desfavorecidos)<\/strong><\/p>\n<p>Convocatoria abierta del 18 al 27 de diciembre.<\/p>\n<p>&nbsp;<\/p>\n<p>El <a href=\"https:\/\/igop.uab.cat\/wp-content\/uploads\/2025\/11\/2025_Fitxa-Projecte-ADIS_CAT.pdf\">proyecto ADIS<\/a>, liderado por el investigador Marc Par\u00e9s, propone investigar la relaci\u00f3n entre la segregaci\u00f3n socioespacial urbana y la adaptaci\u00f3n al cambio clim\u00e1tico en grandes areas metropolitanas. Pone un \u00e9nfasis especial en las respuestas socialmente innovadoras que emergen en los barrios m\u00e1s vulnerables.<\/p>\n<p>El estudio se centra en dos principales riesgos clim\u00e1ticos en la Pen\u00ednsula Ib\u00e9rica: las oleadas de calor y las inundaciones. El \u00e1mbito de an\u00e1lisis territorial son las cuatro principales \u00e1reas metropolitanas de Espa\u00f1a: Barcelona, \u200b\u200bMadrid, Valencia y Sevilla. Colectivamente, estas \u00e1reas representan a 11,9 millones de personas, el 25% de la poblaci\u00f3n espa\u00f1ola.  <\/p>\n<p><strong>Perfil solicitado<\/strong><\/p>\n<p>T\u00e9cnico\/a de soporte a la investigaci\u00f3n con conocimientos en Sistemas de Informaci\u00f3n Geogr\u00e1fica y An\u00e1lisis Estad\u00edstica. Una persona con autonom\u00eda propia, iniciativa y capacidad de trabajo en equipo. <\/p>\n<p>Con estudios universitarios, Grado universitario o M\u00e1ster oficial. Se valorar\u00e1 Grado en Geograf\u00eda, Ciencias Ambientales, Ciencia Pol\u00edtica, Sociolog\u00eda o similar y disponer de Estudios especializados en Geoinformaci\u00f3n. <\/p>\n<p><strong>Funciones<\/strong><\/p>\n<ul>\n<li>Delimitaci\u00f3n cartogr\u00e1fica de barrios en las \u00e1reas metropolitanas de Valencia, Sevilla y Madrid.<\/li>\n<li>C\u00e1lculo de indicadores de vulnerabilidad urbana y asignaci\u00f3n a los barrios de las 4 \u00e1reas metropolitanas mediante SIG.<\/li>\n<li>Obtenci\u00f3n y\/o producci\u00f3n cartogr\u00e1fica sobre riesgos ambientales (inundabilidad y altas temperaturas) y asignaci\u00f3n de valores en los barrios de las 4 \u00e1reas metropolitanas mediante SIG.<\/li>\n<li>An\u00e1lisis estad\u00edstico cruzando los resultados de una encuesta a la ciudadan\u00eda con los indicadores de vulnerabilidad urbana de exposici\u00f3n al riesgo a nivel de barrios.<\/li>\n<li>Producci\u00f3n de mapas de resultados y soporte en la elaboraci\u00f3n de publicaciones.<\/li>\n<\/ul>\n<p><strong>Ofrecemos<\/strong><\/p>\n<p>Contrato como t\u00e9cnico superior con dedicaci\u00f3n de 25 horas a la semana con vigencia hasta el 04\/09\/2026.<\/p>\n<p>[\/et_pb_text][\/et_pb_column][et_pb_column type=\u00bb1_4&#8243; _builder_version=\u00bb4.24.3&#8243; _module_preset=\u00bbdefault\u00bb global_colors_info=\u00bb{}\u00bb][et_pb_text _builder_version=\u00bb4.24.3&#8243; _module_preset=\u00bbdefault\u00bb link_text_color=\u00bb#0C71C3&#8243; background_color=\u00bb#D6D6D6&#8243; custom_padding=\u00bb15px|15px|15px|15px|true|true\u00bb global_colors_info=\u00bb{}\u00bb]<\/p>\n<p>Convocatoria abierta <strong>del 18 al 27 de diciembre<\/strong> de 2025.<\/p>\n<p><strong>Ficha <a href=\"https:\/\/igop.uab.cat\/wp-content\/uploads\/2025\/11\/2025_Fitxa-Projecte-ADIS_CAT.pdf\">proyecto ADIS<\/a><\/strong><\/p>\n<p><strong><a href=\"https:\/\/igop.uab.cat\/wp-content\/uploads\/2025\/12\/edicte-recercador-x-ADIS.pdf\" target=\"_blank\" rel=\"noopener\">Convocatoria (pdf)<\/a><\/strong><\/p>\n<p><strong><a href=\"https:\/\/seleccio.uab.cat\/\" target=\"_blank\" rel=\"noopener\">Presentar solicitud<\/a><\/strong><\/p>\n<p>[\/et_pb_text][\/et_pb_column][\/et_pb_row][\/et_pb_section]<\/p>\n","protected":false},"excerpt":{"rendered":"<p>Concurso para la contrataci\u00f3n de un T\u00e9cnico\/a SIG de Apoyo a la investigaci\u00f3n con destinaci\u00f3n al Institut de Govern i Pol\u00edtiques P\u00fabliques de la UAB en el marco del proyecto ADIS (Adaptaci\u00f3n al Cambio Clim\u00e1tico en Barrios Desfavorecidos) Convocatoria abierta del 18 al 27 de diciembre. &nbsp; El proyecto ADIS, liderado por el investigador Marc [&hellip;]<\/p>\n","protected":false},"author":2,"featured_media":26587,"comment_status":"closed","ping_status":"closed","sticky":false,"template":"","format":"standard","meta":{"_et_pb_use_builder":"on","_et_pb_old_content":"","_et_gb_content_width":"","footnotes":""},"categories":[245],"tags":[],"class_list":["post-26577","post","type-post","status-publish","format-standard","has-post-thumbnail","hentry","category-noticias","et-has-post-format-content","et_post_format-et-post-format-standard"],"_links":{"self":[{"href":"https:\/\/igop.uab.cat\/es\/wp-json\/wp\/v2\/posts\/26577","targetHints":{"allow":["GET"]}}],"collection":[{"href":"https:\/\/igop.uab.cat\/es\/wp-json\/wp\/v2\/posts"}],"about":[{"href":"https:\/\/igop.uab.cat\/es\/wp-json\/wp\/v2\/types\/post"}],"author":[{"embeddable":true,"href":"https:\/\/igop.uab.cat\/es\/wp-json\/wp\/v2\/users\/2"}],"replies":[{"embeddable":true,"href":"https:\/\/igop.uab.cat\/es\/wp-json\/wp\/v2\/comments?post=26577"}],"version-history":[{"count":12,"href":"https:\/\/igop.uab.cat\/es\/wp-json\/wp\/v2\/posts\/26577\/revisions"}],"predecessor-version":[{"id":26595,"href":"https:\/\/igop.uab.cat\/es\/wp-json\/wp\/v2\/posts\/26577\/revisions\/26595"}],"wp:featuredmedia":[{"embeddable":true,"href":"https:\/\/igop.uab.cat\/es\/wp-json\/wp\/v2\/media\/26587"}],"wp:attachment":[{"href":"https:\/\/igop.uab.cat\/es\/wp-json\/wp\/v2\/media?parent=26577"}],"wp:term":[{"taxonomy":"category","embeddable":true,"href":"https:\/\/igop.uab.cat\/es\/wp-json\/wp\/v2\/categories?post=26577"},{"taxonomy":"post_tag","embeddable":true,"href":"https:\/\/igop.uab.cat\/es\/wp-json\/wp\/v2\/tags?post=26577"}],"curies":[{"name":"wp","href":"https:\/\/api.w.org\/{rel}","templated":true}]}}