{"id":2594,"date":"2015-06-09T22:22:42","date_gmt":"2015-06-09T20:22:42","guid":{"rendered":"https:\/\/igop.uab.cat\/?p=2594"},"modified":"2015-07-06T09:36:51","modified_gmt":"2015-07-06T07:36:51","slug":"municipalismo-iv-escuela-de-verano","status":"publish","type":"post","link":"https:\/\/igop.uab.cat\/es\/2015\/06\/09\/municipalismo-iv-escuela-de-verano\/","title":{"rendered":"Municipalismo IV escuela de verano"},"content":{"rendered":"<p><strong>Programa:<\/strong><a title=\"Programa escola estiu igop\" href=\"https:\/\/gallery.mailchimp.com\/088fc47ad8d25b752311c0bf7\/files\/Programa_4a_escola_estiu_igop_2015.pdf\" target=\"_blank\">\u00a0<span style=\"color: #333333;\">\u00a0<\/span><\/a><a title=\"4a escuela verano IGOP\" href=\"https:\/\/igop.uab.cat\/wp-content\/uploads\/2015\/06\/4a-Escola-Estiu-IGOP-2015-MUNICIPALISME-28-06-15.pdf\" target=\"_blank\">4a escuela de verano<\/a><a title=\"Programa escola estiu igop\" href=\"https:\/\/gallery.mailchimp.com\/088fc47ad8d25b752311c0bf7\/files\/Programa_4a_escola_estiu_igop_2015.pdf\" target=\"_blank\"><span style=\"color: #333333;\">\u00a0<\/span><\/a>(actualitzado a 28\/06\/2015) \u00a0 | \u00a0\u00a0<strong>Debates propuestos:\u00a0<\/strong><a title=\"Preprograma escola estiu igop 2015\" href=\"https:\/\/igop.uab.cat\/wp-content\/uploads\/2015\/05\/Preprograma-Escola-Estiu-IGOP-2015.pdf\" target=\"_blank\">debates y tem\u00e1ticas que proponemos<\/a><br \/>\n| \u00a0 <strong>HT:<\/strong> #municipalisme \u00a0 \u00a0#9municipalisme<\/p>\n<hr \/>\n<p><span id=\"result_box\" lang=\"es\" tabindex=\"-1\"><span title=\"Data l\u00edmit inscripcions: 23 de Juny | Inscripcions en aquest enlla\u00e7: http:\/\/bit.ly\/4a_Escola_Estiu_IGOP&lt;\/p&gt;&lt;br \/&gt;&lt;br \/&gt;&lt;br \/&gt;&lt;br \/&gt;&lt;br \/&gt; &lt;p&gt;\"><br \/>\n<\/span><span title=\"Ja han passat les eleccions municipals.\">Ya han pasado las elecciones municipales. <\/span><span title=\"No les valorarem aqu\u00ed, per\u00f2 s\u00ed que pensem que l'aposta per dedicar la IV escola d'estiu de l'IGOP a debatre sobre el futur dels municipis, no perd ni molt menys rellev\u00e0ncia.&lt;\/p&gt;&lt;br \/&gt;&lt;br \/&gt;&lt;br \/&gt;&lt;br \/&gt;&lt;br \/&gt; &lt;p&gt;\">No las valoraremos aqu\u00ed, pero s\u00ed pensamos que la apuesta por dedicar IV escuela de verano del IGOP a debatir sobre el futuro de los municipios, no pierde ni mucho menos relevancia.<\/span><\/span><\/p>\n<p><span title=\"Us presentem els debats que proposem per aquest dies (29 de juny al 3 de juliol).\">Os presentamos los <a title=\"Debates 4a escuela de verano IGOP\" href=\"https:\/\/igop.uab.cat\/wp-content\/uploads\/2015\/05\/Preprograma-Escola-Estiu-IGOP-2015.pdf\" target=\"_blank\">debates que proponemos<\/a> para estos d\u00edas (29 de junio al 3 de julio). Estais todos\/todas<\/span><span title=\"En breu tindreu els noms dels ponents d'enguany, els que surten al programa, per\u00f2 a participar del debat sobre el nou municipalisme esteu totes i tots convocats.&lt;\/p&gt;&lt;br \/&gt;&lt;br \/&gt;&lt;br \/&gt;&lt;br \/&gt;&lt;br \/&gt; &lt;p&gt;\">\u00a0a participar del debate sobre el nuevo municipalismo.<\/span><\/p>\n<p><span title=\"Com ja ha passat en edicions anteriors, en agrada la idea d'una escola d'estiu itinerant, que es mou pel territori buscant experi\u00e8ncies i persones de les que sempre es pot aprendre molt.\">Como ya ha ocurrido en ediciones anteriores, nos gusta la idea de una escuela de verano itinerante, que se mueve por el territorio buscando experiencias y personas de las que siempre se puede aprender mucho. <\/span><span title=\"Per aquesta IV Escola d'estiu IGOP2015, ja us podem anunciar que els debats de dilluns, dimarts i dimecres els farem al CEIP Mestre Morera, del barri de la Ciutat Meridiana.&lt;\/p&gt;&lt;br \/&gt;&lt;br \/&gt;&lt;br \/&gt;&lt;br \/&gt;&lt;br \/&gt; &lt;p&gt;\">Para esta IV Escuela de verano IGOP2015, ya os podemos anunciar que los debates del lunes, martes y mi\u00e9rcoles los haremos el CEIP Mestre Morera, del barrio de la Ciudad Meridiana.<\/span><\/p>\n<p>&nbsp;<\/p>\n<p><span id=\"result_box\" lang=\"es\" tabindex=\"-1\"><span title=\"Dilluns 29 de juny: Cap a un nou municipalisme?&lt;\/p&gt;&lt;br \/&gt;&lt;br \/&gt;&lt;br \/&gt;&lt;br \/&gt;&lt;br \/&gt; &lt;p&gt;\u00a0\u00a0\u00a0\u00a0\"><strong>Lunes 29 de junio: Hacia un nuevo municipalismo?<\/strong><br \/>\n<\/span><\/span><\/p>\n<ul>\n<li><span id=\"result_box\" lang=\"es\" tabindex=\"-1\"><span title=\"Dilluns 29 de juny: Cap a un nou municipalisme?&lt;br \/&gt;&lt;br \/&gt;&lt;br \/&gt;&lt;br \/&gt;&lt;br \/&gt; &lt;p&gt;\u00a0\u00a0\u00a0\u00a0\">\u00a0\u00a0\u00a0\u00a0<\/span><span title=\"L'estat de la q\u00fcesti\u00f3: els nostres municipis i els nostres ajuntaments&lt;br \/&gt;&lt;br \/&gt;&lt;br \/&gt;&lt;br \/&gt;&lt;br \/&gt;&lt;br \/&gt; \u00a0\u00a0\u00a0\u00a0\">El estado de la cuesti\u00f3n: nuestros municipios y nuestros ayuntamientos.<\/span><\/span><\/li>\n<li><span id=\"result_box\" lang=\"es\" tabindex=\"-1\"><span title=\"L'estat de la q\u00fcesti\u00f3: els nostres municipis i els nostres ajuntaments&lt;br \/&gt;&lt;br \/&gt;&lt;br \/&gt;&lt;br \/&gt;&lt;br \/&gt;&lt;br \/&gt; \u00a0\u00a0\u00a0\u00a0\">\u00a0\u00a0\u00a0\u00a0<\/span><span title=\"Nou municipalisme?&lt;br \/&gt;&lt;br \/&gt;&lt;br \/&gt;&lt;br \/&gt;&lt;br \/&gt;&lt;br \/&gt; \u00a0\u00a0\u00a0\u00a0\">Nuevo municipalismo?<\/span><\/span><\/li>\n<li><span id=\"result_box\" lang=\"es\" tabindex=\"-1\"><span title=\"Nou municipalisme?&lt;br \/&gt;&lt;br \/&gt;&lt;br \/&gt;&lt;br \/&gt;&lt;br \/&gt;&lt;br \/&gt; \u00a0\u00a0\u00a0\u00a0\">\u00a0\u00a0\u00a0\u00a0<\/span><span title=\"El paper dels municipis en la construcci\u00f3 d'un nou estat&lt;br \/&gt;&lt;br \/&gt;&lt;br \/&gt;&lt;br \/&gt;&lt;br \/&gt;&lt;br \/&gt; \u00a0\u00a0\u00a0\u00a0\">El papel de los municipios en la construcci\u00f3n de un nuevo estado.<\/span><\/span><\/li>\n<li><span id=\"result_box\" lang=\"es\" tabindex=\"-1\"><span title=\"El paper dels municipis en la construcci\u00f3 d'un nou estat&lt;br \/&gt;&lt;br \/&gt;&lt;br \/&gt;&lt;br \/&gt;&lt;br \/&gt;&lt;br \/&gt; \u00a0\u00a0\u00a0\u00a0\">\u00a0\u00a0\u00a0\u00a0<\/span><span title=\"Repolititzaci\u00f3 municipal davant la crisis&lt;br \/&gt;&lt;br \/&gt;&lt;br \/&gt;&lt;br \/&gt;&lt;br \/&gt;&lt;br \/&gt; \u00a0\u00a0\u00a0\u00a0\">Repolitizaci\u00f3n municipal ante la crisis.<\/span><\/span><\/li>\n<li><span id=\"result_box\" lang=\"es\" tabindex=\"-1\"><span title=\"Repolititzaci\u00f3 municipal davant la crisis&lt;br \/&gt;&lt;br \/&gt;&lt;br \/&gt;&lt;br \/&gt;&lt;br \/&gt;&lt;br \/&gt; \u00a0\u00a0\u00a0\u00a0\">\u00a0\u00a0\u00a0\u00a0<\/span><span title=\"La gesti\u00f3 municipal enfocada al client-ciutad\u00e0: nous escenaris?&lt;\/p&gt;&lt;br \/&gt;&lt;br \/&gt;&lt;br \/&gt;&lt;br \/&gt;&lt;br \/&gt; &lt;p&gt;\">La gesti\u00f3n municipal enfocada al cliente-ciudadano: nuevos escenarios?<\/span><\/span><\/li>\n<\/ul>\n<p>&nbsp;<\/p>\n<p>1a parte sesi\u00f3n (Quim Brugu\u00e9)<\/p>\n<p><iframe loading=\"lazy\" src=\"http:\/\/embed.bambuser.com\/broadcast\/5625423\" width=\"460\" height=\"345\" frameborder=\"0\">Your browser does not support iframes.<\/iframe><\/p>\n<p>2a parte sesi\u00f3n<br \/>\nCon N\u00faria Parlon (PSC), Montse Ventur\u00f3s (CUP) y Gala Pin (BCN en Com\u00fa)<br \/>\nModera: Sergio Picazo (Cr\u00edtic)<\/p>\n<p><iframe loading=\"lazy\" src=\"http:\/\/embed.bambuser.com\/broadcast\/5625695\" width=\"460\" height=\"345\" frameborder=\"0\">Your browser does not support iframes.<\/iframe><\/p>\n<hr \/>\n<p>&nbsp;<\/p>\n<p><span id=\"result_box\" lang=\"es\" tabindex=\"-1\"><span title=\"Dimarts 30 de juny: Un nou paper de la ciutadania?&lt;\/p&gt;&lt;br \/&gt;&lt;br \/&gt;&lt;br \/&gt;&lt;br \/&gt;&lt;br \/&gt; &lt;p&gt;\u00a0\u00a0\u00a0\u00a0\"><strong>Martes 30 de junio: Un nuevo papel de la ciudadan\u00eda?<\/strong><br \/>\n<\/span><\/span><\/p>\n<ul>\n<li><span id=\"result_box\" lang=\"es\" tabindex=\"-1\"><span title=\"Dimarts 30 de juny: Un nou paper de la ciutadania?&lt;br \/&gt;&lt;br \/&gt;&lt;br \/&gt;&lt;br \/&gt;&lt;br \/&gt; &lt;p&gt;\u00a0\u00a0\u00a0\u00a0\">\u00a0\u00a0\u00a0\u00a0<\/span><span title=\"Repensar les pol\u00edtiques de participaci\u00f3 ciutadana&lt;br \/&gt;&lt;br \/&gt;&lt;br \/&gt;&lt;br \/&gt;&lt;br \/&gt;&lt;br \/&gt; \u00a0\u00a0\u00a0\u00a0\">Repensar las pol\u00edticas de participaci\u00f3n ciudadana.<\/span><\/span><\/li>\n<li><span id=\"result_box\" lang=\"es\" tabindex=\"-1\"><span title=\"Repensar les pol\u00edtiques de participaci\u00f3 ciutadana&lt;br \/&gt;&lt;br \/&gt;&lt;br \/&gt;&lt;br \/&gt;&lt;br \/&gt;&lt;br \/&gt; \u00a0\u00a0\u00a0\u00a0\">\u00a0\u00a0\u00a0\u00a0<\/span><span title=\"El paper de las associacions, els moviments socials i la participaci\u00f3 comunit\u00e0ria.&lt;br \/&gt;&lt;br \/&gt;&lt;br \/&gt;&lt;br \/&gt;&lt;br \/&gt;&lt;br \/&gt; \u00a0\u00a0\u00a0\u00a0\">El papel de las asociaciones, los movimientos sociales y la participaci\u00f3n comunitaria.<\/span><\/span><\/li>\n<li><span id=\"result_box\" lang=\"es\" tabindex=\"-1\"><span title=\"El paper de las associacions, els moviments socials i la participaci\u00f3 comunit\u00e0ria.&lt;br \/&gt;&lt;br \/&gt;&lt;br \/&gt;&lt;br \/&gt;&lt;br \/&gt;&lt;br \/&gt; \u00a0\u00a0\u00a0\u00a0\">\u00a0\u00a0\u00a0\u00a0<\/span><span title=\"Internet, Pol\u00edtica i Ciutadania.&lt;br \/&gt;&lt;br \/&gt;&lt;br \/&gt;&lt;br \/&gt;&lt;br \/&gt;&lt;br \/&gt; \u00a0\u00a0\u00a0\u00a0\">Internet, Pol\u00edtica y Ciudadan\u00eda.<\/span><\/span><\/li>\n<li><span id=\"result_box\" lang=\"es\" tabindex=\"-1\"><span title=\"Internet, Pol\u00edtica i Ciutadania.&lt;br \/&gt;&lt;br \/&gt;&lt;br \/&gt;&lt;br \/&gt;&lt;br \/&gt;&lt;br \/&gt; \u00a0\u00a0\u00a0\u00a0\">\u00a0\u00a0\u00a0\u00a0<\/span><span title=\"Di\u00e0leg a partir de experi\u00e8ncies municipals de promoci\u00f3 de la participaci\u00f3 ciutadna: Barcelona, Madrid, San Sebasti\u00e1n i Lleida.&lt;\/p&gt;&lt;br \/&gt;&lt;br \/&gt;&lt;br \/&gt;&lt;br \/&gt;&lt;br \/&gt; &lt;p&gt;\">Di\u00e1logo a partir de experiencias municipales de promoci\u00f3n de la participaci\u00f3n ciutadna: Barcelona, \u200b\u200bMadrid, San Sebasti\u00e1n y Lleida.<\/span><\/span><\/li>\n<\/ul>\n<p>Presentaci\u00f3n a cargo de Ismael Blanco<\/p>\n<p><iframe loading=\"lazy\" src=\"https:\/\/player.vimeo.com\/video\/132317636\" width=\"500\" height=\"281\" frameborder=\"0\" allowfullscreen=\"allowfullscreen\"><\/iframe><\/p>\n<p>Experiencias de Barcelona, Madrid, Lleida y Donostia<br \/>\n<iframe loading=\"lazy\" src=\"https:\/\/player.vimeo.com\/video\/132419805\" width=\"500\" height=\"281\" frameborder=\"0\" allowfullscreen=\"allowfullscreen\"><\/iframe><\/p>\n<hr \/>\n<p>&nbsp;<\/p>\n<p><strong>Mi\u00e9rcoles 1 de julio: Nuevas pol\u00edticas locales?<\/strong><\/p>\n<ul>\n<li><span id=\"result_box\" lang=\"es\" tabindex=\"-1\"><span title=\"Dimecres 1 de juliol: Noves pol\u00edtiques locals?&lt;br \/&gt;&lt;br \/&gt;&lt;br \/&gt;&lt;br \/&gt;&lt;br \/&gt; &lt;p&gt;\u00a0\u00a0\u00a0\u00a0\">\u00a0\u00a0\u00a0\u00a0<\/span><span title=\"L'estat de la q\u00fcesti\u00f3 de les pol\u00edtiques locals&lt;br \/&gt;&lt;br \/&gt;&lt;br \/&gt;&lt;br \/&gt;&lt;br \/&gt;&lt;br \/&gt; \u00a0\u00a0\u00a0\u00a0\">El estado de la cuesti\u00f3n de las pol\u00edticas locales.<\/span><\/span><\/li>\n<li><span id=\"result_box\" lang=\"es\" tabindex=\"-1\"><span title=\"L'estat de la q\u00fcesti\u00f3 de les pol\u00edtiques locals&lt;br \/&gt;&lt;br \/&gt;&lt;br \/&gt;&lt;br \/&gt;&lt;br \/&gt;&lt;br \/&gt; \u00a0\u00a0\u00a0\u00a0\">\u00a0\u00a0\u00a0\u00a0<\/span><span title=\"Les pol\u00edtiques de desenvolupament local.&lt;br \/&gt;&lt;br \/&gt;&lt;br \/&gt;&lt;br \/&gt;&lt;br \/&gt;&lt;br \/&gt; \u00a0\u00a0\u00a0\u00a0\">Las pol\u00edticas de desarrollo local.<\/span><\/span><\/li>\n<li><span id=\"result_box\" lang=\"es\" tabindex=\"-1\"><span title=\"Les pol\u00edtiques de desenvolupament local.&lt;br \/&gt;&lt;br \/&gt;&lt;br \/&gt;&lt;br \/&gt;&lt;br \/&gt;&lt;br \/&gt; \u00a0\u00a0\u00a0\u00a0\">\u00a0\u00a0\u00a0\u00a0<\/span><span title=\"Les pol\u00edtiques de cura i atenci\u00f3 a les persones.&lt;br \/&gt;&lt;br \/&gt;&lt;br \/&gt;&lt;br \/&gt;&lt;br \/&gt;&lt;br \/&gt; \u00a0\u00a0\u00a0\u00a0\">Las pol\u00edticas de cuidado y atenci\u00f3n a las personas.<\/span><\/span><\/li>\n<li><span id=\"result_box\" lang=\"es\" tabindex=\"-1\"><span title=\"Les pol\u00edtiques de cura i atenci\u00f3 a les persones.&lt;br \/&gt;&lt;br \/&gt;&lt;br \/&gt;&lt;br \/&gt;&lt;br \/&gt;&lt;br \/&gt; \u00a0\u00a0\u00a0\u00a0\">\u00a0\u00a0\u00a0\u00a0<\/span><span title=\"Les pol\u00edtiques de cohesi\u00f3 social i urbana.&lt;\/p&gt;&lt;br \/&gt;&lt;br \/&gt;&lt;br \/&gt;&lt;br \/&gt;&lt;br \/&gt; &lt;p&gt;\">Las pol\u00edticas de cohesi\u00f3n social y urbana.<\/span><\/span><\/li>\n<\/ul>\n<p>Presentaci\u00f3n de Ramon Canal<\/p>\n<p><iframe loading=\"lazy\" src=\"https:\/\/player.vimeo.com\/video\/132534856\" width=\"500\" height=\"281\" frameborder=\"0\" allowfullscreen=\"allowfullscreen\"><\/iframe><\/p>\n<p>Debate Joan Subirats, Ricard Gom\u00e0 y Josep Serrano<\/p>\n<p><iframe loading=\"lazy\" src=\"https:\/\/player.vimeo.com\/video\/132663945\" width=\"500\" height=\"375\" frameborder=\"0\" allowfullscreen=\"allowfullscreen\"><\/iframe><\/p>\n<hr \/>\n<p><strong>Jueves 2 de julio: retos organizativos en el paso de la calle en las urnas.<\/strong><\/p>\n<ul>\n<li><span id=\"result_box\" lang=\"es\" tabindex=\"-1\"><span title=\"Dijous 2 de juliol: reptes organitzatius en el pas del carrer a les urnes.&lt;br \/&gt;&lt;br \/&gt;&lt;br \/&gt;&lt;br \/&gt;&lt;br \/&gt; &lt;p&gt;\u00a0\u00a0\u00a0\u00a0\">\u00a0\u00a0\u00a0\u00a0<\/span><span title=\"\u00bfCom es poden construir partits pol\u00edtics o artefactes electorals que combinin de forma \u00f2ptima qualitat democr\u00e0tica amb operativitat?&lt;br \/&gt;&lt;br \/&gt;&lt;br \/&gt;&lt;br \/&gt;&lt;br \/&gt;&lt;br \/&gt; \u00a0\u00a0\u00a0\u00a0\">\u00bfC\u00f3mo se pueden construir partidos pol\u00edticos o artefactos electorales que combinen de forma \u00f3ptima calidad democr\u00e1tica con operatividad?<\/span><\/span><\/li>\n<li><span id=\"result_box\" lang=\"es\" tabindex=\"-1\"><span title=\"\u00bfCom es poden construir partits pol\u00edtics o artefactes electorals que combinin de forma \u00f2ptima qualitat democr\u00e0tica amb operativitat?&lt;br \/&gt;&lt;br \/&gt;&lt;br \/&gt;&lt;br \/&gt;&lt;br \/&gt;&lt;br \/&gt; \u00a0\u00a0\u00a0\u00a0\">\u00a0\u00a0\u00a0\u00a0<\/span><span title=\"\u00bfCom aconseguir que els models emergents basats en la cultura de descentralitzaci\u00f3 i el treball en xarxa no posin en perill la coher\u00e8ncia d'una acci\u00f3 pol\u00edtica que ha de ser vista i percebuda com a integral\/coherent?&lt;\/p&gt;&lt;br \/&gt;&lt;br \/&gt;&lt;br \/&gt;&lt;br \/&gt;&lt;br \/&gt; &lt;p&gt;\">\u00bfC\u00f3mo conseguir que los modelos emergentes basados \u200b\u200ben la cultura de descentralizaci\u00f3n y el trabajo en red no pongan en peligro la coherencia de una acci\u00f3n pol\u00edtica que debe ser vista y percibida como integral \/ coherente?<\/span><\/span><\/li>\n<\/ul>\n<p>&nbsp;<\/p>\n<p>Streaming de la sesi\u00f3n<\/p>\n<p><iframe loading=\"lazy\" src=\"http:\/\/embed.bambuser.com\/broadcast\/5633265\" width=\"460\" height=\"259\" frameborder=\"0\">Your browser does not support iframes.<\/iframe><\/p>\n<hr \/>\n<p><span id=\"result_box\" lang=\"es\" tabindex=\"-1\"><span title=\"Divendres: 3 de juliol: Pol\u00edtica \u00e9s comunicaci\u00f3&lt;\/p&gt;&lt;br \/&gt;&lt;br \/&gt;&lt;br \/&gt;&lt;br \/&gt;&lt;br \/&gt; &lt;p&gt;\u00a0\u00a0\u00a0\u00a0\"><strong>Viernes: 3 de julio: Pol\u00edtica es comunicaci\u00f3n<\/strong><\/span><\/span><span id=\"result_box\" lang=\"es\" tabindex=\"-1\"><span title=\"Divendres: 3 de juliol: Pol\u00edtica \u00e9s comunicaci\u00f3&lt;\/p&gt;&lt;br \/&gt;&lt;br \/&gt;&lt;br \/&gt;&lt;br \/&gt;&lt;br \/&gt; &lt;p&gt;\u00a0\u00a0\u00a0\u00a0\">\u00a0 \u00a0<\/span><\/span><\/p>\n<ul>\n<li><span id=\"result_box\" lang=\"es\" tabindex=\"-1\"><span title=\"El relat period\u00edstic de les noves realitats municipals&lt;br \/&gt;&lt;br \/&gt;&lt;br \/&gt;&lt;br \/&gt;&lt;br \/&gt;&lt;br \/&gt; \u00a0\u00a0\u00a0\u00a0\">El relato period\u00edstico de las nuevas realidades municipales<\/span><\/span><\/li>\n<li><span id=\"result_box\" lang=\"es\" tabindex=\"-1\"><span title=\"Quan ve\u00efns i ve\u00efnes s\u00f3n not\u00edcia&lt;br \/&gt;&lt;br \/&gt;&lt;br \/&gt;&lt;br \/&gt;&lt;br \/&gt;&lt;br \/&gt; \u00a0\u00a0\u00a0\u00a0\">Cuando vecinos y vecinas son noticia<\/span><\/span><\/li>\n<li><span id=\"result_box\" lang=\"es\" tabindex=\"-1\"><span title=\"Com ha anat la campanya, com estant anat els pactes&lt;br \/&gt;&lt;br \/&gt;&lt;br \/&gt;&lt;br \/&gt;&lt;br \/&gt;&lt;br \/&gt; \u00a0\u00a0\u00a0\u00a0\">Como ha ido la campa\u00f1a, como estando ido los pactos<\/span><\/span><\/li>\n<li><span id=\"result_box\" lang=\"es\" tabindex=\"-1\"><span title=\"Nova pol\u00edtica, nous mitjans\">Nueva pol\u00edtica, nuevos medios<\/span><\/span><\/li>\n<\/ul>\n<p><iframe loading=\"lazy\" src=\"http:\/\/embed.bambuser.com\/broadcast\/5635673\" width=\"460\" height=\"259\" frameborder=\"0\">Your browser does not support iframes.<\/iframe><\/p>\n<hr \/>\n","protected":false},"excerpt":{"rendered":"<p>Programa:\u00a0\u00a04a escuela de verano\u00a0(actualitzado a 28\/06\/2015) \u00a0 | \u00a0\u00a0Debates propuestos:\u00a0debates y tem\u00e1ticas que proponemos | \u00a0 HT: #municipalisme \u00a0 \u00a0#9municipalisme Ya han pasado las elecciones municipales. No las valoraremos aqu\u00ed, pero s\u00ed pensamos que la apuesta por dedicar IV escuela de verano del IGOP a debatir sobre el futuro de los municipios, no pierde ni [&hellip;]<\/p>\n","protected":false},"author":2,"featured_media":2627,"comment_status":"open","ping_status":"closed","sticky":false,"template":"","format":"standard","meta":{"_et_pb_use_builder":"","_et_pb_old_content":"","_et_gb_content_width":"","footnotes":""},"categories":[219],"tags":[],"class_list":["post-2594","post","type-post","status-publish","format-standard","has-post-thumbnail","hentry","category-actividades","et-has-post-format-content","et_post_format-et-post-format-standard"],"_links":{"self":[{"href":"https:\/\/igop.uab.cat\/es\/wp-json\/wp\/v2\/posts\/2594","targetHints":{"allow":["GET"]}}],"collection":[{"href":"https:\/\/igop.uab.cat\/es\/wp-json\/wp\/v2\/posts"}],"about":[{"href":"https:\/\/igop.uab.cat\/es\/wp-json\/wp\/v2\/types\/post"}],"author":[{"embeddable":true,"href":"https:\/\/igop.uab.cat\/es\/wp-json\/wp\/v2\/users\/2"}],"replies":[{"embeddable":true,"href":"https:\/\/igop.uab.cat\/es\/wp-json\/wp\/v2\/comments?post=2594"}],"version-history":[{"count":14,"href":"https:\/\/igop.uab.cat\/es\/wp-json\/wp\/v2\/posts\/2594\/revisions"}],"predecessor-version":[{"id":2674,"href":"https:\/\/igop.uab.cat\/es\/wp-json\/wp\/v2\/posts\/2594\/revisions\/2674"}],"wp:featuredmedia":[{"embeddable":true,"href":"https:\/\/igop.uab.cat\/es\/wp-json\/wp\/v2\/media\/2627"}],"wp:attachment":[{"href":"https:\/\/igop.uab.cat\/es\/wp-json\/wp\/v2\/media?parent=2594"}],"wp:term":[{"taxonomy":"category","embeddable":true,"href":"https:\/\/igop.uab.cat\/es\/wp-json\/wp\/v2\/categories?post=2594"},{"taxonomy":"post_tag","embeddable":true,"href":"https:\/\/igop.uab.cat\/es\/wp-json\/wp\/v2\/tags?post=2594"}],"curies":[{"name":"wp","href":"https:\/\/api.w.org\/{rel}","templated":true}]}}