{"id":25162,"date":"2025-09-10T10:01:41","date_gmt":"2025-09-10T08:01:41","guid":{"rendered":"https:\/\/igop.uab.cat\/?p=25162"},"modified":"2025-09-10T10:02:28","modified_gmt":"2025-09-10T08:02:28","slug":"participacion-del-igop-en-la-conferencia-espanet-2025","status":"publish","type":"post","link":"https:\/\/igop.uab.cat\/es\/2025\/09\/10\/participacion-del-igop-en-la-conferencia-espanet-2025\/","title":{"rendered":"Participaci\u00f3n del IGOP en la Conferencia ESPAnet 2025"},"content":{"rendered":"<p><span data-contrast=\"auto\">Entre el 27 y el 29 de agosto se celebr\u00f3 en la Universidad de Mil\u00e1n la <a href=\"https:\/\/www.espanetmilano2025.it\/\" target=\"_blank\" rel=\"noopener\">23\u00aa Conferencia Anual de ESPAnet<\/a> bajo el lema <\/span><i><span data-contrast=\"auto\">\u201cThe Welfare State in the 21st Century. On the Edge of a New Era or Back to Basics?\u201d<\/span><\/i><span data-contrast=\"auto\">. La conferencia reuni\u00f3 a m\u00e1s de 500 investigadores internacionales en el campo de la pol\u00edtica social.<\/span><span data-ccp-props=\"{&quot;335551550&quot;:6,&quot;335551620&quot;:6}\">\u00a0<\/span><\/p>\n<p><span data-contrast=\"auto\">El IGOP estuvo ampliamente representado en paneles, mesas plenarias y presentaciones de art\u00edculos, mostrando la diversidad y relevancia de las l\u00edneas de investigaci\u00f3n en curso:<\/span><span data-ccp-props=\"{&quot;335551550&quot;:6,&quot;335551620&quot;:6}\">\u00a0<\/span><\/p>\n<h4><b><span data-contrast=\"auto\">Mesas plenarias y coordinaci\u00f3n de streams<\/span><\/b><span data-ccp-props=\"{&quot;335551550&quot;:6,&quot;335551620&quot;:6}\">\u00a0<\/span><\/h4>\n<ul>\n<li aria-setsize=\"-1\" data-leveltext=\"\uf0b7\" data-font=\"Symbol\" data-listid=\"1\" data-list-defn-props=\"{&quot;335552541&quot;:1,&quot;335559685&quot;:720,&quot;335559991&quot;:360,&quot;469769226&quot;:&quot;Symbol&quot;,&quot;469769242&quot;:[8226],&quot;469777803&quot;:&quot;left&quot;,&quot;469777804&quot;:&quot;\uf0b7&quot;,&quot;469777815&quot;:&quot;multilevel&quot;}\" data-aria-posinset=\"1\" data-aria-level=\"1\"><strong>Margarita Le\u00f3n<\/strong><span data-contrast=\"auto\"> particip\u00f3 en la mesa plenaria <\/span><i><span data-contrast=\"auto\">\u201cThe Southern European Model of Welfare Revisited\u201d<\/span><\/i><span data-contrast=\"auto\">, junto a Maurizio Ferrera, Emanuele Ferragina, Amilcar Moreira y Catherine Moury. Tambi\u00e9n coordin\u00f3 el <\/span><i><span data-contrast=\"auto\">Stream 7: Redefining Work-Life Balance: Policies and Practice, <\/span><\/i><span data-contrast=\"auto\">con Caroline de la Porte y Manuel Alvari\u00f1o.\u00a0<\/span><span data-ccp-props=\"{&quot;335551550&quot;:6,&quot;335551620&quot;:6}\">\u00a0<\/span><\/li>\n<\/ul>\n<ul>\n<li aria-setsize=\"-1\" data-leveltext=\"\uf0b7\" data-font=\"Symbol\" data-listid=\"1\" data-list-defn-props=\"{&quot;335552541&quot;:1,&quot;335559685&quot;:720,&quot;335559991&quot;:360,&quot;469769226&quot;:&quot;Symbol&quot;,&quot;469769242&quot;:[8226],&quot;469777803&quot;:&quot;left&quot;,&quot;469777804&quot;:&quot;\uf0b7&quot;,&quot;469777815&quot;:&quot;multilevel&quot;}\" data-aria-posinset=\"2\" data-aria-level=\"1\"><strong>Daniel Edmiston<\/strong> <span data-contrast=\"auto\">actu\u00f3 como <\/span><i><span data-contrast=\"auto\">discussant<\/span><\/i><span data-contrast=\"auto\"> del libro \u201c<\/span><i><span data-contrast=\"auto\">Families, Welfare States and Resilience Low-Resource Families Navigating Care, Employment and Welfare in Europe\u201d <\/span><\/i><span data-contrast=\"auto\">(Mary Daly, 2025) en la sesi\u00f3n de <\/span><i><span data-contrast=\"auto\">Pitch Your Book. <\/span><\/i><span data-contrast=\"auto\">Tambi\u00e9n coordin\u00f3 el <\/span><i><span data-contrast=\"auto\">Stream 32: New Perspectives on Poverty, Inequality, and In-Work Deprivation.\u00a0<\/span><\/i><span data-ccp-props=\"{&quot;335551550&quot;:6,&quot;335551620&quot;:6}\">\u00a0<\/span><\/li>\n<\/ul>\n<ul>\n<li aria-setsize=\"-1\" data-leveltext=\"\uf0b7\" data-font=\"Symbol\" data-listid=\"1\" data-list-defn-props=\"{&quot;335552541&quot;:1,&quot;335559685&quot;:720,&quot;335559991&quot;:360,&quot;469769226&quot;:&quot;Symbol&quot;,&quot;469769242&quot;:[8226],&quot;469777803&quot;:&quot;left&quot;,&quot;469777804&quot;:&quot;\uf0b7&quot;,&quot;469777815&quot;:&quot;multilevel&quot;}\" data-aria-posinset=\"3\" data-aria-level=\"1\"><strong>Dani Marinova<\/strong><span data-contrast=\"auto\"> fue coordinadora del <\/span><i><span data-contrast=\"auto\">Stream 30: Navigating Gender, Identity, and Care: Policies and Politics in European Welfare Systems<\/span><\/i><span data-contrast=\"auto\">, junto a Cassandra Engeman, Stephan K\u00f6ppe y Hannah Zagel.\u00a0<\/span><span data-ccp-props=\"{&quot;335551550&quot;:6,&quot;335551620&quot;:6}\">\u00a0<\/span><\/li>\n<\/ul>\n<h4><\/h4>\n<h4><b><span data-contrast=\"auto\">Presentaciones de investigaci\u00f3n<\/span><\/b><span data-ccp-props=\"{&quot;335551550&quot;:6,&quot;335551620&quot;:6}\">\u00a0<\/span><\/h4>\n<ul>\n<li aria-setsize=\"-1\" data-leveltext=\"\uf0b7\" data-font=\"Symbol\" data-listid=\"2\" data-list-defn-props=\"{&quot;335552541&quot;:1,&quot;335559685&quot;:720,&quot;335559991&quot;:360,&quot;469769226&quot;:&quot;Symbol&quot;,&quot;469769242&quot;:[8226],&quot;469777803&quot;:&quot;left&quot;,&quot;469777804&quot;:&quot;\uf0b7&quot;,&quot;469777815&quot;:&quot;multilevel&quot;}\" data-aria-posinset=\"1\" data-aria-level=\"1\"><b><span data-contrast=\"auto\">Dani Marinova y Sheila Gonz\u00e1lez <\/span><\/b><span data-contrast=\"auto\">presentaron: <\/span><i><span data-contrast=\"auto\">\u201cBalancing Care?: The Impact of Spain&#8217;s 2021 Equal and Non-Transferable Parental Leave Reform\u201d.\u00a0<\/span><\/i><span data-ccp-props=\"{&quot;335551550&quot;:6,&quot;335551620&quot;:6}\">\u00a0<\/span><\/li>\n<\/ul>\n<ul>\n<li aria-setsize=\"-1\" data-leveltext=\"\uf0b7\" data-font=\"Symbol\" data-listid=\"2\" data-list-defn-props=\"{&quot;335552541&quot;:1,&quot;335559685&quot;:720,&quot;335559991&quot;:360,&quot;469769226&quot;:&quot;Symbol&quot;,&quot;469769242&quot;:[8226],&quot;469777803&quot;:&quot;left&quot;,&quot;469777804&quot;:&quot;\uf0b7&quot;,&quot;469777815&quot;:&quot;multilevel&quot;}\" data-aria-posinset=\"2\" data-aria-level=\"1\"><strong>David Palomera<\/strong><span data-contrast=\"auto\"> present\u00f3 \u201c<\/span><i><span data-contrast=\"auto\">The Growth Dependence of OECD Pension Systems\u201d.<\/span><\/i><span data-ccp-props=\"{&quot;335551550&quot;:6,&quot;335551620&quot;:6}\">\u00a0<\/span><\/li>\n<\/ul>\n<ul>\n<li aria-setsize=\"-1\" data-leveltext=\"\uf0b7\" data-font=\"Symbol\" data-listid=\"2\" data-list-defn-props=\"{&quot;335552541&quot;:1,&quot;335559685&quot;:720,&quot;335559991&quot;:360,&quot;469769226&quot;:&quot;Symbol&quot;,&quot;469769242&quot;:[8226],&quot;469777803&quot;:&quot;left&quot;,&quot;469777804&quot;:&quot;\uf0b7&quot;,&quot;469777815&quot;:&quot;multilevel&quot;}\" data-aria-posinset=\"3\" data-aria-level=\"1\"><strong>David Palomera, Lloren\u00e7 Soler y Manuel Alvari\u00f1o<\/strong> <span data-contrast=\"auto\">presentaron <\/span><i><span data-contrast=\"auto\">\u201cClass Politics and Policy Design: Explaining Political Consensus in Early-Childhood Education and Care Expansion\u201d.<\/span><\/i><span data-ccp-props=\"{&quot;335551550&quot;:6,&quot;335551620&quot;:6}\">\u00a0<\/span><\/li>\n<\/ul>\n<ul>\n<li aria-setsize=\"-1\" data-leveltext=\"\uf0b7\" data-font=\"Symbol\" data-listid=\"2\" data-list-defn-props=\"{&quot;335552541&quot;:1,&quot;335559685&quot;:720,&quot;335559991&quot;:360,&quot;469769226&quot;:&quot;Symbol&quot;,&quot;469769242&quot;:[8226],&quot;469777803&quot;:&quot;left&quot;,&quot;469777804&quot;:&quot;\uf0b7&quot;,&quot;469777815&quot;:&quot;multilevel&quot;}\" data-aria-posinset=\"4\" data-aria-level=\"1\"><strong>I\u00f1igo Aldama, Daniel Edmiston, Violeta Tucci y Joaqu\u00edn Alca\u00f1iz<\/strong><span data-contrast=\"auto\"> presentaron <\/span><i><span data-contrast=\"auto\">\u201cOut of Frame: Investigating Social Rights Access by the Non-Private Household Population in Europe\u201d.<\/span><\/i><span data-ccp-props=\"{&quot;335551550&quot;:6,&quot;335551620&quot;:6}\">\u00a0<\/span><\/li>\n<\/ul>\n<ul>\n<li aria-setsize=\"-1\" data-leveltext=\"\uf0b7\" data-font=\"Symbol\" data-listid=\"2\" data-list-defn-props=\"{&quot;335552541&quot;:1,&quot;335559685&quot;:720,&quot;335559991&quot;:360,&quot;469769226&quot;:&quot;Symbol&quot;,&quot;469769242&quot;:[8226],&quot;469777803&quot;:&quot;left&quot;,&quot;469777804&quot;:&quot;\uf0b7&quot;,&quot;469777815&quot;:&quot;multilevel&quot;}\" data-aria-posinset=\"5\" data-aria-level=\"1\"><strong>Ivan Cerrillo<\/strong> <span data-contrast=\"auto\">present\u00f3 <\/span><i><span data-contrast=\"auto\">\u201cComparing the Inclusiveness of Social Policy in-Kind Benefits: Using the Family Model Method across Three Cases\u201d<\/span><\/i><span data-contrast=\"auto\">.<\/span><span data-ccp-props=\"{&quot;335551550&quot;:6,&quot;335551620&quot;:6}\">\u00a0<\/span><\/li>\n<\/ul>\n<ul>\n<li aria-setsize=\"-1\" data-leveltext=\"\uf0b7\" data-font=\"Symbol\" data-listid=\"2\" data-list-defn-props=\"{&quot;335552541&quot;:1,&quot;335559685&quot;:720,&quot;335559991&quot;:360,&quot;469769226&quot;:&quot;Symbol&quot;,&quot;469769242&quot;:[8226],&quot;469777803&quot;:&quot;left&quot;,&quot;469777804&quot;:&quot;\uf0b7&quot;,&quot;469777815&quot;:&quot;multilevel&quot;}\" data-aria-posinset=\"6\" data-aria-level=\"1\"><strong>Joaqu\u00edn Alca\u00f1iz y Daniel Edmiston<\/strong><span data-contrast=\"auto\"> presentaron <\/span><i><span data-contrast=\"auto\">\u201cRestricting Support: Conditionality in Unemployment Protection and Its impact on Well-being\u201d.<\/span><\/i><span data-ccp-props=\"{&quot;335551550&quot;:6,&quot;335551620&quot;:6}\">\u00a0<\/span><\/li>\n<\/ul>\n<ul>\n<li aria-setsize=\"-1\" data-leveltext=\"\uf0b7\" data-font=\"Symbol\" data-listid=\"2\" data-list-defn-props=\"{&quot;335552541&quot;:1,&quot;335559685&quot;:720,&quot;335559991&quot;:360,&quot;469769226&quot;:&quot;Symbol&quot;,&quot;469769242&quot;:[8226],&quot;469777803&quot;:&quot;left&quot;,&quot;469777804&quot;:&quot;\uf0b7&quot;,&quot;469777815&quot;:&quot;multilevel&quot;}\" data-aria-posinset=\"7\" data-aria-level=\"1\"><strong>Lara Maestripieri<\/strong><span data-contrast=\"auto\"> present\u00f3 \u201c<\/span><i><span data-contrast=\"auto\">Part-time work and its consequences: a cross-sectional, multilevel analysis of women\u2019s mental health in relationship to work hours and economic insecurity in Europe\u201d.<\/span><\/i><span data-ccp-props=\"{&quot;335551550&quot;:6,&quot;335551620&quot;:6}\">\u00a0<\/span><\/li>\n<\/ul>\n<ul>\n<li aria-setsize=\"-1\" data-leveltext=\"\uf0b7\" data-font=\"Symbol\" data-listid=\"2\" data-list-defn-props=\"{&quot;335552541&quot;:1,&quot;335559685&quot;:720,&quot;335559991&quot;:360,&quot;469769226&quot;:&quot;Symbol&quot;,&quot;469769242&quot;:[8226],&quot;469777803&quot;:&quot;left&quot;,&quot;469777804&quot;:&quot;\uf0b7&quot;,&quot;469777815&quot;:&quot;multilevel&quot;}\" data-aria-posinset=\"8\" data-aria-level=\"1\"><strong>Lloren\u00e7 Soler y Lara Maestripieri<\/strong> <span data-contrast=\"auto\">presentaron <\/span><i><span data-contrast=\"auto\">\u201cRethinking Policy Design: A Comparative Systematic Review of the Impact of Early Childhood Education and Care in Europe 2008-2024\u201d.<\/span><\/i><span data-ccp-props=\"{&quot;335551550&quot;:6,&quot;335551620&quot;:6}\">\u00a0<\/span><\/li>\n<\/ul>\n<ul>\n<li aria-setsize=\"-1\" data-leveltext=\"\uf0b7\" data-font=\"Symbol\" data-listid=\"2\" data-list-defn-props=\"{&quot;335552541&quot;:1,&quot;335559685&quot;:720,&quot;335559991&quot;:360,&quot;469769226&quot;:&quot;Symbol&quot;,&quot;469769242&quot;:[8226],&quot;469777803&quot;:&quot;left&quot;,&quot;469777804&quot;:&quot;\uf0b7&quot;,&quot;469777815&quot;:&quot;multilevel&quot;}\" data-aria-posinset=\"9\" data-aria-level=\"1\"><strong>Pedro Manuel Bell\u00f3n<\/strong><span data-contrast=\"auto\"> present\u00f3 <\/span><i><span data-contrast=\"auto\">\u201cFraming work and life: how parents perceive balance in the shift from breadwinner to dual-earner model\u201d<\/span><\/i><span data-contrast=\"auto\">.\u00a0<\/span><span data-ccp-props=\"{&quot;335551550&quot;:6,&quot;335551620&quot;:6}\">\u00a0<\/span><\/li>\n<\/ul>\n<ul>\n<li aria-setsize=\"-1\" data-leveltext=\"\uf0b7\" data-font=\"Symbol\" data-listid=\"2\" data-list-defn-props=\"{&quot;335552541&quot;:1,&quot;335559685&quot;:720,&quot;335559991&quot;:360,&quot;469769226&quot;:&quot;Symbol&quot;,&quot;469769242&quot;:[8226],&quot;469777803&quot;:&quot;left&quot;,&quot;469777804&quot;:&quot;\uf0b7&quot;,&quot;469777815&quot;:&quot;multilevel&quot;}\" data-aria-posinset=\"10\" data-aria-level=\"1\"><strong>Violetta Tucci<\/strong><span data-contrast=\"auto\"> present\u00f3: <\/span><i><span data-contrast=\"auto\">\u201cBeyond Income Poverty: How Disadvantaged Background Shapes Broader Poverty Relations\u201d.<\/span><\/i><span data-ccp-props=\"{&quot;335551550&quot;:6,&quot;335551620&quot;:6}\">\u00a0<\/span><\/li>\n<\/ul>\n<p>&nbsp;<\/p>\n<p><span data-contrast=\"auto\">La conferencia fue una oportunidad invaluable para el intercambio de ideas y aprendizajes, destac\u00e1ndose la participaci\u00f3n y el alto nivel de las investigaciones presentadas.<\/span><span data-ccp-props=\"{&quot;335551550&quot;:6,&quot;335551620&quot;:6}\">\u00a0<\/span><\/p>\n","protected":false},"excerpt":{"rendered":"<p>Entre el 27 y el 29 de agosto se celebr\u00f3 en la Universidad de Mil\u00e1n la 23\u00aa Conferencia Anual de ESPAnet bajo el lema \u201cThe Welfare State in the 21st Century. On the Edge of a New Era or Back to Basics?\u201d. La conferencia reuni\u00f3 a m\u00e1s de 500 investigadores internacionales en el campo de [&hellip;]<\/p>\n","protected":false},"author":2,"featured_media":25166,"comment_status":"closed","ping_status":"closed","sticky":false,"template":"","format":"standard","meta":{"_et_pb_use_builder":"","_et_pb_old_content":"","_et_gb_content_width":"","footnotes":""},"categories":[245],"tags":[],"class_list":["post-25162","post","type-post","status-publish","format-standard","has-post-thumbnail","hentry","category-noticias","et-has-post-format-content","et_post_format-et-post-format-standard"],"_links":{"self":[{"href":"https:\/\/igop.uab.cat\/es\/wp-json\/wp\/v2\/posts\/25162","targetHints":{"allow":["GET"]}}],"collection":[{"href":"https:\/\/igop.uab.cat\/es\/wp-json\/wp\/v2\/posts"}],"about":[{"href":"https:\/\/igop.uab.cat\/es\/wp-json\/wp\/v2\/types\/post"}],"author":[{"embeddable":true,"href":"https:\/\/igop.uab.cat\/es\/wp-json\/wp\/v2\/users\/2"}],"replies":[{"embeddable":true,"href":"https:\/\/igop.uab.cat\/es\/wp-json\/wp\/v2\/comments?post=25162"}],"version-history":[{"count":4,"href":"https:\/\/igop.uab.cat\/es\/wp-json\/wp\/v2\/posts\/25162\/revisions"}],"predecessor-version":[{"id":25169,"href":"https:\/\/igop.uab.cat\/es\/wp-json\/wp\/v2\/posts\/25162\/revisions\/25169"}],"wp:featuredmedia":[{"embeddable":true,"href":"https:\/\/igop.uab.cat\/es\/wp-json\/wp\/v2\/media\/25166"}],"wp:attachment":[{"href":"https:\/\/igop.uab.cat\/es\/wp-json\/wp\/v2\/media?parent=25162"}],"wp:term":[{"taxonomy":"category","embeddable":true,"href":"https:\/\/igop.uab.cat\/es\/wp-json\/wp\/v2\/categories?post=25162"},{"taxonomy":"post_tag","embeddable":true,"href":"https:\/\/igop.uab.cat\/es\/wp-json\/wp\/v2\/tags?post=25162"}],"curies":[{"name":"wp","href":"https:\/\/api.w.org\/{rel}","templated":true}]}}