{"id":24869,"date":"2025-06-26T10:31:03","date_gmt":"2025-06-26T08:31:03","guid":{"rendered":"https:\/\/igop.uab.cat\/2025\/06\/26\/masterclass-con-joan-subirats\/"},"modified":"2025-06-26T10:31:59","modified_gmt":"2025-06-26T08:31:59","slug":"masterclass-con-joan-subirats","status":"publish","type":"post","link":"https:\/\/igop.uab.cat\/es\/2025\/06\/26\/masterclass-con-joan-subirats\/","title":{"rendered":"Masterclass con Joan Subirats"},"content":{"rendered":"<p>[et_pb_section fb_built=\u00bb1&#8243; _builder_version=\u00bb4.16&#8243; global_colors_info=\u00bb{}\u00bb][et_pb_row column_structure=\u00bb2_3,1_3&#8243; _builder_version=\u00bb4.16&#8243; background_size=\u00bbinitial\u00bb background_position=\u00bbtop_left\u00bb background_repeat=\u00bbrepeat\u00bb global_colors_info=\u00bb{}\u00bb][et_pb_column type=\u00bb2_3&#8243; _builder_version=\u00bb4.16&#8243; custom_padding=\u00bb|||\u00bb global_colors_info=\u00bb{}\u00bb custom_padding__hover=\u00bb|||\u00bb][et_pb_text _builder_version=\u00bb4.24.3&#8243; link_text_color=\u00bb#0C71C3&#8243; background_size=\u00bbinitial\u00bb background_position=\u00bbtop_left\u00bb background_repeat=\u00bbrepeat\u00bb global_colors_info=\u00bb{}\u00bb]<\/p>\n<h1 class=\"section-title\">Masterclass con el catedr\u00e1tico Joan Subirats sobre c\u00f3mo repensar las pol\u00edticas sociales desde el territorio y la comunidad<\/h1>\n<p>En un momento en que las desigualdades sociales se agravian y las respuestas institucionales a menudo resultan insuficientes, el Instituto de Gobierno y Pol\u00edticas P\u00fablicas (IGOP) y la Fundaci\u00f3n UAB proponen una reflexi\u00f3n abierta y transformadora. El pr\u00f3ximo <strong>jueves 3 de julio, a las 18h<\/strong> (CET), el <em>M\u00e1ster en Pol\u00edticas Sociales y Acci\u00f3n Comunitaria<\/em> organiza una masterclass gratuita en l\u00ednea con el polit\u00f3logo y catedr\u00e1tico Joan Subirats, que invita a repensar las pol\u00edticas p\u00fablicas desde una mirada colectiva, arraigada en los territorios y protagonizada por las comunidades. <\/p>\n<p>&nbsp;<\/p>\n<p class=\"date\">19\/06\/2025<\/p>\n<p>El pr\u00f3ximo<strong> jueves 3 de julio, a las 18 horas<\/strong>, el <strong><em><a title=\"ficha informativa sobre el M\u00e1ster Oficial en Pol\u00edticas Sociales y Acci\u00f3n Comunitaria\" href=\"https:\/\/www.uab.cat\/web\/estudiar\/l-oferta-de-masters-oficials\/informacio-general-1096480139517.html?param1=1345687201497\" target=\"_blank\" rel=\"noopener\">M\u00e0ster en Pol\u00edticas Sociales y Acci\u00f3n Comunitaria<\/a> <\/em><\/strong>de la <strong>Universitat Aut\u00f2noma de Barcelona (UAB)<\/strong> organiza una <strong>masterclass online abierta al p\u00fablico <\/strong>bajo el t\u00edtulo <em><strong>\u201cPol\u00edtiques socials i acci\u00f3 comunit\u00e0ria: respostes col\u00b7lectives a reptes col\u00b7lectius\u201d<\/strong><\/em><\/p>\n<p>La sesi\u00f3n ir\u00e1 a cargo del <a title=\"https:\/\/portalrecerca.uab.cat\/ca\/persons\/joan-subirats-humet-8\" href=\"https:\/\/portalrecerca.uab.cat\/ca\/persons\/joan-subirats-humet-8\" target=\"_blank\" rel=\"noopener\"><strong>Dr. Joan Subirats Humet<\/strong>,<\/a> referente acad\u00e9mico y pol\u00edtico en el \u00e1mbito de las pol\u00edticas p\u00fablicas, y una de las voces m\u00e1s reconocidas en la defensa de un <strong>enfoque colaborativo y comunitario de la acci\u00f3n social<\/strong>.<\/p>\n<p>Ante el actual escenario de crisis social e institucional, esta masterclass plantea un cambio de mirada imprescindible: las <strong>pol\u00edticas sociales<\/strong> no pueden continuarsiendo dise\u00f1adas y aplicadas desde arriba, sino que <strong>tienen que partir del conocimiento, las pr\u00e1cticas y las capacidades que emergen de los territorios y las comunidade<\/strong>s. <strong>Subirats <\/strong>abordar\u00e1 las bases conceptuales de este enfoque, cimiento del m\u00e1ster que imparte el <a title=\"https:\/\/igop.uab.cat\/es\/\" href=\"https:\/\/igop.uab.cat\/es\/\" target=\"_blank\" rel=\"noopener\"><strong>Institut de Govern i Pol\u00edtiques P\u00fabliques (IGOP)<\/strong><\/a> y la <a title=\"https:\/\/www.uab.cat\/\" href=\"https:\/\/www.uab.cat\/\" target=\"_blank\" rel=\"noopener\"><strong>UAB<\/strong><\/a>.<\/p>\n<p>Tambi\u00e9n intervindr\u00e1 <a title=\"linkedin de Carolina Mu\u00f1oz Mendoza\" href=\"https:\/\/www.linkedin.com\/in\/carolina-mu%C3%B1oz-mendoza-a3bb4b23\/?originalSubdomain=es\" target=\"_blank\" rel=\"noopener\"><strong>Carolina Mu\u00f1oz Mendoza<\/strong><\/a>, coordinadora del m\u00e1ster, que presentar\u00e1 brevemente el programa de estudios, pensado para todas aquellas personas que quieren incidir en la transformaci\u00f3n social desde la gesti\u00f3n p\u00fablica, el trabajo comunitario y la investigaci\u00f3n aplicada.<\/p>\n<p>Para asistir virtualmente a la ponencia online <a href=\"https:\/\/www.eventbrite.es\/e\/politicas-sociales-y-comunidades-respuestas-colectivas-a-retos-colectivos-tickets-1419326416519?aff=oddtdtcreator\" target=\"_blank\" rel=\"noopener\"><strong>hay que inscribirse en este formulario.<\/strong><\/a><\/p>\n<p>La masterclass se realizar\u00e1 a trav\u00e9s de la plataforma en l\u00ednea <em>Microsoft Teams<\/em>, y los asistentes recibir\u00e1n en su correo, el mismo d\u00eda de la sesi\u00f3n, el enlace para acceder al acontecimiento.<\/p>\n<p>[\/et_pb_text][\/et_pb_column][et_pb_column type=\u00bb1_3&#8243; _builder_version=\u00bb4.16&#8243; custom_padding=\u00bb|||\u00bb global_colors_info=\u00bb{}\u00bb custom_padding__hover=\u00bb|||\u00bb][et_pb_image src=\u00bbhttps:\/\/igop.uab.cat\/wp-content\/uploads\/2025\/06\/03-07-25-Masterclass-Subirats.jpg\u00bb alt=\u00bbMasterclass con Joan Subirats\u00bb title_text=\u00bb03-07-25 Masterclass Subirats\u00bb _builder_version=\u00bb4.24.3&#8243; _module_preset=\u00bbdefault\u00bb global_colors_info=\u00bb{}\u00bb][\/et_pb_image][et_pb_text _builder_version=\u00bb4.24.3&#8243; link_text_color=\u00bb#0C71C3&#8243; background_size=\u00bbinitial\u00bb background_position=\u00bbtop_left\u00bb background_repeat=\u00bbrepeat\u00bb hover_enabled=\u00bb0&#8243; global_colors_info=\u00bb{}\u00bb sticky_enabled=\u00bb0&#8243;]<\/p>\n<p><em><strong>Pol\u00edtiques socials i acci\u00f3 comunit\u00e0ria: respostes col\u00b7lectives a reptes col\u00b7lectius<\/strong><\/em><\/p>\n<p>3 Julio 2025<br \/>18h (Barcelona)<br \/>Activitat gratuita<\/p>\n<p>[\/et_pb_text][et_pb_button button_url=\u00bbhttps:\/\/www.eventbrite.es\/e\/politicas-sociales-y-comunidades-respuestas-colectivas-a-retos-colectivos-tickets-1419326416519?aff=oddtdtcreator\u00bb button_text=\u00bbInscripci\u00f3n gratuita\u00bb _builder_version=\u00bb4.24.3&#8243; _module_preset=\u00bbdefault\u00bb custom_button=\u00bbon\u00bb button_icon=\u00bb&#x6c;||divi||400&#8243; hover_enabled=\u00bb0&#8243; global_colors_info=\u00bb{}\u00bb button_text_size=\u00bb14px\u00bb button_text_color=\u00bb#FFFFFF\u00bb button_bg_color=\u00bb#008539&#8243; button_bg_enable_color=\u00bbon\u00bb sticky_enabled=\u00bb0&#8243;][\/et_pb_button][\/et_pb_column][\/et_pb_row][\/et_pb_section]<\/p>\n","protected":false},"excerpt":{"rendered":"<p>Masterclass con el catedr\u00e1tico Joan Subirats sobre c\u00f3mo repensar las pol\u00edticas sociales desde el territorio y la comunidad En un momento en que las desigualdades sociales se agravian y las respuestas institucionales a menudo resultan insuficientes, el Instituto de Gobierno y Pol\u00edticas P\u00fablicas (IGOP) y la Fundaci\u00f3n UAB proponen una reflexi\u00f3n abierta y transformadora. El [&hellip;]<\/p>\n","protected":false},"author":2,"featured_media":24861,"comment_status":"closed","ping_status":"closed","sticky":false,"template":"","format":"standard","meta":{"_et_pb_use_builder":"on","_et_pb_old_content":"","_et_gb_content_width":"","footnotes":""},"categories":[219,335],"tags":[],"class_list":["post-24869","post","type-post","status-publish","format-standard","has-post-thumbnail","hentry","category-actividades","category-actividades-es","et-has-post-format-content","et_post_format-et-post-format-standard"],"_links":{"self":[{"href":"https:\/\/igop.uab.cat\/es\/wp-json\/wp\/v2\/posts\/24869","targetHints":{"allow":["GET"]}}],"collection":[{"href":"https:\/\/igop.uab.cat\/es\/wp-json\/wp\/v2\/posts"}],"about":[{"href":"https:\/\/igop.uab.cat\/es\/wp-json\/wp\/v2\/types\/post"}],"author":[{"embeddable":true,"href":"https:\/\/igop.uab.cat\/es\/wp-json\/wp\/v2\/users\/2"}],"replies":[{"embeddable":true,"href":"https:\/\/igop.uab.cat\/es\/wp-json\/wp\/v2\/comments?post=24869"}],"version-history":[{"count":5,"href":"https:\/\/igop.uab.cat\/es\/wp-json\/wp\/v2\/posts\/24869\/revisions"}],"predecessor-version":[{"id":24874,"href":"https:\/\/igop.uab.cat\/es\/wp-json\/wp\/v2\/posts\/24869\/revisions\/24874"}],"wp:featuredmedia":[{"embeddable":true,"href":"https:\/\/igop.uab.cat\/es\/wp-json\/wp\/v2\/media\/24861"}],"wp:attachment":[{"href":"https:\/\/igop.uab.cat\/es\/wp-json\/wp\/v2\/media?parent=24869"}],"wp:term":[{"taxonomy":"category","embeddable":true,"href":"https:\/\/igop.uab.cat\/es\/wp-json\/wp\/v2\/categories?post=24869"},{"taxonomy":"post_tag","embeddable":true,"href":"https:\/\/igop.uab.cat\/es\/wp-json\/wp\/v2\/tags?post=24869"}],"curies":[{"name":"wp","href":"https:\/\/api.w.org\/{rel}","templated":true}]}}