{"id":20858,"date":"2021-12-31T00:25:14","date_gmt":"2021-12-30T23:25:14","guid":{"rendered":"https:\/\/igop.uab.cat\/2024\/08\/06\/publicaciones-2021\/"},"modified":"2024-08-06T17:48:04","modified_gmt":"2024-08-06T15:48:04","slug":"publicaciones-2021","status":"publish","type":"post","link":"https:\/\/igop.uab.cat\/es\/2021\/12\/31\/publicaciones-2021\/","title":{"rendered":"Publicaciones 2021"},"content":{"rendered":"<p>[et_pb_section fb_built=\u00bb1&#8243; _builder_version=\u00bb4.16&#8243; global_colors_info=\u00bb{}\u00bb][et_pb_row _builder_version=\u00bb4.16&#8243; background_size=\u00bbinitial\u00bb background_position=\u00bbtop_left\u00bb background_repeat=\u00bbrepeat\u00bb global_colors_info=\u00bb{}\u00bb][et_pb_column type=\u00bb4_4&#8243; _builder_version=\u00bb4.16&#8243; custom_padding=\u00bb|||\u00bb global_colors_info=\u00bb{}\u00bb custom_padding__hover=\u00bb|||\u00bb][et_pb_text _builder_version=\u00bb4.24.3&#8243; link_text_color=\u00bb#008539&#8243; background_size=\u00bbinitial\u00bb background_position=\u00bbtop_left\u00bb background_repeat=\u00bbrepeat\u00bb hover_enabled=\u00bb0&#8243; global_colors_info=\u00bb{}\u00bb sticky_enabled=\u00bb0&#8243;]<\/p>\n<p>Os presentamos las publicaciones generadas, a nivel nacional e internacional, por los investigadores adscritos al IGOP a lo largo del a\u00f1o 2021. Los datos incluyen libros y cap\u00edtulos de libro y art\u00edculos en revistas indexadas. Se recogen como indexados los art\u00edculos que formen parte de publicaciones integradas en el sistema JCR\/SJR (Scimago Journal  Country Rank).  <\/p>\n<p>&nbsp;<\/p>\n<h2>INTERNACIONALES<\/h2>\n<h4>Libros y cap\u00edtulos de libro<\/h4>\n<ol>\n<li>Bazurli R, Delcl\u00f3s C. (2021). Crimmigration and solidarity in the global city: The case of Barcelona\u2019s street vendors. In: Donatella della Porta and Elias Steinhilper (eds.): Contentious Migrant Solidarity Shrinking Spaces and Civil Society Contestation (pp. 63-82). London: Routledge.   <\/li>\n<li>Espluga, J., Konrad, W., Enander, A., Medina, B., Prades, A., Cools, P. (2021) \u201cDifferent but similar. Public perceptions of nuclear energy in a cross-country perspective\u201d in: Kaijser, A, Lehtonen, M., Meyer, J.-H., Rubio-Varas, M.d.M. (eds), Engaging the Atom. The History of Nuclear Energy and Society in Europe from the 1950s to the Present (Energy and Society Series). Morgantown: West Virginia University Press. Pp. 147-169<\/li>\n<li>Ferreri, Mara (2021). Contesting displacement through radical emplacement and occupations in austerity Europe. The handbook of displacement. Springer. DOI: <a href=\"https:\/\/doi.org\/10.1007\/978-3-030-47178-1_51\">10.1007\/978-3-030-47178-1_51<\/a>    <\/li>\n<li>Ferreri, Mara (2021). The permanence of temporary urbanism. Cities and Cultures. Amsterdam University Press. DOI: <a href=\"https:\/\/doi.org\/10.5117\/9789462984912\">10.5117\/9789462984912<\/a>    <\/li>\n<\/ol>\n<p>&nbsp;<\/p>\n<h4>Art\u00edculos revistas indexadas (SJR\/JCR)<\/h4>\n<ol>\n<li>Barbieri, N. Gallego, R., Morales, E., Mu\u00f1oz-Mendoza, C., Quintana, B. (2021). Facilitators and challenges of community action for health. Comparative analysis of four case studies in neighbourhoods of Barcelona. Policy Studies 42 (3), 271-288.    <a href=\"https:\/\/doi.org\/10.1080\/01442872.2019.1645323\">https:\/\/doi.org\/10.1080\/01442872.2019.1645323<\/a><\/li>\n<li>Barbieri, N. (2021). The right to participate in urban cultural life: from inequalities to equity. GOLD VI Working Paper Series 06  <\/li>\n<li>Blanco, Ismael; Lowndes, Vivien; Salazar, Yunailis (2021) Understanding institutional dynamics in participatory governance: how rules, practices and narratives combine to produce stability or diverge to create conditions for change, Critical Policy Studies, DOI: <a href=\"https:\/\/doi.org\/10.1080\/19460171.2021.1984265\">10.1080\/19460171.2021.1984265<\/a><\/li>\n<li>Delcl\u00f3s C, Vidal L. (2021). Beyond renovation: Addressing Europe\u2019s long housing crisis in the wake of the COVID-19 pandemic. European Urban and Regional Studies. September 2021. doi: <a href=\"https:\/\/doi.org\/10.1177\/09697764211043424\">10.1177\/09697764211043424<\/a>    <\/li>\n<li>Espluga-Trenc, J; Calvet-Mir, L.; L\u00f3pez-Garc\u00eda, D; Di Masso, M; Pomar, A.; Tendero, G. (2021) \u201cLocal Agri-Food Systems as a Cultural Heritage Strategy to Recover the Sustainability of Local Communities. Insights from the Spanish Case\u00bb. Sustainability 2021, 13, 6068. <a href=\"https:\/\/doi.org\/10.3390\/su13116068\">https:\/\/doi.org\/10.3390\/su13116068<\/a><\/li>\n<li>Ferreri, Mara Lorenzo, Vidal (2021) Public-cooperative policy mechanisms for housing commons, International Journal of Housing Policy, DOI: <a href=\"https:\/\/doi.org\/10.1080\/19491247.2021.1877888\">10.1080\/19491247.2021.1877888<\/a><\/li>\n<li>France, A., Giancola, O., Maestripieri, L.  Visentin, M., (2021). Introduction to the special section. Mastering youth transitions: Italy as a case for the contemporary complexities. Italian Journal of Sociology of Education. 13, 2, p. 1-14.    <\/li>\n<li>Firinu, A.  Maestripieri, L., (2021). Oltre la dicotomia insiders\/outsiders. Un&#8217;indagine sulla dualizzazione nel Sud Europa. Sociologia del Lavoro. 161, p. 193-217 25.    <\/li>\n<li>Gonz\u00e1lez, Sheila; Bonal, Xavier (2021). COVID-19 school closures and cumulative disadvantage : Assessing the learning gap in formal, informal and non-formal education. European journal of education, Vol. 56 N\u00fam. 4 (december 2021) , p. 607-622    <\/li>\n<li>Hudson; Scanlon; Udagawa; Fern\u00e1ndez Arrigoitia; Ferreri (2021). \u2018A Slow Build-Up of a History of Kindness\u2019: Exploring the Potential of Community-Led Housing in Alleviating Loneliness. Sustainability 2021, 13(20), 11323; <a href=\"https:\/\/doi.org\/10.3390\/su132011323\">https:\/\/doi.org\/10.3390\/su132011323<\/a>  <\/li>\n<li>Le\u00f3n, M., Arlotti, M., Palomera, D., Ranci, C. (2021). Trapped in a Blind Spot: The Covid-19 Crisis in Nursing Homes in Italy and Spain. Social Policy and Society, 1-20. DOI: <a href=\"https:\/\/doi.org\/10.1017\/S147474642100066X\">10.1017\/S147474642100066X<\/a>   <\/li>\n<li>Lehtonen, M.; Prades, A.; Espluga Trenc, J.; Konrad, W. (2021) \u201cThe emergence of mistrustful civic vigilance in Finnish, French, German and Spanish nuclear policies: ideological trust and (de)politicization.\u201d Journal of Risk Research, DOI: <a href=\"https:\/\/doi.org\/10.1080\/13669877.2021.1957986\">10.1080\/13669877.2021.1957986<\/a><\/li>\n<li>Moreira, A, L\u00e9on, M, Coda Moscarola, F, Roumpakis, A. In the eye of the storm\u2026again! Social policy responses to COVID19 in Southern Europe. Soc Policy Adm. 2021; 1\u2013 19.   <a href=\"https:\/\/doi.org\/10.1111\/spol.12681\">https:\/\/doi.org\/10.1111\/spol.12681<\/a><\/li>\n<li>Maestripieri, Lara (2021). The Covid-19 Pandemics: why Intersectionality Matters. Frontiers inSociology., 26 <a href=\"https:\/\/doi.org\/10.3389\/fsoc.2021.642662\">https:\/\/doi.org\/10.3389\/fsoc.2021.642662<\/a><\/li>\n<li>Moya, S.; Chan; K.W. (R.); Hinchliffe, S.; Buller, H.; Espluga, J.; Benavides, B.; Di\u00e9guez, F.J.; Yus, E.; Ciaravino, G.; Casal, J.; Tirado, F.; Allepuz, A. (2021) \u201cInfluence on the implementation of biosecurity measures in dairy cattle farms: Communication between veterinarians and dairy farmers\u201d. Preventive Veterinary Medicine, 190 (1): 105329. DOI: <a href=\"https:\/\/doi.org\/10.1016\/j.prevetmed.2021.105329\">10.1016\/j.prevetmed.2021.105329<\/a><\/li>\n<li>Parding, K., Bellini, A.,  Maestripieri, L. (2021). Editorial. Heterogeneity Among Professions and Professionals. Professions and Professionalism, 11(1): e3911. <a href=\"https:\/\/doi.org\/10.7577\/pp.4398\">https:\/\/doi.org\/10.7577\/pp.4398<\/a> (full-text available on UAB DDD: <a href=\"https:\/\/ddd.uab.cat\/record\/239119\">https:\/\/ddd.uab.cat\/record\/239119<\/a>).   <\/li>\n<li>Pera, Marina; Bianchi, Iolanda (2021). Governmentality, the Local State, and the Commons: An Analysis of Civic Management Facilities in Barcelona. Social Inclusion 10(1). DOI: <a href=\"https:\/\/doi.org\/10.17645\/si.v10i1.4732\">10.17645\/si.v10i1.4732<\/a>   <\/li>\n<li>Pe\u00f1uelas, Josep; Germain, Josep; \u00c1lvarez, Enrique; Aparicio, Enric; Ar\u00fas, Pere; Basnou, Corina; Blanch\u00e9, C\u00e8sar; Bonada, N\u00faria; Canals, Puri; Capodiferro, Marco; Carceller, Xavier; Casademunt, Alexandre; et al. 2021. \u00abImpacts of Use and Abuse of Nature in Catalonia with Proposals for Sustainable Management\u00bb Land 10, no. 2: 144.   <a href=\"https:\/\/doi.org\/10.3390\/land10020144\">https:\/\/doi.org\/10.3390\/land10020144<\/a><\/li>\n<li>Podda, A., Loconto, A. M., Arcidiacono, D.  Maestripieri, L., (2021), Exploring prosumption: Reconfiguring labor through rural-urban food networks?, Journal of Rural Studies, 2021, p. 442-446, <a href=\"https:\/\/doi.org\/10.1016\/j.jrurstud.2020.12.005\">https:\/\/doi.org\/10.1016\/j.jrurstud.2020.12.005<\/a>.<\/li>\n<li>Porras Bulla, J.; Rendon, M.; Espluga Trenc, J. (2021). \u201cPolicing the stigma in our waste: what we know about informal waste pickers in the global north\u201d. Local Environment, Ahead-of-print, 1-14. <a href=\"https:\/\/doi.org\/10.1080\/13549839.2021.1974368\">https:\/\/doi.org\/10.1080\/13549839.2021.1974368<\/a><\/li>\n<li>Rendon, M.; Espluga-Trenc, J.; Verd, J.M. (2021) \u201cAssessing the functional relationship between the formal and informal waste systems: A case-study in Catalonia (Spain)\u201d. Waste Management 131: 483\u2013490. <a href=\"https:\/\/doi.org\/10.1016\/j.wasman.2021.07.006\">https:\/\/doi.org\/10.1016\/j.wasman.2021.07.006<\/a><\/li>\n<\/ol>\n<p>&nbsp;<\/p>\n<h2>NACIONALES<\/h2>\n<h4>Libros y cap\u00edtulos de libro<\/h4>\n<ol>\n<li>Bianchi, Iolanda; Salazar, Yunailis y Pera, Marina (2021) \u00abNo olvidemos nunca quie\u0301nes somos ni por que\u0301 estamos aqui\u0301\u00bb. Sobre Barcelona en Comu\u0301, movimientos sociales y cambio radical. En: Tras la indignaci\u00f3n. El 15M: miradas desde el presente. Editores: Cristina Monge, Jose \u00c1ngel Bergua, Jaime Minguij\u00f3n Pablo, David Pac Salas. Editorial Gedisa., 2021. ISBN 9788418525414.<\/li>\n<li>Blanco, I., Cruz, H., Gom\u00e0, R., Ant\u00f3n, F., Porcel, S. 2021. \u201cDensidad institucional, organizaci\u00f3n ciudadana y vulnerabilidad urbana\u201d, In: Nel\u00b7lo, O. (Ed.) Efecto Barrio. Segregaci\u00f3n residencial, desigualdad social y pol\u00edticas urbanas en las grandes ciudades ib\u00e9ricas. Val\u00e8ncia: Tirant Humanidades.   <\/li>\n<li>Espluga Trenc, J. (2021) \u201cCovid-19, medio ambiente y salud\u201d. En O. Salido  M. Mass\u00f3 (eds.) Sociolog\u00eda en tiempos de pandemia. Impactos y desaf\u00edos sociales de la crisis del COVID-19. Colecci\u00f3n: Investigaci\u00f3n Sociol\u00f3gica \u2013 FES. Madrid: Marcial Pons.    <\/li>\n<li>Gom\u00e0, R. Ubasart, G. (coord.) (2021) Vidas en transici\u00f3n. (Re)construir la ciudadan\u00eda social. Madrid: Tecnos  <\/li>\n<li>Gom\u00e0, R. (2021) Reconstruir i transformar la metr\u00f2poli postcovid, en AAVV (2021) La metr\u00f2poli (post)covid. Impactes, escenaris i reptes (IERMB-AMB) (pp.7-16) <\/li>\n<li>Gom\u00e0, R. Ubasart, G. (2021) Cambio de \u00e9poca y estado de bienestar, en Gom\u00e0, R. Ubasart, G (coord) Vidas en transici\u00f3n. (Re)constuir la ciudadan\u00eda social, Madrid: Tecnos (pp. 13-20). <\/li>\n<li>Gom\u00e0, R. Ubasart, G. (2021) Complejidades, incertidumbres y esperanzas. Repensar y ejercer ciudadan\u00eda social en el siglo XXI, en Gom\u00e0, R. Ubasart, G (coord) Vidas en transici\u00f3n. (Re)construir la ciudadan\u00eda social, Madrid: Tecnos (pp.331-345)  <\/li>\n<li>Mart\u00ed, M; Grau, P; Gom\u00e0, R (2021) Movilizaciones sociales, coaliciones promotoras e impactos en las pol\u00edtica p\u00fablicas de la Barcelona metropolitana, en Ibarra, P, Mart\u00ed, S, Sribman, A (ed) Impactos, Barcelona.<\/li>\n<li>Mart\u00ed-Costa, M.,  Ferreri, M. (2021). Una pol\u00edtica de vivienda municipal innovadora: el programa de apoyo a las cooperativas de cesi\u00f3n de uso en Barcelona. In Nuevos retos para las pol\u00edticas urbanas: innovaci\u00f3n, gobernanza, servicios municipales y pol\u00edticas sectoriales (pp. 87-102). Tirant Humanidades.   <\/li>\n<li>Nel.lo, Oriol (ed.) (2021). Efecto Barrio. Segregaci\u00f3n residencial, desigualdad social y pol\u00edticas urbanas en las grandes ciudades ib\u00e9ricas. Val\u00e8ncia: Editorial Tirant lo Blanch.   <\/li>\n<li>Par\u00e9s, Marc; Ferreri, Mara; Cabr\u00e9, Eduard (2021). La coproducci\u00f3 d\u2019habitatge a Catalunya: orientacions per al m\u00f3n local. S\u00e8rie Urbanisme i Habitatge 3; Col\u00b7lecci\u00f3 Estudis. Diputaci\u00f3 de Barcelona.   <\/li>\n<li>Rodr\u00edguez, Pilar; Ramos, Clarisa y Vil\u00e0, Toni (Ed.) (2021) Ejercicio de derechos y deberes de las personas mayores en la vida cotidiana. Gu\u00edas de la Fundaci\u00f3n Pilares para la Autonom\u00eda Personal. N.\u00ba 7, 2021.<\/li>\n<\/ol>\n<p>&nbsp;<\/p>\n<h4>Art\u00edculos revistas indexadas<\/h4>\n<ol>\n<li>Bonal, X.  Gonz\u00e1lez, S. (2021) Educaci\u00f3n formal e informal en confinamiento: una creciente desigualdad de oportunidades de aprendizaje. Revista de Sociologia de la Educaci\u00f3n &#8211; RASE 14 (1): 44-62 <a href=\"https:\/\/doi.org\/10.7203\/RASE.14.1.18177\">https:\/\/doi.org\/10.7203\/RASE.14.1.18177<\/a> <\/li>\n<\/ol>\n<p>[\/et_pb_text][\/et_pb_column][\/et_pb_row][\/et_pb_section]<\/p>\n","protected":false},"excerpt":{"rendered":"<p>Os presentamos las publicaciones generadas, a nivel nacional e internacional, por los investigadores adscritos al IGOP a lo largo del a\u00f1o 2021. Los datos incluyen libros y cap\u00edtulos de libro y art\u00edculos en revistas indexadas. Se recogen como indexados los art\u00edculos que formen parte de publicaciones integradas en el sistema JCR\/SJR (Scimago Journal Country Rank). [&hellip;]<\/p>\n","protected":false},"author":2,"featured_media":20853,"comment_status":"closed","ping_status":"closed","sticky":false,"template":"","format":"standard","meta":{"_et_pb_use_builder":"on","_et_pb_old_content":"","_et_gb_content_width":"","footnotes":""},"categories":[227],"tags":[],"class_list":["post-20858","post","type-post","status-publish","format-standard","has-post-thumbnail","hentry","category-publicaciones-es","et-has-post-format-content","et_post_format-et-post-format-standard"],"_links":{"self":[{"href":"https:\/\/igop.uab.cat\/es\/wp-json\/wp\/v2\/posts\/20858","targetHints":{"allow":["GET"]}}],"collection":[{"href":"https:\/\/igop.uab.cat\/es\/wp-json\/wp\/v2\/posts"}],"about":[{"href":"https:\/\/igop.uab.cat\/es\/wp-json\/wp\/v2\/types\/post"}],"author":[{"embeddable":true,"href":"https:\/\/igop.uab.cat\/es\/wp-json\/wp\/v2\/users\/2"}],"replies":[{"embeddable":true,"href":"https:\/\/igop.uab.cat\/es\/wp-json\/wp\/v2\/comments?post=20858"}],"version-history":[{"count":4,"href":"https:\/\/igop.uab.cat\/es\/wp-json\/wp\/v2\/posts\/20858\/revisions"}],"predecessor-version":[{"id":20869,"href":"https:\/\/igop.uab.cat\/es\/wp-json\/wp\/v2\/posts\/20858\/revisions\/20869"}],"wp:featuredmedia":[{"embeddable":true,"href":"https:\/\/igop.uab.cat\/es\/wp-json\/wp\/v2\/media\/20853"}],"wp:attachment":[{"href":"https:\/\/igop.uab.cat\/es\/wp-json\/wp\/v2\/media?parent=20858"}],"wp:term":[{"taxonomy":"category","embeddable":true,"href":"https:\/\/igop.uab.cat\/es\/wp-json\/wp\/v2\/categories?post=20858"},{"taxonomy":"post_tag","embeddable":true,"href":"https:\/\/igop.uab.cat\/es\/wp-json\/wp\/v2\/tags?post=20858"}],"curies":[{"name":"wp","href":"https:\/\/api.w.org\/{rel}","templated":true}]}}