{"id":18791,"date":"2023-11-20T11:24:19","date_gmt":"2023-11-20T10:24:19","guid":{"rendered":"https:\/\/igop.uab.cat\/2023\/11\/20\/clara-march\/"},"modified":"2025-01-16T11:24:49","modified_gmt":"2025-01-16T10:24:49","slug":"clara-march","status":"publish","type":"post","link":"https:\/\/igop.uab.cat\/es\/2023\/11\/20\/clara-march\/","title":{"rendered":"Clara March"},"content":{"rendered":"<p>[et_pb_section fb_built=\u00bb1&#8243; _builder_version=\u00bb4.19.4&#8243; _module_preset=\u00bbdefault\u00bb global_colors_info=\u00bb{}\u00bb][et_pb_row _builder_version=\u00bb4.19.4&#8243; _module_preset=\u00bbdefault\u00bb global_colors_info=\u00bb{}\u00bb][et_pb_column type=\u00bb4_4&#8243; _builder_version=\u00bb4.19.4&#8243; _module_preset=\u00bbdefault\u00bb global_colors_info=\u00bb{}\u00bb][et_pb_text _builder_version=\u00bb4.24.3&#8243; _module_preset=\u00bbdefault\u00bb hover_enabled=\u00bb0&#8243; global_colors_info=\u00bb{}\u00bb sticky_enabled=\u00bb0&#8243;]<\/p>\n<p><strong><img loading=\"lazy\" decoding=\"async\" class=\"wp-image-18778 alignleft size-thumbnail\" src=\"https:\/\/igop.uab.cat\/wp-content\/uploads\/2023\/11\/Clara-March-150x150.png\" alt=\"Clara March\" width=\"150\" height=\"150\" srcset=\"https:\/\/igop.uab.cat\/wp-content\/uploads\/2023\/11\/Clara-March-150x150.png 150w, https:\/\/igop.uab.cat\/wp-content\/uploads\/2023\/11\/Clara-March-300x300.png 300w, https:\/\/igop.uab.cat\/wp-content\/uploads\/2023\/11\/Clara-March-1024x1024.png 1024w, https:\/\/igop.uab.cat\/wp-content\/uploads\/2023\/11\/Clara-March-768x768.png 768w, https:\/\/igop.uab.cat\/wp-content\/uploads\/2023\/11\/Clara-March-1080x1080.png 1080w, https:\/\/igop.uab.cat\/wp-content\/uploads\/2023\/11\/Clara-March-440x440.png 440w, https:\/\/igop.uab.cat\/wp-content\/uploads\/2023\/11\/Clara-March.png 1500w\" sizes=\"(max-width: 150px) 100vw, 150px\" \/>Clara March<\/strong> <span data-olk-copy-source=\"MessageBody\">es graduada en Ciencia Pol\u00edtica y Gesti\u00f3n P\u00fablica, y en Sociolog\u00eda por la Universidad Aut\u00f3noma de Barcelona. Tiene un master en Intervenci\u00f3n Social en las Sociedades del Conocimiento. El \u00faltimo a\u00f1o ha trabajado como T\u00e9cnico Medio de Apoyo a la Investigaci\u00f3n en el Instituto de Gobierno y Pol\u00edticas P\u00fablicas de la UAB (IGOP) en el proyecto de investigaci\u00f3n &#8216;Evaluaci\u00f3n de la gobernanza de los Servicios de residencias de mayores: transparencia, rendici\u00f3n de cuentas, confianza, calidad e igualdad&#8217; (Care-Spain). Actualmente, es una investigadora predoctoral afiliada al IGOP de la Universidad Aut\u00f3noma de Barcelona, donde sigue analizando los procesos de calidad, confianza y rendici\u00f3n de cuentas de pol\u00edticas p\u00fablicas enfocadas a los cuidados de largo plazo.   <\/span><\/p>\n<p>&nbsp;<\/p>\n<h3>CONTACTO<\/h3>\n<p><strong>Correo:<\/strong> clara.march@uab.cat<br \/><strong>Twitter:<\/strong> &#8211;<br \/><strong>Web:<\/strong> &#8211;<a href=\"https:\/\/scholar.google.com\/citations?user=FLSjLdsAAAAJ&amp;hl=en\"><br \/><\/a><strong>Portal Investigaci\u00f3n UAB:<\/strong> &#8211;<strong><br \/>ORCID<\/strong>: &#8211;<br \/><strong>ResearchGate Citations<\/strong>: &#8211;<\/p>\n<h3> <\/h3>\n<h3><strong>\u00c1REAS DE INTER\u00c9S<\/strong><\/h3>\n<p>Evaluaci\u00f3n y Administraci\u00f3n p\u00fablica, Rendici\u00f3n de cuentas e Intervenci\u00f3n social.<\/p>\n<h3> <\/h3>\n<h3><strong>PROYECTOS RELEVANTES<\/strong><\/h3>\n<ul>\n<li>Evaluaci\u00f3n de la gobernanza de los Servicios de residencias de mayores: transparencia, rendici\u00f3n de cuentas, confianza, calidad e igualdad (Care-Spain).<\/li>\n<\/ul>\n<h3> <\/h3>\n<h3><strong>PUBLICACIONES DESTACADAS<\/strong><\/h3>\n<ol>\n<li>March, C. (2023). La desvinculaci\u00f3 escolar en els centres educatius. Estudi comparatiu entre centres de titularitat p\u00fablica, concertada i privada[Treball de fi de grau]. UAB.<\/li>\n<li>March, C. (2023). Reconnectant amb l\u2019escola. Estudi de cas en un casal obert de Matar\u00f3. [Treball de fi de grau]. UAB.<\/li>\n<\/ol>\n<p>[\/et_pb_text][\/et_pb_column][\/et_pb_row][\/et_pb_section]<\/p>\n","protected":false},"excerpt":{"rendered":"<p>Clara March es graduada en Ciencia Pol\u00edtica y Gesti\u00f3n P\u00fablica, y en Sociolog\u00eda por la Universidad Aut\u00f3noma de Barcelona. Tiene un master en Intervenci\u00f3n Social en las Sociedades del Conocimiento. El \u00faltimo a\u00f1o ha trabajado como T\u00e9cnico Medio de Apoyo a la Investigaci\u00f3n en el Instituto de Gobierno y Pol\u00edticas P\u00fablicas de la UAB (IGOP) [&hellip;]<\/p>\n","protected":false},"author":2,"featured_media":0,"comment_status":"closed","ping_status":"closed","sticky":false,"template":"","format":"standard","meta":{"_et_pb_use_builder":"on","_et_pb_old_content":"","_et_gb_content_width":"","footnotes":""},"categories":[629],"tags":[],"class_list":["post-18791","post","type-post","status-publish","format-standard","hentry","category-directorio","et-doesnt-have-format-content","et_post_format-et-post-format-standard"],"_links":{"self":[{"href":"https:\/\/igop.uab.cat\/es\/wp-json\/wp\/v2\/posts\/18791","targetHints":{"allow":["GET"]}}],"collection":[{"href":"https:\/\/igop.uab.cat\/es\/wp-json\/wp\/v2\/posts"}],"about":[{"href":"https:\/\/igop.uab.cat\/es\/wp-json\/wp\/v2\/types\/post"}],"author":[{"embeddable":true,"href":"https:\/\/igop.uab.cat\/es\/wp-json\/wp\/v2\/users\/2"}],"replies":[{"embeddable":true,"href":"https:\/\/igop.uab.cat\/es\/wp-json\/wp\/v2\/comments?post=18791"}],"version-history":[{"count":11,"href":"https:\/\/igop.uab.cat\/es\/wp-json\/wp\/v2\/posts\/18791\/revisions"}],"predecessor-version":[{"id":22951,"href":"https:\/\/igop.uab.cat\/es\/wp-json\/wp\/v2\/posts\/18791\/revisions\/22951"}],"wp:attachment":[{"href":"https:\/\/igop.uab.cat\/es\/wp-json\/wp\/v2\/media?parent=18791"}],"wp:term":[{"taxonomy":"category","embeddable":true,"href":"https:\/\/igop.uab.cat\/es\/wp-json\/wp\/v2\/categories?post=18791"},{"taxonomy":"post_tag","embeddable":true,"href":"https:\/\/igop.uab.cat\/es\/wp-json\/wp\/v2\/tags?post=18791"}],"curies":[{"name":"wp","href":"https:\/\/api.w.org\/{rel}","templated":true}]}}