{"id":18754,"date":"2023-11-20T10:55:43","date_gmt":"2023-11-20T09:55:43","guid":{"rendered":"https:\/\/igop.uab.cat\/2023\/11\/20\/maria-marcet\/"},"modified":"2023-11-20T11:06:09","modified_gmt":"2023-11-20T10:06:09","slug":"maria-marcet","status":"publish","type":"post","link":"https:\/\/igop.uab.cat\/es\/2023\/11\/20\/maria-marcet\/","title":{"rendered":"Maria Marcet"},"content":{"rendered":"<p>[et_pb_section fb_built=\u00bb1&#8243; _builder_version=\u00bb4.16&#8243; global_colors_info=\u00bb{}\u00bb][et_pb_row _builder_version=\u00bb4.16&#8243; background_size=\u00bbinitial\u00bb background_position=\u00bbtop_left\u00bb background_repeat=\u00bbrepeat\u00bb global_colors_info=\u00bb{}\u00bb][et_pb_column type=\u00bb4_4&#8243; _builder_version=\u00bb4.16&#8243; custom_padding=\u00bb|||\u00bb global_colors_info=\u00bb{}\u00bb custom_padding__hover=\u00bb|||\u00bb][et_pb_text _builder_version=\u00bb4.19.4&#8243; link_text_color=\u00bb#0C71C3&#8243; background_size=\u00bbinitial\u00bb background_position=\u00bbtop_left\u00bb background_repeat=\u00bbrepeat\u00bb hover_enabled=\u00bb0&#8243; global_colors_info=\u00bb{}\u00bb sticky_enabled=\u00bb0&#8243;]<\/p>\n<p><strong><img loading=\"lazy\" decoding=\"async\" class=\"alignleft size-thumbnail wp-image-18740\" src=\"https:\/\/igop.uab.cat\/wp-content\/uploads\/2023\/11\/Maria-Mercet-150x150.jpg\" alt=\"Maria Mercet IGOP\" width=\"150\" height=\"150\" srcset=\"https:\/\/igop.uab.cat\/wp-content\/uploads\/2023\/11\/Maria-Mercet-150x150.jpg 150w, https:\/\/igop.uab.cat\/wp-content\/uploads\/2023\/11\/Maria-Mercet.jpg 300w\" sizes=\"(max-width: 150px) 100vw, 150px\" \/>Maria Marcet<\/strong> es t\u00e9cnica de apoyo en la investigaci\u00f3n del proyecto europeo \u00abEuropean Competence Framework for a Low Carbon Economy and Sustainability through education\u00bb (ECF4CLIM). \u00c9ste es el primer proyecto de investigaci\u00f3n en el que trabaja despu\u00e9s de graduarse en Ciencia Pol\u00edtica y Gesti\u00f3n P\u00fablica y Sociolog\u00eda, en la Universidad Aut\u00f3noma, donde tambi\u00e9n ha trabajado el \u00e1mbito de la participaci\u00f3n con la Unidad de Dinamizaci\u00f3n Comunitaria. Sus intereses acad\u00e9micos se relacionan con las pol\u00edticas de sostenibilidad, a distintos niveles, pero especialmente las relacionadas con la alimentaci\u00f3n (agroecolog\u00eda). Trabaja en paralelo con el activismo clim\u00e1tico en la ciudad de Barcelona.<\/p>\n<div class=\"et_pb_module et_pb_text et_pb_text_0 et_pb_text_align_left et_pb_bg_layout_light\">\n<div class=\"et_pb_text_inner\">\n<p>&nbsp;<\/p>\n<\/div>\n<\/div>\n<div class=\"et_pb_module et_pb_text et_pb_text_1 et_pb_text_align_left et_pb_bg_layout_light\">\n<div class=\"et_pb_text_inner\">\n<h3>CONTACTO<\/h3>\n<p><strong>Correo:<\/strong> <span class=\"NormalTextRun SCXW34587746 BCX0\">maria.marcet@<\/span><span class=\"NormalTextRun SCXW34587746 BCX0\">uab.cat<\/span><br \/><strong>Twitter: <\/strong><a href=\"https:\/\/twitter.com\/ecoutopiam\" target=\"_blank\" rel=\"noopener\">https:\/\/twitter.com\/<span class=\"TextRun SCXW34587746 BCX0\" lang=\"CA-ES\" xml:lang=\"CA-ES\" data-contrast=\"auto\"><span class=\"NormalTextRun SCXW34587746 BCX0\">ecoutopiam<\/span><\/span><\/a><br \/><strong>Web:<\/strong> &#8211;<a href=\"https:\/\/scholar.google.com\/citations?user=FLSjLdsAAAAJ&amp;hl=en\"><br \/><\/a><strong>Portal Investigaci\u00f3n UAB:<\/strong> &#8211;<strong><br \/>ORCID<\/strong>: &#8211;<br \/><strong>ResearchGate Citations<\/strong>: &#8211;<\/p>\n<\/div>\n<\/div>\n<div class=\"et_pb_module et_pb_text et_pb_text_2 et_pb_text_align_left et_pb_bg_layout_light\">\n<div class=\"et_pb_text_inner\">\n<h3><strong>\u00c1REAS DE INTER\u00c9S<\/strong><\/h3>\n<p>Agroecolog\u00eda pol\u00edtica, pol\u00edticas de sostenibilidad, participaci\u00f3n comunitaria, an\u00e1lisis del activismo clim\u00e1tico.<\/p>\n<\/div>\n<\/div>\n<div class=\"et_pb_module et_pb_text et_pb_text_3 et_pb_text_align_left et_pb_bg_layout_light\">\n<div class=\"et_pb_text_inner\">\n<h3><strong>PROYECTOS RELEVANTES<\/strong><\/h3>\n<ul>\n<li><a href=\"https:\/\/igop.uab.cat\/wp-content\/uploads\/2022\/07\/Fitxa-projecte-EN_ECF4CLIM.pdf\">ECF4CLIM, European Competence Framework for a Low Carbon Economy and Sustainability through Education<\/a><\/li>\n<\/ul>\n<\/div>\n<\/div>\n<div class=\"et_pb_module et_pb_text et_pb_text_4 et_pb_text_align_left et_pb_bg_layout_light\">\n<div class=\"et_pb_text_inner\">\n<h3><strong>PUBLICACIONES DESTACADAS<\/strong><\/h3>\n<ol>\n<li><a href=\"https:\/\/www.ecf4clim.net\/_files\/ugd\/1088b3_b73ca094793545a6acf22a970c948e7e.pdf\" target=\"_blank\" rel=\"noopener\">ECF4CLIM. D8.5 Transdiciplinary Dialogue Strategy<\/a><\/li>\n<\/ol>\n<\/div>\n<\/div>\n<p>[\/et_pb_text][\/et_pb_column][\/et_pb_row][\/et_pb_section]<\/p>\n","protected":false},"excerpt":{"rendered":"<p>Maria Marcet es t\u00e9cnica de apoyo en la investigaci\u00f3n del proyecto europeo \u00abEuropean Competence Framework for a Low Carbon Economy and Sustainability through education\u00bb (ECF4CLIM). \u00c9ste es el primer proyecto de investigaci\u00f3n en el que trabaja despu\u00e9s de graduarse en Ciencia Pol\u00edtica y Gesti\u00f3n P\u00fablica y Sociolog\u00eda, en la Universidad Aut\u00f3noma, donde tambi\u00e9n ha trabajado [&hellip;]<\/p>\n","protected":false},"author":2,"featured_media":0,"comment_status":"closed","ping_status":"closed","sticky":false,"template":"","format":"standard","meta":{"_et_pb_use_builder":"on","_et_pb_old_content":"","_et_gb_content_width":"","footnotes":""},"categories":[628],"tags":[],"class_list":["post-18754","post","type-post","status-publish","format-standard","hentry","category-directori","et-doesnt-have-format-content","et_post_format-et-post-format-standard"],"_links":{"self":[{"href":"https:\/\/igop.uab.cat\/es\/wp-json\/wp\/v2\/posts\/18754","targetHints":{"allow":["GET"]}}],"collection":[{"href":"https:\/\/igop.uab.cat\/es\/wp-json\/wp\/v2\/posts"}],"about":[{"href":"https:\/\/igop.uab.cat\/es\/wp-json\/wp\/v2\/types\/post"}],"author":[{"embeddable":true,"href":"https:\/\/igop.uab.cat\/es\/wp-json\/wp\/v2\/users\/2"}],"replies":[{"embeddable":true,"href":"https:\/\/igop.uab.cat\/es\/wp-json\/wp\/v2\/comments?post=18754"}],"version-history":[{"count":7,"href":"https:\/\/igop.uab.cat\/es\/wp-json\/wp\/v2\/posts\/18754\/revisions"}],"predecessor-version":[{"id":18774,"href":"https:\/\/igop.uab.cat\/es\/wp-json\/wp\/v2\/posts\/18754\/revisions\/18774"}],"wp:attachment":[{"href":"https:\/\/igop.uab.cat\/es\/wp-json\/wp\/v2\/media?parent=18754"}],"wp:term":[{"taxonomy":"category","embeddable":true,"href":"https:\/\/igop.uab.cat\/es\/wp-json\/wp\/v2\/categories?post=18754"},{"taxonomy":"post_tag","embeddable":true,"href":"https:\/\/igop.uab.cat\/es\/wp-json\/wp\/v2\/tags?post=18754"}],"curies":[{"name":"wp","href":"https:\/\/api.w.org\/{rel}","templated":true}]}}