{"id":17463,"date":"2023-03-07T16:01:33","date_gmt":"2023-03-07T15:01:33","guid":{"rendered":"https:\/\/igop.uab.cat\/2023\/03\/07\/carla-cordoncillo\/"},"modified":"2023-03-07T16:01:37","modified_gmt":"2023-03-07T15:01:37","slug":"carla-cordoncillo","status":"publish","type":"post","link":"https:\/\/igop.uab.cat\/es\/2023\/03\/07\/carla-cordoncillo\/","title":{"rendered":"Carla Cordoncillo"},"content":{"rendered":"<p>[et_pb_section fb_built=\u00bb1&#8243; _builder_version=\u00bb4.16&#8243; global_colors_info=\u00bb{}\u00bb theme_builder_area=\u00bbpost_content\u00bb][et_pb_row _builder_version=\u00bb4.16&#8243; background_size=\u00bbinitial\u00bb background_position=\u00bbtop_left\u00bb background_repeat=\u00bbrepeat\u00bb global_colors_info=\u00bb{}\u00bb theme_builder_area=\u00bbpost_content\u00bb][et_pb_column type=\u00bb4_4&#8243; _builder_version=\u00bb4.16&#8243; custom_padding=\u00bb|||\u00bb global_colors_info=\u00bb{}\u00bb custom_padding__hover=\u00bb|||\u00bb theme_builder_area=\u00bbpost_content\u00bb][et_pb_text _builder_version=\u00bb4.19.4&#8243; link_text_color=\u00bb#0C71C3&#8243; background_size=\u00bbinitial\u00bb background_position=\u00bbtop_left\u00bb background_repeat=\u00bbrepeat\u00bb hover_enabled=\u00bb0&#8243; global_colors_info=\u00bb{}\u00bb theme_builder_area=\u00bbpost_content\u00bb sticky_enabled=\u00bb0&#8243;]<\/p>\n<p><strong><img loading=\"lazy\" decoding=\"async\" class=\"espai2 alignleft wp-image-15710 size-full\" src=\"https:\/\/igop.uab.cat\/wp-content\/uploads\/2023\/01\/Carla-Cordoncillo-IGOP.jpg\" alt=\"Carla Cordoncillo IGOP\" width=\"150\" height=\"150\"><\/strong><strong>Carla Cordoncillo<\/strong> es graduada en Ciencia Pol\u00edtica y de la Administraci\u00f3n por la Universidad Pompeu Fabra y M\u00e1ster en Estudios del Desarrollo por la Universidad de Los Andes. Actualmente, trabaja como analista en el Instituto Catal\u00e1n de Evaluaci\u00f3n de Pol\u00edticas P\u00fablicas (Ival\u00eda) y cursa un doctorado industrial en el Instituto de Gobierno y Pol\u00edticas P\u00fablicas (IGOP) de la Universidad Aut\u00f3noma de Barcelona. Anteriormente ha trabajado como evaluadora de programas y pol\u00edticas p\u00fablicas y ha estado vinculada a varios proyectos de consultor\u00eda y de investigaci\u00f3n.<\/p>\n<p>[\/et_pb_text][et_pb_text _builder_version=\u00bb4.19.4&#8243; link_text_color=\u00bb#0C71C3&#8243; background_size=\u00bbinitial\u00bb background_position=\u00bbtop_left\u00bb background_repeat=\u00bbrepeat\u00bb hover_enabled=\u00bb0&#8243; global_colors_info=\u00bb{}\u00bb theme_builder_area=\u00bbpost_content\u00bb sticky_enabled=\u00bb0&#8243;]<\/p>\n<h3>CONTACTO<\/h3>\n<p><strong>Correo:<\/strong> carla.cordoncillo.acosta@gmail.com<br \/><strong>Twitter: <\/strong>&#8211;<br \/><strong>Web:<\/strong> <a href=\"https:\/\/www.linkedin.com\/in\/carla-cordoncillo-acosta\/\" target=\"_blank\" rel=\"noopener\">https:\/\/www.linkedin.com\/in\/carla-cordoncillo-acosta\/<\/a><a href=\"https:\/\/scholar.google.com\/citations?user=FLSjLdsAAAAJ&amp;hl=en\"><br \/><\/a><strong>Portal Investigaci\u00f3n UAB:<\/strong> &#8211;<strong><br \/>ORCID<\/strong>: <a href=\"https:\/\/orcid.org\/0000-0002-2469-3185\" target=\"_blank\" rel=\"noopener\">https:\/\/orcid.org\/0000-0002-2469-3185 \/<\/a><br \/><strong>ResearchGate Citations<\/strong>: &#8211;<\/p>\n<p>[\/et_pb_text][et_pb_text _builder_version=\u00bb4.19.4&#8243; link_text_color=\u00bb#0C71C3&#8243; background_size=\u00bbinitial\u00bb background_position=\u00bbtop_left\u00bb background_repeat=\u00bbrepeat\u00bb hover_enabled=\u00bb0&#8243; global_colors_info=\u00bb{}\u00bb theme_builder_area=\u00bbpost_content\u00bb sticky_enabled=\u00bb0&#8243;]<\/p>\n<h3><strong>\u00c1REAS DE INTER\u00c9S<\/strong><\/h3>\n<p>Dise\u00f1o y evaluaci\u00f3n de pol\u00edticas p\u00fablicas<\/p>\n<p>[\/et_pb_text][et_pb_text _builder_version=\u00bb4.19.4&#8243; link_text_color=\u00bb#0C71C3&#8243; background_size=\u00bbinitial\u00bb background_position=\u00bbtop_left\u00bb background_repeat=\u00bbrepeat\u00bb hover_enabled=\u00bb0&#8243; global_colors_info=\u00bb{}\u00bb theme_builder_area=\u00bbpost_content\u00bb sticky_enabled=\u00bb0&#8243;]<\/p>\n<h3><strong>3 PROYECTOS RELEVANTES<\/strong><\/h3>\n<ul>\n<li>Avaluaci\u00f3 de la Llei 17\/2015. Una an\u00e0lisi a partir dels discursos i un \u00edndex sint\u00e8tic. Projecte finan\u00e7at per l\u2019Institut Catal\u00e0 de les Dones (ICD). Iv\u00e0lua, 2022. Informe disponible a: <a href=\"https:\/\/ivalua.cat\/sites\/default\/files\/2023-02\/Informe%20d%27Avaluaci%C3%B3%20de%20la%20Llei%20172015.pdf\">https:\/\/ivalua.cat\/sites\/default\/files\/2023-02\/Informe%20d%27Avaluaci%C3%B3%20de%20la%20Llei%20172015.pdf<\/a><\/li>\n<li>Avaluaci\u00f3 del Pla de Barris 2016-2020. Projecte finan\u00e7at per Foment de Ciutat. Iv\u00e0lua, 2021. Informe disponible a: <a href=\"https:\/\/ivalua.cat\/sites\/default\/files\/2021-11\/Informe_final_Pla%20Barris%20Def.pdf\">https:\/\/ivalua.cat\/sites\/default\/files\/2021-11\/Informe_final_Pla%20Barris%20Def.pdf<\/a><\/li>\n<li>Avaluaci\u00f3 dels programes Caixa d\u2019Eines i EducArts. Finan\u00e7at per Foment de Ciutat. Iv\u00e0lua, 2021.<\/li>\n<\/ul>\n<p>[\/et_pb_text][et_pb_text _builder_version=\u00bb4.19.4&#8243; link_text_color=\u00bb#0C71C3&#8243; background_size=\u00bbinitial\u00bb background_position=\u00bbtop_left\u00bb background_repeat=\u00bbrepeat\u00bb hover_enabled=\u00bb0&#8243; global_colors_info=\u00bb{}\u00bb theme_builder_area=\u00bbpost_content\u00bb sticky_enabled=\u00bb0&#8243;]<\/p>\n<h3><strong>3 PUBLICACIONES DESTACADAS<\/strong><\/h3>\n<ol>\n<li>CORDONCILLO, Carla; GARC\u00cdA, Paola; MOLINA, Alexandra; PARDO, Bel\u00e9n; URIBE, Mauricio; VARGAS, Gonzalo (2016). <em>48 preguntas sobre la construcci\u00f3n de paz en Colombia. Una agenda de investigaci\u00f3n aplicada. <\/em>Universidad de Los Andes.<\/li>\n<\/ol>\n<p>[\/et_pb_text][\/et_pb_column][\/et_pb_row][\/et_pb_section]<\/p>\n","protected":false},"excerpt":{"rendered":"<p>Carla Cordoncillo es graduada en Ciencia Pol\u00edtica y de la Administraci\u00f3n por la Universidad Pompeu Fabra y M\u00e1ster en Estudios del Desarrollo por la Universidad de Los Andes. Actualmente, trabaja como analista en el Instituto Catal\u00e1n de Evaluaci\u00f3n de Pol\u00edticas P\u00fablicas (Ival\u00eda) y cursa un doctorado industrial en el Instituto de Gobierno y Pol\u00edticas P\u00fablicas [&hellip;]<\/p>\n","protected":false},"author":2,"featured_media":0,"comment_status":"closed","ping_status":"closed","sticky":false,"template":"","format":"standard","meta":{"_et_pb_use_builder":"on","_et_pb_old_content":"","_et_gb_content_width":"","footnotes":""},"categories":[629],"tags":[],"class_list":["post-17463","post","type-post","status-publish","format-standard","hentry","category-directorio","et-doesnt-have-format-content","et_post_format-et-post-format-standard"],"_links":{"self":[{"href":"https:\/\/igop.uab.cat\/es\/wp-json\/wp\/v2\/posts\/17463","targetHints":{"allow":["GET"]}}],"collection":[{"href":"https:\/\/igop.uab.cat\/es\/wp-json\/wp\/v2\/posts"}],"about":[{"href":"https:\/\/igop.uab.cat\/es\/wp-json\/wp\/v2\/types\/post"}],"author":[{"embeddable":true,"href":"https:\/\/igop.uab.cat\/es\/wp-json\/wp\/v2\/users\/2"}],"replies":[{"embeddable":true,"href":"https:\/\/igop.uab.cat\/es\/wp-json\/wp\/v2\/comments?post=17463"}],"version-history":[{"count":2,"href":"https:\/\/igop.uab.cat\/es\/wp-json\/wp\/v2\/posts\/17463\/revisions"}],"predecessor-version":[{"id":17465,"href":"https:\/\/igop.uab.cat\/es\/wp-json\/wp\/v2\/posts\/17463\/revisions\/17465"}],"wp:attachment":[{"href":"https:\/\/igop.uab.cat\/es\/wp-json\/wp\/v2\/media?parent=17463"}],"wp:term":[{"taxonomy":"category","embeddable":true,"href":"https:\/\/igop.uab.cat\/es\/wp-json\/wp\/v2\/categories?post=17463"},{"taxonomy":"post_tag","embeddable":true,"href":"https:\/\/igop.uab.cat\/es\/wp-json\/wp\/v2\/tags?post=17463"}],"curies":[{"name":"wp","href":"https:\/\/api.w.org\/{rel}","templated":true}]}}