{"id":16601,"date":"2023-02-09T22:52:58","date_gmt":"2023-02-09T21:52:58","guid":{"rendered":"https:\/\/igop.uab.cat\/2023\/02\/09\/ernesto-morales\/"},"modified":"2024-01-10T13:03:56","modified_gmt":"2024-01-10T12:03:56","slug":"ernesto-morales","status":"publish","type":"post","link":"https:\/\/igop.uab.cat\/es\/2023\/02\/09\/ernesto-morales\/","title":{"rendered":"Ernesto Morales"},"content":{"rendered":"<p>[et_pb_section fb_built=\u00bb1&#8243; _builder_version=\u00bb4.19.4&#8243; _module_preset=\u00bbdefault\u00bb global_colors_info=\u00bb{}\u00bb][et_pb_row _builder_version=\u00bb4.19.4&#8243; _module_preset=\u00bbdefault\u00bb global_colors_info=\u00bb{}\u00bb][et_pb_column type=\u00bb4_4&#8243; _builder_version=\u00bb4.19.4&#8243; _module_preset=\u00bbdefault\u00bb global_colors_info=\u00bb{}\u00bb][et_pb_text _builder_version=\u00bb4.19.4&#8243; _module_preset=\u00bbdefault\u00bb hover_enabled=\u00bb0&#8243; global_colors_info=\u00bb{}\u00bb sticky_enabled=\u00bb0&#8243;]<\/p>\n<p><img loading=\"lazy\" decoding=\"async\" class=\"espai2 alignleft wp-image-15604 size-full\" src=\"https:\/\/igop.uab.cat\/wp-content\/uploads\/2023\/01\/ERNESTO-MORALES.png\" alt=\"Ernesto Morales IGOP\" width=\"150\" height=\"150\"><strong>Ernesto Morales<\/strong> es Doctor en Pol\u00edticas P\u00fablicas y Transformaci\u00f3n Social por la UAB. Ha desarrollado su trayectoria profesional y de investigaci\u00f3n en los \u00e1mbitos de la participaci\u00f3n ciudadana, la econom\u00eda solidaria, el desarrollo comunitario y los procesos de empoderamiento ciudadano. Desde el a\u00f1o 2016 es coordinador de la Escuela del IGOP, espacio de coproducci\u00f3n de conocimiento y transferencia del IGOP-UAB, ubicado en el distrito de Nou Barris, desde donde se realiza investigaci\u00f3n en acci\u00f3n comunitaria y econom\u00eda solidaria, as\u00ed como diferentes iniciativas de investigaci\u00f3n-acci\u00f3n-participativa en colaboraci\u00f3n con agentes del territorio. Actualmente desarrolla funciones de coordinaci\u00f3n pedag\u00f3gica en el M\u00e1ster interuniversitario en Pol\u00edticas Sociales y Acci\u00f3n Comunitaria (FUAB-UAB; UdG; UdL; UVic) el cual se desarrolla en la Escuela del IGOP y en diferentes barrios del territorio catal\u00e1n.<\/p>\n<p>[\/et_pb_text][et_pb_text _builder_version=\u00bb4.19.4&#8243; _module_preset=\u00bbdefault\u00bb link_text_color=\u00bb#0C71C3&#8243; hover_enabled=\u00bb0&#8243; global_colors_info=\u00bb{}\u00bb sticky_enabled=\u00bb0&#8243;]<\/p>\n<h3><b>CONTACTO<\/b><\/h3>\n<p><strong>Correo:<\/strong> ernesto.morales@uab.cat<br \/><strong>Twitter: <\/strong><a href=\"https:\/\/twitter.com\/ernestmorales?lang=ca\" target=\"_blank\" rel=\"noopener\">@ernestmorales<\/a><br \/><strong>Web: <\/strong><a href=\"http:\/\/escoladeligop.com\/\" target=\"_blank\" rel=\"noopener\">http:\/\/escoladeligop.com\/<\/a><a href=\"https:\/\/scholar.google.com\/citations?user=FLSjLdsAAAAJ&amp;hl=en\"><br \/><\/a><strong>Portal Investigaci\u00f3n UAB: <\/strong><a href=\"https:\/\/portalrecerca.uab.cat\/en\/persons\/ernesto-morales-morales-2\" target=\"_blank\" rel=\"noopener\">https:\/\/portalrecerca.uab.cat\/en\/persons\/ernesto-morales-morales-2<\/a><strong><br \/>ORCID<\/strong>: <a href=\"https:\/\/orcid.org\/0000-0002-2659-1502\" target=\"_blank\" rel=\"noopener\">https:\/\/orcid.org\/0000-0002-2659-1502<\/a><br \/><strong>ResearchGate Citations<\/strong>: <a id=\"OWA21fbf139-1cf1-6adf-21d8-b4f68e7258de\" class=\"x_OWAAutoLink\" href=\"https:\/\/www.researchgate.net\/profile\/Ernesto-Morales-3\" target=\"_blank\" rel=\"noopener noreferrer\" data-auth=\"NotApplicable\" data-loopstyle=\"linkonly\" data-linkindex=\"0\">Research profile (researchgate.net)<\/a><br \/><strong>UAB Academia:<\/strong> <a href=\"https:\/\/uab.academia.edu\/ErnestoMoralesMorales\" target=\"_blank\" rel=\"noopener\">https:\/\/uab.academia.edu\/ErnestoMoralesMorales<\/a><\/p>\n<p>[\/et_pb_text][et_pb_text _builder_version=\u00bb4.19.4&#8243; _module_preset=\u00bbdefault\u00bb global_colors_info=\u00bb{}\u00bb]<\/p>\n<h3><b>\u00c1REAS DE INTER\u00c9S<\/b><\/h3>\n<p>Participaci\u00f3n, Acci\u00f3n comunitaria y Econom\u00eda solidaria.<\/p>\n<p>[\/et_pb_text][et_pb_text _builder_version=\u00bb4.19.4&#8243; _module_preset=\u00bbdefault\u00bb link_text_color=\u00bb#0C71C3&#8243; hover_enabled=\u00bb0&#8243; global_colors_info=\u00bb{}\u00bb sticky_enabled=\u00bb0&#8243;]<\/p>\n<h3><b>3 PROYECTOS RELEVANTES<\/b><\/h3>\n<ul>\n<li>\n<p class=\"title\"><a class=\"link\" href=\"https:\/\/portalrecerca.uab.cat\/en\/projects\/238117fe-efa4-4d3d-878f-bcd9b9cfd5c8\" rel=\"UPMProject\">Comunalitat Nou Barris<\/a>. <a class=\"link person\" href=\"https:\/\/portalrecerca.uab.cat\/en\/persons\/ernesto-morales-morales-2\" rel=\"Person\">Morales Morales, E.<\/a>; <span class=\"date\">16\/02\/22<\/span> \u2192 <span class=\"date\">15\/02\/24.<\/span><\/p>\n<\/li>\n<li>\n<p class=\"title\"><a class=\"link\" href=\"https:\/\/portalrecerca.uab.cat\/en\/projects\/avaluaci%C3%B3-de-limpacte-de-lacci%C3%B3-comunit%C3%A0ria-en-la-salut-de-la-pob-4\" rel=\"UPMProject\">Avaluaci\u00f3 de l&#8217;impacte de l&#8217;acci\u00f3 comunit\u00e0ria en la salut de la poblaci\u00f3<\/a>. <a class=\"link person\" href=\"https:\/\/portalrecerca.uab.cat\/en\/persons\/raquel-gallego-calderon-3\" rel=\"Person\">Gallego-Calder\u00f3n, R.<\/a>, Barbieri , N. &amp; <a class=\"link person\" href=\"https:\/\/portalrecerca.uab.cat\/en\/persons\/ernesto-morales-morales-2\" rel=\"Person\">Morales Morales, E.; <\/a><span class=\"date\">23\/02\/15<\/span> \u2192 <span class=\"date\">23\/02\/17<\/span><\/p>\n<\/li>\n<\/ul>\n<p>[\/et_pb_text][et_pb_text _builder_version=\u00bb4.19.4&#8243; _module_preset=\u00bbdefault\u00bb link_text_color=\u00bb#0C71C3&#8243; hover_enabled=\u00bb0&#8243; global_colors_info=\u00bb{}\u00bb sticky_enabled=\u00bb0&#8243;]<\/p>\n<h3><b>3 PUBLICACIONES DESTACADAS<\/b><\/h3>\n<ul>\n<li>Barbieri, N., <strong>Gallego, R.<\/strong>, <strong>Morales, E<\/strong>., Rodr\u00edguez-Sanz, M., Pal\u00e8ncia, L., &amp; Pasar\u00edn, M. I. (2018). Measuring and analysing community action for health: an indicator-based typology and its application to the case of Barcelona. <i>Social Indicators Research<\/i>, <i>139<\/i>, 25-45.<\/li>\n<li><strong>\u00d3scar Rebollo; Ernesto Morales y Sheila Gonz\u00e1lez<\/strong> (2016); Gu\u00eda operativa de evaluaci\u00f3n de la acci\u00f3n comunitaria; IGOP\u2014UAB; Con el apoyo de \u00c0rea de Qualitat de Vida, Igualtat i Esports (Ajuntament de Barcelona). <a title=\"Guia Operativa Evaluaci\u00f3n Acci\u00f3n Operativa\" href=\"https:\/\/igop.uab.cat\/wp-content\/uploads\/2016\/03\/Guia_operativa-EAC_2016.pdf\" target=\"_blank\" rel=\"noopener\">Descarregar Guia operativa [ pdf ]<\/a><\/li>\n<li>Ganuza, E., Nez, H., &amp; <strong>Morales, E.<\/strong> (2014). The Struggle for a Voice: Tensions between Associations and Citizens in Participatory Budgeting. <i>International Journal of Urban and Regional Research<\/i>, <i>38<\/i>(6), 2274-2291. <a id=\"LPlnk782693\" class=\"x_OWAAutoLink\" href=\"https:\/\/doi.org\/10.1111\/1468-2427.12059\" target=\"_blank\" rel=\"noopener noreferrer\" data-auth=\"NotApplicable\" data-loopstyle=\"linkonly\" data-linkindex=\"2\">https:\/\/doi.org\/10.1111\/1468-2427.12059<\/a><\/li>\n<\/ul>\n<p>[\/et_pb_text][\/et_pb_column][\/et_pb_row][\/et_pb_section]<\/p>\n","protected":false},"excerpt":{"rendered":"<p>Ernesto Morales es Doctor en Pol\u00edticas P\u00fablicas y Transformaci\u00f3n Social por la UAB. Ha desarrollado su trayectoria profesional y de investigaci\u00f3n en los \u00e1mbitos de la participaci\u00f3n ciudadana, la econom\u00eda solidaria, el desarrollo comunitario y los procesos de empoderamiento ciudadano. Desde el a\u00f1o 2016 es coordinador de la Escuela del IGOP, espacio de coproducci\u00f3n de [&hellip;]<\/p>\n","protected":false},"author":2,"featured_media":0,"comment_status":"closed","ping_status":"closed","sticky":false,"template":"","format":"standard","meta":{"_et_pb_use_builder":"on","_et_pb_old_content":"","_et_gb_content_width":"","footnotes":""},"categories":[629],"tags":[],"class_list":["post-16601","post","type-post","status-publish","format-standard","hentry","category-directorio","et-doesnt-have-format-content","et_post_format-et-post-format-standard"],"_links":{"self":[{"href":"https:\/\/igop.uab.cat\/es\/wp-json\/wp\/v2\/posts\/16601","targetHints":{"allow":["GET"]}}],"collection":[{"href":"https:\/\/igop.uab.cat\/es\/wp-json\/wp\/v2\/posts"}],"about":[{"href":"https:\/\/igop.uab.cat\/es\/wp-json\/wp\/v2\/types\/post"}],"author":[{"embeddable":true,"href":"https:\/\/igop.uab.cat\/es\/wp-json\/wp\/v2\/users\/2"}],"replies":[{"embeddable":true,"href":"https:\/\/igop.uab.cat\/es\/wp-json\/wp\/v2\/comments?post=16601"}],"version-history":[{"count":4,"href":"https:\/\/igop.uab.cat\/es\/wp-json\/wp\/v2\/posts\/16601\/revisions"}],"predecessor-version":[{"id":19211,"href":"https:\/\/igop.uab.cat\/es\/wp-json\/wp\/v2\/posts\/16601\/revisions\/19211"}],"wp:attachment":[{"href":"https:\/\/igop.uab.cat\/es\/wp-json\/wp\/v2\/media?parent=16601"}],"wp:term":[{"taxonomy":"category","embeddable":true,"href":"https:\/\/igop.uab.cat\/es\/wp-json\/wp\/v2\/categories?post=16601"},{"taxonomy":"post_tag","embeddable":true,"href":"https:\/\/igop.uab.cat\/es\/wp-json\/wp\/v2\/tags?post=16601"}],"curies":[{"name":"wp","href":"https:\/\/api.w.org\/{rel}","templated":true}]}}