{"id":16591,"date":"2023-02-09T22:34:52","date_gmt":"2023-02-09T21:34:52","guid":{"rendered":"https:\/\/igop.uab.cat\/2023\/02\/09\/zyab-ibanez\/"},"modified":"2023-02-09T22:34:55","modified_gmt":"2023-02-09T21:34:55","slug":"zyab-ibanez","status":"publish","type":"post","link":"https:\/\/igop.uab.cat\/es\/2023\/02\/09\/zyab-ibanez\/","title":{"rendered":"Zyab Iba\u00f1ez"},"content":{"rendered":"<p>[et_pb_section fb_built=\u00bb1&#8243; _builder_version=\u00bb4.19.4&#8243; _module_preset=\u00bbdefault\u00bb global_colors_info=\u00bb{}\u00bb][et_pb_row _builder_version=\u00bb4.19.4&#8243; _module_preset=\u00bbdefault\u00bb global_colors_info=\u00bb{}\u00bb][et_pb_column type=\u00bb4_4&#8243; _builder_version=\u00bb4.19.4&#8243; _module_preset=\u00bbdefault\u00bb global_colors_info=\u00bb{}\u00bb][et_pb_text _builder_version=\u00bb4.19.4&#8243; _module_preset=\u00bbdefault\u00bb global_colors_info=\u00bb{}\u00bb]<\/p>\n<p><img loading=\"lazy\" decoding=\"async\" class=\"espai2 alignleft wp-image-15600 size-full\" src=\"https:\/\/igop.uab.cat\/wp-content\/uploads\/2023\/01\/Zyab-Ibanez-IGOP.jpg\" alt=\"Zyab Iba\u00f1ez IGOP\" width=\"150\" height=\"150\"><strong>Zyab Iba\u00f1ez<\/strong> es Investigador Postdoctoral en el Instituto de Gobierno y Pol\u00edticas P\u00fablicas (IGOP) de la Universitat Aut\u00f2noma Barcelona. Es Doctor en Ciencias Pol\u00edticas y Sociales por el Instituto Universitario Europeo de Florencia (2007) y M\u00e1ster en Evaluaci\u00f3n Ambiental por la London School of Economics. Su investigaci\u00f3n combina an\u00e1lisis institucionales transnacionales y estudios de casos organizativos para explorar c\u00f3mo los diferentes reg\u00edmenes institucionales configuran el dise\u00f1o y la aplicaci\u00f3n de pol\u00edticas p\u00fablicas en los \u00e1mbitos del empleo, el tiempo de trabajo y la migraci\u00f3n. Como investigador, ha participado en varios proyectos financiados por la UE y los Estados miembros, como RECWOWE, Mobile Identities, PROMISE y Euroship. <\/p>\n<p>[\/et_pb_text][et_pb_text _builder_version=\u00bb4.19.4&#8243; _module_preset=\u00bbdefault\u00bb link_text_color=\u00bb#0C71C3&#8243; global_colors_info=\u00bb{}\u00bb]<\/p>\n<h3><b>CONTACTO<\/b><\/h3>\n<p><strong>Correo:<\/strong> zyabluis.ibanez@uab.cat<br \/><strong>Twitter:<\/strong> \u2013<br \/><strong>Web:<\/strong> \u2013<a href=\"https:\/\/scholar.google.com\/citations?user=FLSjLdsAAAAJ&amp;hl=en\"><br \/><\/a><strong>Portal Investigaci\u00f3n UAB: <\/strong><a href=\"https:\/\/portalrecerca.uab.cat\/en\/persons\/zyab-luis-iba%C3%A3ez-garzaran\" target=\"_blank\" rel=\"noopener\">https:\/\/portalrecerca.uab.cat\/en\/persons\/zyab-luis-iba%C3%A3ez-garzaran<\/a><strong><br \/>ORCID<\/strong>: <a href=\"https:\/\/orcid.org\/0000-0001-9390-2107\" target=\"_blank\" rel=\"noopener\">https:\/\/orcid.org\/0000-0001-9390-2107<\/a><br \/><strong>ResearchGate Citations<\/strong>:<strong>  <\/strong>\u2013<\/p>\n<p>[\/et_pb_text][et_pb_text _builder_version=\u00bb4.19.4&#8243; _module_preset=\u00bbdefault\u00bb global_colors_info=\u00bb{}\u00bb]<\/p>\n<h3><b>\u00c1REAS DE INTER\u00c9S<\/b><\/h3>\n<p>Dise\u00f1o e implementaci\u00f3n de pol\u00edticas p\u00fablicas en empleo y migraci\u00f3n.<\/p>\n<p>[\/et_pb_text][et_pb_text _builder_version=\u00bb4.19.4&#8243; _module_preset=\u00bbdefault\u00bb link_text_color=\u00bb#0C71C3&#8243; global_colors_info=\u00bb{}\u00bb]<\/p>\n<h3><b>3 PROYECTOS RELEVANTES<\/b><\/h3>\n<ul>\n<li><a href=\"https:\/\/portalrecerca.uab.cat\/en\/projects\/closing-gaps-in-social-citizenship-new-tools-to-foster-social-res-4\">EUROSHIP: Closing gaps in social citizenship. New tools to foster social resilience in Europe (EUROSHIP)<\/a><\/li>\n<li><a href=\"https:\/\/portalrecerca.uab.cat\/en\/projects\/inversi%C3%B3n-en-la-temprana-infancia-pol%C3%ADtica-pol%C3%ADticas-y-resultados-4\">Inversi\u00f3n en la temprana infancia: pol\u00edtica, pol\u00edticas y resultados<\/a><\/li>\n<li><a href=\"https:\/\/portalrecerca.uab.cat\/en\/projects\/promoting-youth-involvement-and-social-engagement-opportunities-a-4\">PROMoting youth Involvement and Social Engagement: Opportunities and challenges for \u00abconflicted\u00bb young people across Europe &#8211; PROMISE<\/a><\/li>\n<\/ul>\n<p>[\/et_pb_text][et_pb_text _builder_version=\u00bb4.19.4&#8243; _module_preset=\u00bbdefault\u00bb link_text_color=\u00bb#0C71C3&#8243; global_colors_info=\u00bb{}\u00bb]<\/p>\n<h3><b>3 PUBLICACIONES DESTACADAS<\/b><\/h3>\n<ul>\n<li><a href=\"https:\/\/portalrecerca.uab.cat\/en\/publications\/tensions-between-quality-and-quantity-in-social-investment-strate\">Tensions between quality and quantity in social investment strategies: working conditions of ECEC teaching staff in Italy and Spain<\/a>. <a href=\"https:\/\/portalrecerca.uab.cat\/en\/persons\/margarita-maria-de-leon-ramon-borja-3\">Leon Ramon Borja, M. M. D.<\/a>, <a href=\"https:\/\/portalrecerca.uab.cat\/en\/persons\/zyab-luis-iba%C3%A3ez-garzaran\">Iba\u00f1ez Garzaran, Z. L.<\/a>, Ranci, C. &amp; Sabatinelli, S., 9 Nov 2018, In: <a href=\"https:\/\/portalrecerca.uab.cat\/en\/persons\/zyab-luis-iba%C3%A3ez-garzaran\">Journal of European social policy.<\/a> 29, 4, p. 564-576 13 p.<\/li>\n<li><a href=\"https:\/\/portalrecerca.uab.cat\/en\/publications\/empleo-y-maternidad-obst%C3%A1culos-y-desaf%C3%ADos-a-la-conciliaci%C3%B3n-de-la\">Empleo y maternidad: Obst\u00e1culos y desaf\u00edos a la conciliaci\u00f3n de la vida laboral y familiar<\/a>. <a href=\"https:\/\/portalrecerca.uab.cat\/en\/persons\/margarita-maria-de-leon-ramon-borja-3\">Leon Ramon Borja, M. M. D.<\/a>, <a href=\"https:\/\/portalrecerca.uab.cat\/en\/persons\/zyab-luis-iba%C3%A3ez-garzaran\">Iba\u00f1ez Garzaran, Z. L.<\/a>, <a href=\"https:\/\/portalrecerca.uab.cat\/en\/persons\/lara-maestripieri\">Maestripieri, L.<\/a>, Mu\u00f1oz Mendoza, C. A. &amp; Salido Cort\u00e9s, O., 1 May 2016, 159 p. (Econom\u00eda y Sociedad. Colecci\u00f3n: Estudios de la Fundaci\u00f3n; no. 78)<\/li>\n<\/ul>\n<p>[\/et_pb_text][\/et_pb_column][\/et_pb_row][\/et_pb_section]<\/p>\n","protected":false},"excerpt":{"rendered":"<p>Zyab Iba\u00f1ez es Investigador Postdoctoral en el Instituto de Gobierno y Pol\u00edticas P\u00fablicas (IGOP) de la Universitat Aut\u00f2noma Barcelona. Es Doctor en Ciencias Pol\u00edticas y Sociales por el Instituto Universitario Europeo de Florencia (2007) y M\u00e1ster en Evaluaci\u00f3n Ambiental por la London School of Economics. Su investigaci\u00f3n combina an\u00e1lisis institucionales transnacionales y estudios de casos [&hellip;]<\/p>\n","protected":false},"author":2,"featured_media":0,"comment_status":"closed","ping_status":"closed","sticky":false,"template":"","format":"standard","meta":{"_et_pb_use_builder":"on","_et_pb_old_content":"","_et_gb_content_width":"","footnotes":""},"categories":[629],"tags":[],"class_list":["post-16591","post","type-post","status-publish","format-standard","hentry","category-directorio","et-doesnt-have-format-content","et_post_format-et-post-format-standard"],"_links":{"self":[{"href":"https:\/\/igop.uab.cat\/es\/wp-json\/wp\/v2\/posts\/16591","targetHints":{"allow":["GET"]}}],"collection":[{"href":"https:\/\/igop.uab.cat\/es\/wp-json\/wp\/v2\/posts"}],"about":[{"href":"https:\/\/igop.uab.cat\/es\/wp-json\/wp\/v2\/types\/post"}],"author":[{"embeddable":true,"href":"https:\/\/igop.uab.cat\/es\/wp-json\/wp\/v2\/users\/2"}],"replies":[{"embeddable":true,"href":"https:\/\/igop.uab.cat\/es\/wp-json\/wp\/v2\/comments?post=16591"}],"version-history":[{"count":2,"href":"https:\/\/igop.uab.cat\/es\/wp-json\/wp\/v2\/posts\/16591\/revisions"}],"predecessor-version":[{"id":16593,"href":"https:\/\/igop.uab.cat\/es\/wp-json\/wp\/v2\/posts\/16591\/revisions\/16593"}],"wp:attachment":[{"href":"https:\/\/igop.uab.cat\/es\/wp-json\/wp\/v2\/media?parent=16591"}],"wp:term":[{"taxonomy":"category","embeddable":true,"href":"https:\/\/igop.uab.cat\/es\/wp-json\/wp\/v2\/categories?post=16591"},{"taxonomy":"post_tag","embeddable":true,"href":"https:\/\/igop.uab.cat\/es\/wp-json\/wp\/v2\/tags?post=16591"}],"curies":[{"name":"wp","href":"https:\/\/api.w.org\/{rel}","templated":true}]}}