{"id":16373,"date":"2023-02-07T15:13:11","date_gmt":"2023-02-07T14:13:11","guid":{"rendered":"https:\/\/igop.uab.cat\/2023\/02\/07\/antoni-verger\/"},"modified":"2023-02-07T15:35:53","modified_gmt":"2023-02-07T14:35:53","slug":"antoni-verger","status":"publish","type":"post","link":"https:\/\/igop.uab.cat\/es\/2023\/02\/07\/antoni-verger\/","title":{"rendered":"Antoni Verger"},"content":{"rendered":"<p>[et_pb_section fb_built=\u00bb1&#8243; _builder_version=\u00bb4.19.4&#8243; _module_preset=\u00bbdefault\u00bb global_colors_info=\u00bb{}\u00bb][et_pb_row _builder_version=\u00bb4.19.4&#8243; _module_preset=\u00bbdefault\u00bb global_colors_info=\u00bb{}\u00bb][et_pb_column type=\u00bb4_4&#8243; _builder_version=\u00bb4.19.4&#8243; _module_preset=\u00bbdefault\u00bb global_colors_info=\u00bb{}\u00bb][et_pb_text _builder_version=\u00bb4.19.4&#8243; _module_preset=\u00bbdefault\u00bb hover_enabled=\u00bb0&#8243; global_colors_info=\u00bb{}\u00bb sticky_enabled=\u00bb0&#8243;]<\/p>\n<p><strong><img loading=\"lazy\" decoding=\"async\" class=\"espai2 alignleft wp-image-16392 size-full\" src=\"https:\/\/igop.uab.cat\/wp-content\/uploads\/2023\/02\/Toni-Verger-IGOP-2023.jpg\" alt=\"Toni Verger IGOP\" width=\"150\" height=\"150\">Antoni Verger i Planells<\/strong> es Catedr\u00e1tico de Sociolog\u00eda de la Universidad Aut\u00f3noma de Barcelona e investigador ICREA Academia en los \u00e1mbitos de la pol\u00edtica educativa y de la educaci\u00f3n comparada. Es editor principal de la Journal of Education Policy y del World Yearbook of Education. Coordina el <a href=\"http:\/\/globed.eu\/\" target=\"_blank\" rel=\"noopener\" data-saferedirecturl=\"https:\/\/www.google.com\/url?q=http:\/\/globed.eu&amp;source=gmail&amp;ust=1653809632376000&amp;usg=AOvVaw2kVcl1EiP8bNDdkoebsLTd\">M\u00e1ster Europeo GLOBED<\/a> (Education Policies for Global Development) y el grupo de investigaci\u00f3n GLANCE (Global and Comparative Studies in Education) en el marco del <a href=\"https:\/\/geps-uab.cat\/\" target=\"_blank\" rel=\"noopener\" data-saferedirecturl=\"https:\/\/www.google.com\/url?q=https:\/\/geps-uab.cat\/&amp;source=gmail&amp;ust=1653809632376000&amp;usg=AOvVaw2vaXPDvCD3Fn72L0huTKZL\">GEPS-UAB<\/a>.<\/p>\n<p>&nbsp;<\/p>\n<p>[\/et_pb_text][et_pb_text _builder_version=\u00bb4.19.4&#8243; _module_preset=\u00bbdefault\u00bb link_text_color=\u00bb#0C71C3&#8243; global_colors_info=\u00bb{}\u00bb]<\/p>\n<h3>CONTACTO<\/h3>\n<p><strong>Correo: <\/strong>antoni.verger@uab.cat<br \/><strong>Twitter: <\/strong><a href=\"https:\/\/twitter.com\/VergerAntoni\" target=\"_blank\" rel=\"noopener\">@VergerAntoni<\/a><br \/><strong>Web: <\/strong><a href=\"http:\/\/reformedproject.eu\/\" target=\"_blank\" rel=\"noopener\">http:\/\/reformedproject.eu\/<\/a><a href=\"https:\/\/scholar.google.com\/citations?user=FLSjLdsAAAAJ&amp;hl=en\"><br \/><\/a><strong>Portal Investigaci\u00f3n UAB: <\/strong><a href=\"https:\/\/portalrecerca.uab.cat\/en\/persons\/antoni-verger-planells-7\" target=\"_blank\" rel=\"noopener\">https:\/\/portalrecerca.uab.cat\/en\/persons\/antoni-verger-planells-7<\/a><strong><br \/>ORCID<\/strong>: <a href=\"https:\/\/orcid.org\/0000-0003-3255-7703\" target=\"_blank\" rel=\"noopener\">https:\/\/orcid.org\/0000-0003-3255-7703<\/a><br \/><strong>ResearchGate Citations<\/strong>:<\/p>\n<p>[\/et_pb_text][et_pb_text _builder_version=\u00bb4.19.4&#8243; _module_preset=\u00bbdefault\u00bb global_colors_info=\u00bb{}\u00bb]<\/p>\n<h3><b>\u00c1REAS DE INTER\u00c9S<\/b><\/h3>\n<p>Pol\u00edtica educativa, educaci\u00f3n comparada, econom\u00eda pol\u00edtica, globalizaci\u00f3n.<\/p>\n<p>[\/et_pb_text][et_pb_text _builder_version=\u00bb4.19.4&#8243; _module_preset=\u00bbdefault\u00bb link_text_color=\u00bb#0C71C3&#8243; global_colors_info=\u00bb{}\u00bb]<\/p>\n<h3><b>\u200b3 PROYECTOS RELEVANTES<\/b><\/h3>\n<ul>\n<li>\n<p class=\"title\"><a class=\"link\" href=\"https:\/\/portalrecerca.uab.cat\/en\/projects\/mapping-and-theorising-the-global-international-large-scale-asses-3\" rel=\"UPMProject\"><span class=\"acronym\">ILSAINC: <\/span>Mapping and theorising the global International Large-Scale Assessment industry (ILSAINC)<\/a><a class=\"link person\" href=\"https:\/\/portalrecerca.uab.cat\/en\/persons\/antoni-verger-planells-7\" rel=\"Person\">. Verger Planells, A.<\/a> &amp; <a class=\"link person\" href=\"https:\/\/portalrecerca.uab.cat\/en\/persons\/camilla-caterina-lanz-addey\" rel=\"Person\">Addey ., C. C. L.;<\/a> <span class=\"date\">1\/12\/19<\/span> \u2192 <span class=\"date\">5\/11\/23.<\/span><\/p>\n<\/li>\n<li>\n<p class=\"title\"><a class=\"link\" href=\"https:\/\/portalrecerca.uab.cat\/en\/projects\/reforming-schools-globally-a-pluri-scalar-analysis-of-autonomy-an-5\" rel=\"UPMProject\"><span class=\"acronym\">REFORMED: <\/span>Reforming Schools Globally: A Pluri-Scalar Analysis of Autonomy and Accountability Policies in the Education Sector &#8211; REFORMED<\/a>. <a class=\"link person\" href=\"https:\/\/portalrecerca.uab.cat\/en\/persons\/antoni-verger-planells-7\" rel=\"Person\">Verger Planells, A.<\/a>, Parcerisa Marmi, L., Termes Lopez, A., <a class=\"link person\" href=\"https:\/\/portalrecerca.uab.cat\/en\/persons\/marcel-pages-martin-8\" rel=\"Person\">Pages Martin, M.<\/a>, Camphuijsen , M. K., Browes , N. C., <a class=\"link person\" href=\"https:\/\/portalrecerca.uab.cat\/en\/persons\/antonina-levatino-6\" rel=\"Person\">Levatino , A.<\/a>, Parcerisa Marmi, L., Ferrer Esteban, G. J., <a class=\"link person\" href=\"https:\/\/portalrecerca.uab.cat\/en\/persons\/clara-fontdevila-puig-7\" rel=\"Person\">Fontdevila Puig, C.<\/a>, <a class=\"link person\" href=\"https:\/\/portalrecerca.uab.cat\/en\/persons\/laura-mentini\" rel=\"Person\">Mentini , L.<\/a>, <a class=\"link person\" href=\"https:\/\/portalrecerca.uab.cat\/en\/persons\/giulia-montefiore\" rel=\"Person\">Montefiore ., G.<\/a>, <a class=\"link person\" href=\"https:\/\/portalrecerca.uab.cat\/en\/persons\/edgar-quilabert-agudo\" rel=\"Person\">Quilabert Agudo, E.<\/a>, ECHAVARRI VALDEZ, J. E., Levatino, A., Camphuijsen, M. K., Marcel Pag\u00e8s, M., Parcerisa, L., Ferrer Esteban, G., Moschetti, M., Termes, A. &amp; Browes, N. C.; <span class=\"date\">1\/07\/16<\/span> \u2192 <span class=\"date\">30\/06\/22.<\/span><\/p>\n<\/li>\n<li>\n<p class=\"title\"><a class=\"link\" href=\"https:\/\/portalrecerca.uab.cat\/en\/projects\/public-private-partnerships-in-educational-governance-an-analysis-4\" rel=\"UPMProject\">Public-Private Partnerships in Educational Governance: An analysis of its dissemination, implementation and impact in a globalizing world &#8211; EDUPARTNER<\/a>. <a class=\"link person\" href=\"https:\/\/portalrecerca.uab.cat\/en\/persons\/xavier-bonal-sarr%C3%B3-16\" rel=\"Person\">Bonal Sarro, F. X.<\/a> &amp; <a class=\"link person\" href=\"https:\/\/portalrecerca.uab.cat\/en\/persons\/antoni-verger-planells-7\" rel=\"Person\">Verger Planells, A.; <\/a><span class=\"date\">1\/01\/13<\/span> \u2192 <span class=\"date\">31\/12\/16.<\/span><\/p>\n<\/li>\n<\/ul>\n<p>[\/et_pb_text][et_pb_text _builder_version=\u00bb4.19.4&#8243; _module_preset=\u00bbdefault\u00bb link_text_color=\u00bb#0C71C3&#8243; global_colors_info=\u00bb{}\u00bb]<\/p>\n<h3><b>3 PUBLICACIONES DESTACADAS<\/b><\/h3>\n<ul>\n<li>\n<p class=\"title\"><a class=\"link\" href=\"https:\/\/portalrecerca.uab.cat\/en\/publications\/digitalization-and-beyond-the-effects-of-covid-19-on-post-pandemi\" rel=\"ContributionToJournal\">Digitalization and beyond: the effects of Covid-19 on post-pandemic educational policy and delivery in Europe<\/a>. <a class=\"link person\" href=\"https:\/\/portalrecerca.uab.cat\/en\/persons\/adrian-zancajo-silla\" rel=\"Person\">Zancajo, A.<\/a>, <a class=\"link person\" href=\"https:\/\/portalrecerca.uab.cat\/en\/persons\/antoni-verger-planells-7\" rel=\"Person\">Verger, A.<\/a> &amp; Bolea, P., <span class=\"date\">21 Jan 2022<\/span>, <span class=\"journal\">In: <a class=\"link\" tabindex=\"-1\" href=\"https:\/\/portalrecerca.uab.cat\/en\/persons\/antoni-verger-planells-7#\" rel=\"Journal\">Policy and Society.<\/a><\/span> <span class=\"volume\">41<\/span>, <span class=\"journalnumber\">1<\/span>, <span class=\"pages\">p. 111-128<\/span> <span class=\"numberofpages\">18 p.<\/span><\/p>\n<\/li>\n<li>\n<p class=\"title\"><a class=\"link\" href=\"https:\/\/portalrecerca.uab.cat\/en\/publications\/enacting-accountabilities-in-education-exploring-new-policy-conte\" rel=\"ContributionToJournal\">Enacting accountabilities in education: exploring new policy contexts and theoretical elaborations<\/a>. <a class=\"link person\" href=\"https:\/\/portalrecerca.uab.cat\/en\/persons\/antoni-verger-planells-7\" rel=\"Person\">Verger, A.<\/a> &amp; Skedsmo, G., <span class=\"date\">26 Aug 2021<\/span>, <span class=\"journal\">In: <a class=\"link\" tabindex=\"-1\" href=\"https:\/\/portalrecerca.uab.cat\/en\/persons\/antoni-verger-planells-7#\" rel=\"Journal\">Educational Assessment, Evaluation and Accountability.<\/a><\/span><\/p>\n<\/li>\n<li>\n<p class=\"title\"><a class=\"link\" href=\"https:\/\/portalrecerca.uab.cat\/en\/publications\/regulating-public-private-partnerships-governing-non-state-school\" rel=\"BookAnthology\">Regulating public-private partnerships, governing non-state schools: an equity perspective: Background paper for UNESCO Global Education Monitoring Report<\/a>. Zancajo, A., <a class=\"link person\" href=\"https:\/\/portalrecerca.uab.cat\/en\/persons\/clara-fontdevila-puig-7\" rel=\"Person\">Fontdevila Puig, C.<\/a>, <a class=\"link person\" href=\"https:\/\/portalrecerca.uab.cat\/en\/persons\/antoni-verger-planells-7\" rel=\"Person\">Verger Planells, A.<\/a> &amp; <a class=\"link person\" href=\"https:\/\/portalrecerca.uab.cat\/en\/persons\/xavier-bonal-sarr%C3%B3-16\" rel=\"Person\">Bonal Sarro, F. X.<\/a>, <span class=\"date\">2021<\/span>, (Global Education Monitoring Report Background Paper).<\/p>\n<\/li>\n<\/ul>\n<p>[\/et_pb_text][\/et_pb_column][\/et_pb_row][\/et_pb_section]<\/p>\n","protected":false},"excerpt":{"rendered":"<p>Antoni Verger i Planells es Catedr\u00e1tico de Sociolog\u00eda de la Universidad Aut\u00f3noma de Barcelona e investigador ICREA Academia en los \u00e1mbitos de la pol\u00edtica educativa y de la educaci\u00f3n comparada. Es editor principal de la Journal of Education Policy y del World Yearbook of Education. Coordina el M\u00e1ster Europeo GLOBED (Education Policies for Global Development) [&hellip;]<\/p>\n","protected":false},"author":2,"featured_media":0,"comment_status":"closed","ping_status":"closed","sticky":false,"template":"","format":"standard","meta":{"_et_pb_use_builder":"on","_et_pb_old_content":"","_et_gb_content_width":"","footnotes":""},"categories":[629],"tags":[],"class_list":["post-16373","post","type-post","status-publish","format-standard","hentry","category-directorio","et-doesnt-have-format-content","et_post_format-et-post-format-standard"],"_links":{"self":[{"href":"https:\/\/igop.uab.cat\/es\/wp-json\/wp\/v2\/posts\/16373","targetHints":{"allow":["GET"]}}],"collection":[{"href":"https:\/\/igop.uab.cat\/es\/wp-json\/wp\/v2\/posts"}],"about":[{"href":"https:\/\/igop.uab.cat\/es\/wp-json\/wp\/v2\/types\/post"}],"author":[{"embeddable":true,"href":"https:\/\/igop.uab.cat\/es\/wp-json\/wp\/v2\/users\/2"}],"replies":[{"embeddable":true,"href":"https:\/\/igop.uab.cat\/es\/wp-json\/wp\/v2\/comments?post=16373"}],"version-history":[{"count":8,"href":"https:\/\/igop.uab.cat\/es\/wp-json\/wp\/v2\/posts\/16373\/revisions"}],"predecessor-version":[{"id":16399,"href":"https:\/\/igop.uab.cat\/es\/wp-json\/wp\/v2\/posts\/16373\/revisions\/16399"}],"wp:attachment":[{"href":"https:\/\/igop.uab.cat\/es\/wp-json\/wp\/v2\/media?parent=16373"}],"wp:term":[{"taxonomy":"category","embeddable":true,"href":"https:\/\/igop.uab.cat\/es\/wp-json\/wp\/v2\/categories?post=16373"},{"taxonomy":"post_tag","embeddable":true,"href":"https:\/\/igop.uab.cat\/es\/wp-json\/wp\/v2\/tags?post=16373"}],"curies":[{"name":"wp","href":"https:\/\/api.w.org\/{rel}","templated":true}]}}