{"id":16066,"date":"2023-02-07T10:47:23","date_gmt":"2023-02-07T09:47:23","guid":{"rendered":"https:\/\/igop.uab.cat\/?p=16066"},"modified":"2023-10-06T12:55:04","modified_gmt":"2023-10-06T10:55:04","slug":"merce-cortina-oriol","status":"publish","type":"post","link":"https:\/\/igop.uab.cat\/es\/2023\/02\/07\/merce-cortina-oriol\/","title":{"rendered":"Merc\u00e8 Cortina-Oriol"},"content":{"rendered":"<p>[et_pb_section fb_built=\u00bb1&#8243; _builder_version=\u00bb4.16&#8243; global_colors_info=\u00bb{}\u00bb][et_pb_row _builder_version=\u00bb4.16&#8243; background_size=\u00bbinitial\u00bb background_position=\u00bbtop_left\u00bb background_repeat=\u00bbrepeat\u00bb global_colors_info=\u00bb{}\u00bb][et_pb_column type=\u00bb4_4&#8243; _builder_version=\u00bb4.16&#8243; custom_padding=\u00bb|||\u00bb global_colors_info=\u00bb{}\u00bb custom_padding__hover=\u00bb|||\u00bb][et_pb_text _builder_version=\u00bb4.17.3&#8243; link_text_color=\u00bb#0C71C3&#8243; background_size=\u00bbinitial\u00bb background_position=\u00bbtop_left\u00bb background_repeat=\u00bbrepeat\u00bb global_colors_info=\u00bb{}\u00bb]<\/p>\n<p><strong><img loading=\"lazy\" decoding=\"async\" class=\"espai2 alignleft wp-image-15576 size-full\" src=\"https:\/\/igop.uab.cat\/wp-content\/uploads\/2023\/01\/Merce-Cortina.jpg\" alt=\"Merc\u00e8 Cortina IGOP\" width=\"150\" height=\"150\">Merc\u00e8 Cortina-Oriol<\/strong>es Doctora en Ciencia Pol\u00edtica por la Universidad del Pa\u00eds Vasco, tiene un Postgrado en Democracia Participativa y otro en Educaci\u00f3n Superior y es Licenciada en Ciencias Pol\u00edticas y de la Administraci\u00f3n por la Universidad Aut\u00f3noma de Barcelona. Actualmente es Investigadora Mar\u00eda Zambrano del IGOP y del Departamento de Ciencia Pol\u00edtica y Derecho P\u00fablico de la propia Universidad. Anteriormente, y antes de su regreso a la UAB, fue profesora agregada en pol\u00edticas p\u00fablicas y pol\u00edticas urbanas del Departamento de Ciencia Pol\u00edtica de la Universidad De Montfort Leicester en Reino Unido, donde tambi\u00e9n fue miembro del Centro de Estudios Urbanos sobre Austeridad (CURA), donde ejerci\u00f3 de Jefe de Doctorandos entre otros cargos. Ha participado en m\u00e1s de 20 proyectos de investigaci\u00f3n y colaboraciones con instituciones y ha publicado libros, vol\u00famenes editados, cap\u00edtulos de libros y art\u00edculos en revistas como Journal of Urban Affairs, Routlegde, Bristol University Press y Critical Policy Studies.<\/p>\n<p>[\/et_pb_text][et_pb_text _builder_version=\u00bb4.17.3&#8243; link_text_color=\u00bb#0C71C3&#8243; background_size=\u00bbinitial\u00bb background_position=\u00bbtop_left\u00bb background_repeat=\u00bbrepeat\u00bb global_colors_info=\u00bb{}\u00bb]<\/p>\n<h3>CONTACTO<\/h3>\n<p><strong>Correo:<\/strong> merce.cortina@uab.cat<br \/><strong>Twitter: <\/strong><a href=\"https:\/\/twitter.com\/MerceCortina\" target=\"_blank\" rel=\"noopener\">@MerceCortina<\/a><br \/><strong>Web:<\/strong> <a href=\"https:\/\/scholar.google.com\/citations?user=vnu_gZ8AAAAJ&amp;hl=es\">Google Scholar<\/a> <a href=\"https:\/\/scholar.google.com\/citations?user=FLSjLdsAAAAJ&amp;hl=en\"><br \/><\/a><strong>Portal Investigaci\u00f3n UAB: <\/strong><a href=\"https:\/\/portalrecerca.uab.cat\/en\/persons\/merce-cortina-oriol\">Merc\u00e8 Cortina-Oriol <\/a><strong><br \/>ORCID:<\/strong><a href=\"https:\/\/orcid.org\/0000-0001-7938-7292\" target=\"_blank\" rel=\"noopener\">https:\/\/orcid.org\/0000-0001-7938-7292<\/a><br \/><strong>ResearchGate Citations<\/strong>: <a href=\"https:\/\/www.researchgate.net\/profile\/Merce-Cortina-Oriol-2\" target=\"_blank\" rel=\"noopener\">https:\/\/www.researchgate.net\/profile\/Merce-Cortina-Oriol-2<\/a><\/p>\n<p>[\/et_pb_text][et_pb_text _builder_version=\u00bb4.17.3&#8243; link_text_color=\u00bb#0C71C3&#8243; background_size=\u00bbinitial\u00bb background_position=\u00bbtop_left\u00bb background_repeat=\u00bbrepeat\u00bb global_colors_info=\u00bb{}\u00bb]<\/p>\n<h3><strong>\u00c1REAS DE INTER\u00c9S<\/strong><\/h3>\n<p>Gobernanza y movimientos sociales, an\u00e1lisis de pol\u00edticas p\u00fablicas, pol\u00edticas urbanas.<\/p>\n<p>[\/et_pb_text][et_pb_text _builder_version=\u00bb4.17.3&#8243; link_text_color=\u00bb#0C71C3&#8243; background_size=\u00bbinitial\u00bb background_position=\u00bbtop_left\u00bb background_repeat=\u00bbrepeat\u00bb global_colors_info=\u00bb{}\u00bb]<\/p>\n<h3><strong>3 PROYECTOS RELEVANTES<\/strong><\/h3>\n<ul>\n<li>Segregacion socioespacial y geografias de la vida cotidiana en las ciudades medias espan\u0303olas y sus areas urbanas (FRAGMEDCITIES) (2022-2025).<\/li>\n<li>Metr\u00f3polis Fracturadas: Segregaci\u00f3n urbana, densidad institucional, innovaci\u00f3n social y actitudes pol\u00edticas en las grandes ciudades espa\u00f1olas (FRAMET) (2020-2023).<\/li>\n<li>Collaborative Governance under Austerity. An eight-case comparative study (2015-2018).<\/li>\n<\/ul>\n<p>[\/et_pb_text][et_pb_text _builder_version=\u00bb4.17.3&#8243; link_text_color=\u00bb#0C71C3&#8243; background_size=\u00bbinitial\u00bb background_position=\u00bbtop_left\u00bb background_repeat=\u00bbrepeat\u00bb global_colors_info=\u00bb{}\u00bb]<\/p>\n<h3><strong>3 PUBLICACIONES DESTACADAS<\/strong><\/h3>\n<ol>\n<li><strong>Davies, J.; Blanco, I., Bua, A., Chorianopoulus, I., Cortina-Oriol, M., Gaynor, N., Gleeson, B., Griggs, S., Hamel, P., Henderson, H., Howarth, D., Keil, R., Pill, M., Salazar, Y. i Sullivan, H.<\/strong> (2022) New Developments in Urban Governance. Bristol University Press<\/li>\n<li><strong>Gonzalez, R; Cortina-Oriol, M; Aguilera, T.<\/strong> (2019) \u201c<a href=\"https:\/\/www.academia.edu\/40028877\/Movimientos_de_Okupaci%C3%B3n_y_Pol%C3%ADticas_P%C3%BAblicas_Urbanas_Los_casos_de_Madrid_Barcelona_y_Bilbao\">Movimientos de Okupaci\u00f3n y Pol\u00edticas P\u00fablicas Urbanas: Los casos de Madrid, Barcelona y Bilbao<\/a>\u201d, REIJ, vol.3 n\u00ba5.<\/li>\n<li><strong>Davies, J; Bua, A; Cortina-Oriol, M; Thompson, E<\/strong>. (2018) \u201cWhy is Austerity Governable? A Gramscian urban regime analysis of Leicester, UK\u201d. Journal of Urban Affairs, 42:1 56-74, DOI: <a href=\"https:\/\/doi.org\/10.1080\/07352166.2018.1490152\">1080\/07352166.2018.1490152<\/a><\/li>\n<\/ol>\n<p>[\/et_pb_text][\/et_pb_column][\/et_pb_row][\/et_pb_section]<\/p>\n","protected":false},"excerpt":{"rendered":"<p>Merc\u00e8 Cortina-Orioles Doctora en Ciencia Pol\u00edtica por la Universidad del Pa\u00eds Vasco, tiene un Postgrado en Democracia Participativa y otro en Educaci\u00f3n Superior y es Licenciada en Ciencias Pol\u00edticas y de la Administraci\u00f3n por la Universidad Aut\u00f3noma de Barcelona. Actualmente es Investigadora Mar\u00eda Zambrano del IGOP y del Departamento de Ciencia Pol\u00edtica y Derecho P\u00fablico [&hellip;]<\/p>\n","protected":false},"author":2,"featured_media":0,"comment_status":"closed","ping_status":"closed","sticky":false,"template":"","format":"standard","meta":{"_et_pb_use_builder":"on","_et_pb_old_content":"","_et_gb_content_width":"","footnotes":""},"categories":[629],"tags":[],"class_list":["post-16066","post","type-post","status-publish","format-standard","hentry","category-directorio","et-doesnt-have-format-content","et_post_format-et-post-format-standard"],"_links":{"self":[{"href":"https:\/\/igop.uab.cat\/es\/wp-json\/wp\/v2\/posts\/16066","targetHints":{"allow":["GET"]}}],"collection":[{"href":"https:\/\/igop.uab.cat\/es\/wp-json\/wp\/v2\/posts"}],"about":[{"href":"https:\/\/igop.uab.cat\/es\/wp-json\/wp\/v2\/types\/post"}],"author":[{"embeddable":true,"href":"https:\/\/igop.uab.cat\/es\/wp-json\/wp\/v2\/users\/2"}],"replies":[{"embeddable":true,"href":"https:\/\/igop.uab.cat\/es\/wp-json\/wp\/v2\/comments?post=16066"}],"version-history":[{"count":9,"href":"https:\/\/igop.uab.cat\/es\/wp-json\/wp\/v2\/posts\/16066\/revisions"}],"predecessor-version":[{"id":18261,"href":"https:\/\/igop.uab.cat\/es\/wp-json\/wp\/v2\/posts\/16066\/revisions\/18261"}],"wp:attachment":[{"href":"https:\/\/igop.uab.cat\/es\/wp-json\/wp\/v2\/media?parent=16066"}],"wp:term":[{"taxonomy":"category","embeddable":true,"href":"https:\/\/igop.uab.cat\/es\/wp-json\/wp\/v2\/categories?post=16066"},{"taxonomy":"post_tag","embeddable":true,"href":"https:\/\/igop.uab.cat\/es\/wp-json\/wp\/v2\/tags?post=16066"}],"curies":[{"name":"wp","href":"https:\/\/api.w.org\/{rel}","templated":true}]}}