{"id":16054,"date":"2023-02-07T11:27:09","date_gmt":"2023-02-07T10:27:09","guid":{"rendered":"https:\/\/igop.uab.cat\/?p=16054"},"modified":"2026-02-13T11:06:42","modified_gmt":"2026-02-13T10:06:42","slug":"carlos-delclos","status":"publish","type":"post","link":"https:\/\/igop.uab.cat\/es\/2023\/02\/07\/carlos-delclos\/","title":{"rendered":"Carlos Delcl\u00f3s"},"content":{"rendered":"<p>[et_pb_section fb_built=\u00bb1&#8243; admin_label=\u00bbsection\u00bb _builder_version=\u00bb4.16&#8243; global_colors_info=\u00bb{}\u00bb][et_pb_row admin_label=\u00bbrow\u00bb _builder_version=\u00bb4.16&#8243; background_size=\u00bbinitial\u00bb background_position=\u00bbtop_left\u00bb background_repeat=\u00bbrepeat\u00bb global_colors_info=\u00bb{}\u00bb][et_pb_column type=\u00bb4_4&#8243; _builder_version=\u00bb4.16&#8243; custom_padding=\u00bb|||\u00bb global_colors_info=\u00bb{}\u00bb custom_padding__hover=\u00bb|||\u00bb][et_pb_text _builder_version=\u00bb4.24.3&#8243; _module_preset=\u00bbdefault\u00bb link_text_color=\u00bb#0C71C3&#8243; hover_enabled=\u00bb0&#8243; global_colors_info=\u00bb{}\u00bb sticky_enabled=\u00bb0&#8243;]<\/p>\n<p><strong><img loading=\"lazy\" decoding=\"async\" class=\"wp-image-15546 alignleft size-full\" src=\"https:\/\/igop.uab.cat\/wp-content\/uploads\/2023\/01\/Carlos-Delclos-IGOP.jpg\" alt=\"Carlos Delcl\u00f3s IGOP\" width=\"150\" height=\"150\">Carlos Delcl\u00f3s <\/strong>es Lector Serra Hunter en el Departamento de Sociolog\u00eda de la Universitat Aut\u00f2noma de Barcelona. Doctor en Ciencias Pol\u00edticas y Sociales por la Universitat Pompeu Fabra, se especializ\u00f3 en sociodemograf\u00eda y obtuvo la distinci\u00f3n cum laude. Su investigaci\u00f3n emplea m\u00e9todos mixtos para analizar la estratificaci\u00f3n social, la sociolog\u00eda urbana, la sociolog\u00eda pol\u00edtica y las pol\u00edticas sociales, con aportaciones interdisciplinarias que abarcan los estudios urbanos y de vivienda, los estudios de ciudadan\u00eda, las migraciones, as\u00ed como los determinantes sociales de la salud. Sus trabajos han sido publicados en revistas de referencia como Urban Studies, European Urban and Regional Studies, Housing Studies, European Population Research, PLOS Medicine, International Journal of Epidemiology e International Journal of Public Health.   <\/p>\n<p>[\/et_pb_text][et_pb_text _builder_version=\u00bb4.24.3&#8243; _module_preset=\u00bbdefault\u00bb link_text_color=\u00bb#0C71C3&#8243; global_colors_info=\u00bb{}\u00bb]<\/p>\n<h3>CONTACTO<\/h3>\n<p><strong>Correo:<\/strong> carlos.delclos@uab.cat<br \/><strong>Twitter: <\/strong>&#8211;<br \/><strong>Web:<\/strong> &#8211;<a href=\"https:\/\/scholar.google.com\/citations?user=FLSjLdsAAAAJ&amp;hl=en\"> <br \/><\/a><strong>Portal Investigaci\u00f3n UAB:<\/strong> <a href=\"https:\/\/portalrecerca.uab.cat\/en\/persons\/carlos-eric-delclos-gomez-moran\" target=\"_blank\" rel=\"noopener\">https:\/\/portalrecerca.uab.cat\/en\/persons\/carlos-eric-delclos-gomez-moran<\/a><strong><br \/>ORCID<\/strong>: <a href=\"https:\/\/orcid.org\/0000-0003-3061-7709\" target=\"_blank\" rel=\"noopener\">https:\/\/orcid.org\/0000-0003-3061-7709<\/a><br \/><strong>Google Scholar Citations<\/strong>: &#8211;<\/p>\n<p>[\/et_pb_text][et_pb_text _builder_version=\u00bb4.24.3&#8243; _module_preset=\u00bbdefault\u00bb link_text_color=\u00bb#0C71C3&#8243; global_colors_info=\u00bb{}\u00bb]<\/p>\n<h3><strong>\u00c1REAS DE INTER\u00c9S<\/strong><\/h3>\n<p>El cambio social, las fronteras y la desigualdad en los contextos urbanos a trav\u00e9s del an\u00e1lisis sociodemogr\u00e1fico y la teor\u00eda cultural.<\/p>\n<p>[\/et_pb_text][et_pb_text _builder_version=\u00bb4.24.3&#8243; _module_preset=\u00bbdefault\u00bb link_text_color=\u00bb#0C71C3&#8243; hover_enabled=\u00bb0&#8243; global_colors_info=\u00bb{}\u00bb sticky_enabled=\u00bb0&#8243;]<\/p>\n<h3><strong>3 PROYECTOS RELEVANTES<\/strong><\/h3>\n<ul>\n<li class=\"title\">\n<p><a href=\"https:\/\/portalrecerca.uab.cat\/ca\/projects\/adapt-eq-climate-adaptation-and-equity-in-metropolitan-systems\/\" target=\"_blank\" rel=\"noopener\">ADAPT-EQ: ADAPT-EQ: Climate Adaptation and Equity in Metropolitan Systems<\/a><br \/>Delclos Gomez Moran, C. E. (Investigador\/a principal). 1\/12\/25 \u2192 30\/11\/28 <\/p>\n<\/li>\n<li class=\"title\">\n<p><a href=\"https:\/\/portalrecerca.uab.cat\/ca\/projects\/adaptaci%C3%B3n-al-cambio-clim%C3%A1tico-en-barrios-desfavorecidos\/\" target=\"_blank\" rel=\"noopener\">Adaptaci\u00f3n al Cambio Clim\u00e1tico en Barrios Desfavorecidos<\/a>. Par\u00e9s, M. (Investigador\/a principal), Fernandez Ple, C. P. (Col.laborador\/a), Tirado-Herrero, S. (Col.laborador\/a), Delclos Gomez Moran, C. E. (Investigador\/a), Fernandez Garcia, M. (Investigador\/a), Rodr\u00edguez Victoriano, J. M. (Investigador\/a) &amp; Satorras, M. (Investigador\/a). 1\/09\/25 \u2192 31\/08\/28  <\/p>\n<\/li>\n<li class=\"title\">\n<p><a href=\"https:\/\/portalrecerca.uab.cat\/ca\/projects\/means-testing-vs-universalismo-en-programas-de-garantia-de-ingres\/\" target=\"_blank\" rel=\"noopener\">MEANS-TESTING VS. UNIVERSALISMO EN PROGRAMAS DE GARANTIA DE INGRESOS: EL NON-TAKE-UP Y PROBLEMAS ASOCIADOS<\/a><br \/>Noguera Ferrer, J. A. (Investigador\/a principal), Alvarez Cronin, E. R. (Col.laborador\/a), BARRAGUE CALVO, B. (Col.laborador\/a), Wispelaere, J. D. (Col.laborador\/a), ZALAKAIN, J. (Col.laborador\/a), AGUILAR HENDRICKSON, M. (Investigador\/a), ARRIBA GONZALEZ DE DURANA, A. (Investigador\/a), Delclos Gomez Moran, C. E. (Investigador\/a), Puigvert i Domingo, A. (Col.laborador\/a) &amp; Yilmaz , L. (Col.laborador\/a). 1\/09\/24 \u2192 31\/12\/28 <\/p>\n<\/li>\n<\/ul>\n<p>[\/et_pb_text][et_pb_text _builder_version=\u00bb4.24.3&#8243; _module_preset=\u00bbdefault\u00bb link_text_color=\u00bb#0C71C3&#8243; hover_enabled=\u00bb0&#8243; global_colors_info=\u00bb{}\u00bb sticky_enabled=\u00bb0&#8243;]<\/p>\n<h3><strong>PUBLICACIONES DESTACADAS<\/strong><\/h3>\n<ol>\n<li>\n<div data-olk-copy-source=\"MessageBody\">Delcl\u00f3s, C., Ribera-Almandoz, O., &amp; Garc\u00e9s-Mascare\u00f1as, B. (2025). Contesting sanctuary: Urban citizenship and multilevel migration governance in Barcelona. <i>Urban Studies<\/i>, <i>0<\/i>(0). <a id=\"OWA351ab586-6c33-7e18-e243-2f33ae85b70f\" title=\"https:\/\/doi.org\/10.1177\/00420980251387828\" href=\"https:\/\/doi.org\/10.1177\/00420980251387828\" data-auth=\"NotApplicable\" data-linkindex=\"3\">https:\/\/doi.org\/10.1177\/00420980251387828<\/a> <\/div>\n<div> <\/div>\n<div> <\/div>\n<\/li>\n<li>\n<div>Acebillo-Baqu\u00e9, M., Maestripieri, L., &amp; G\u00f3mez-Mor\u00e1n, C. D. (2025). Youth and insecurity from an intersectional perspective: the case of Catalonia. <i>Journal of Youth Studies<\/i>, <i>28<\/i>(10), 1542\u20131560. <a id=\"OWA51c1b6dc-095d-c107-6d67-1dae31566a0f\" title=\"https:\/\/doi.org\/10.1080\/13676261.2024.2378281\" href=\"https:\/\/doi.org\/10.1080\/13676261.2024.2378281\" data-auth=\"NotApplicable\" data-linkindex=\"4\">https:\/\/doi.org\/10.1080\/13676261.2024.2378281<\/a>  <\/div>\n<div> <\/div>\n<div> <\/div>\n<\/li>\n<li>\n<div>Ribera-Almandoz, O., Delcl\u00f3s, C., &amp; Garc\u00e9s-Mascare\u00f1as, B. (2024). \u2018Our home, your home?\u2019 The precarious housing pathways of asylum seekers in Catalonia. <i>Housing Studies<\/i>, <i>39<\/i>(7), 1678\u20131701. <a id=\"OWAe1f826de-cc54-306b-ff62-1915d707e18c\" title=\"https:\/\/doi.org\/10.1080\/02673037.2022.2141202\" href=\"https:\/\/doi.org\/10.1080\/02673037.2022.2141202\" data-auth=\"NotApplicable\" data-linkindex=\"5\">https:\/\/doi.org\/10.1080\/02673037.2022.2141202<\/a> <\/div>\n<div> <\/div>\n<div> <\/div>\n<\/li>\n<li>\n<div>Delcl\u00f3s, C. (2023). The burden of the border: Precarious citizenship experiences in the wake of the Spanish housing crash. <i>European Urban and Regional Studies<\/i>, <i>30<\/i>(3), 248-260. <a id=\"OWAd7fa3593-4049-92f2-3c2b-70a7b5937470\" title=\"https:\/\/doi.org\/10.1177\/09697764221136092\" href=\"https:\/\/doi.org\/10.1177\/09697764221136092\" data-auth=\"NotApplicable\" data-linkindex=\"6\">https:\/\/doi.org\/10.1177\/09697764221136092<\/a> <\/div>\n<\/li>\n<\/ol>\n<p>[\/et_pb_text][\/et_pb_column][\/et_pb_row][\/et_pb_section]<\/p>\n","protected":false},"excerpt":{"rendered":"<p>Carlos Delcl\u00f3s es Lector Serra Hunter en el Departamento de Sociolog\u00eda de la Universitat Aut\u00f2noma de Barcelona. Doctor en Ciencias Pol\u00edticas y Sociales por la Universitat Pompeu Fabra, se especializ\u00f3 en sociodemograf\u00eda y obtuvo la distinci\u00f3n cum laude. Su investigaci\u00f3n emplea m\u00e9todos mixtos para analizar la estratificaci\u00f3n social, la sociolog\u00eda urbana, la sociolog\u00eda pol\u00edtica y [&hellip;]<\/p>\n","protected":false},"author":2,"featured_media":0,"comment_status":"closed","ping_status":"closed","sticky":false,"template":"","format":"standard","meta":{"_et_pb_use_builder":"on","_et_pb_old_content":"","_et_gb_content_width":"","footnotes":""},"categories":[629],"tags":[],"class_list":["post-16054","post","type-post","status-publish","format-standard","hentry","category-directorio","et-doesnt-have-format-content","et_post_format-et-post-format-standard"],"_links":{"self":[{"href":"https:\/\/igop.uab.cat\/es\/wp-json\/wp\/v2\/posts\/16054","targetHints":{"allow":["GET"]}}],"collection":[{"href":"https:\/\/igop.uab.cat\/es\/wp-json\/wp\/v2\/posts"}],"about":[{"href":"https:\/\/igop.uab.cat\/es\/wp-json\/wp\/v2\/types\/post"}],"author":[{"embeddable":true,"href":"https:\/\/igop.uab.cat\/es\/wp-json\/wp\/v2\/users\/2"}],"replies":[{"embeddable":true,"href":"https:\/\/igop.uab.cat\/es\/wp-json\/wp\/v2\/comments?post=16054"}],"version-history":[{"count":9,"href":"https:\/\/igop.uab.cat\/es\/wp-json\/wp\/v2\/posts\/16054\/revisions"}],"predecessor-version":[{"id":27176,"href":"https:\/\/igop.uab.cat\/es\/wp-json\/wp\/v2\/posts\/16054\/revisions\/27176"}],"wp:attachment":[{"href":"https:\/\/igop.uab.cat\/es\/wp-json\/wp\/v2\/media?parent=16054"}],"wp:term":[{"taxonomy":"category","embeddable":true,"href":"https:\/\/igop.uab.cat\/es\/wp-json\/wp\/v2\/categories?post=16054"},{"taxonomy":"post_tag","embeddable":true,"href":"https:\/\/igop.uab.cat\/es\/wp-json\/wp\/v2\/tags?post=16054"}],"curies":[{"name":"wp","href":"https:\/\/api.w.org\/{rel}","templated":true}]}}