{"id":16021,"date":"2023-02-01T12:05:34","date_gmt":"2023-02-01T11:05:34","guid":{"rendered":"https:\/\/igop.uab.cat\/2023\/02\/01\/alice-lancien\/"},"modified":"2023-02-01T12:05:36","modified_gmt":"2023-02-01T11:05:36","slug":"alice-lancien","status":"publish","type":"post","link":"https:\/\/igop.uab.cat\/es\/2023\/02\/01\/alice-lancien\/","title":{"rendered":"Alice Lancien"},"content":{"rendered":"<p>[et_pb_section fb_built=\u00bb1&#8243; _builder_version=\u00bb4.19.4&#8243; _module_preset=\u00bbdefault\u00bb global_colors_info=\u00bb{}\u00bb][et_pb_row _builder_version=\u00bb4.19.4&#8243; _module_preset=\u00bbdefault\u00bb global_colors_info=\u00bb{}\u00bb][et_pb_column type=\u00bb4_4&#8243; _builder_version=\u00bb4.19.4&#8243; _module_preset=\u00bbdefault\u00bb global_colors_info=\u00bb{}\u00bb][et_pb_text _builder_version=\u00bb4.19.4&#8243; _module_preset=\u00bbdefault\u00bb global_colors_info=\u00bb{}\u00bb]<\/p>\n<p><strong><img loading=\"lazy\" decoding=\"async\" class=\"espai2 alignleft wp-image-15707 size-full\" src=\"https:\/\/igop.uab.cat\/wp-content\/uploads\/2023\/01\/Alice-Lancien-IGOP.jpg\" alt=\"Alice Lancien PhD IGOP\" width=\"150\" height=\"150\">Alice Lancien<\/strong> es candidata (2018) en el programa de doctorado Pol\u00edtica, pol\u00edticas y relaciones internacionales, Universidad Aut\u00f3noma de Barcelona (IGOP), en supervisi\u00f3n conjunta internacional con Universit\u00e9 Paris Nanterre (UMR 7218-LAVUE ). Es M\u00e1ster en Ciencias Sociales y Urbanismo por el Instituto de Urbanismo de Par\u00eds y Licenciada en Arquitectura por la \u00c9cole nationale sup\u00e9rieure de architecture de Marsella (Francia). Su investigaci\u00f3n doctoral est\u00e1 dirigida por la Dra. Marie-H\u00e9l\u00e8ne Bacqu\u00e9 (Universit\u00e9 Paris Nanterre) y por el Dr. Ismael Blanco (UAB) y se centra en estudios de casos en Par\u00eds y Barcelona. Su investigaci\u00f3n pretende entender qu\u00e9 papel juegan los j\u00f3venes en el espacio p\u00fablico en un contexto de transformaciones urbanas. Ha sido investigadora invitada en la \u00c9cole des hautes \u00e9tudes hisp\u00e1nicas et ib\u00e9ricas (Casa de Vel\u00e1zquez, Madrid) de 2019 a 2021. De 2010 a 2018 ha estado trabajando como urbanista especializada en participaci\u00f3n ciudadana dentro de la cooperativa Raons P\u00fabliques Sccl y como comunidad. Agente de red del Plan Comunitario de Barcelona del municipio de Roquetes. De hecho, es profesora asociada de ciencias sociales a la \u00c9cole nationale sup\u00e9rieure de architecture de Marsella (Francia).<\/p>\n<p>[\/et_pb_text][et_pb_text _builder_version=\u00bb4.19.4&#8243; _module_preset=\u00bbdefault\u00bb link_text_color=\u00bb#0C71C3&#8243; global_colors_info=\u00bb{}\u00bb]<\/p>\n<h3>CONTACTO<\/h3>\n<p><strong>Correo: <\/strong> alice.lancien(at)alumni.casadevelazquez.org <br \/><strong>Twitter: <\/strong><a href=\"https:\/\/twitter.com\/alice_lancien\" target=\"_blank\" rel=\"noopener\">https:\/\/twitter.com\/alice_lancien<\/a><br \/><strong>Web:<\/strong> &#8211;<a href=\"https:\/\/scholar.google.com\/citations?user=FLSjLdsAAAAJ&amp;hl=en\"><br \/><\/a><strong>Portal Investigaci\u00f3n UAB:<\/strong> &#8211;<strong><br \/>ORCID<\/strong>: <a href=\"https:\/\/orcid.org\/0000-0002-6501-365X\">https:\/\/orcid.org\/0000-0002-6501-365X<\/a><\/p>\n<p>[\/et_pb_text][et_pb_text _builder_version=\u00bb4.19.4&#8243; _module_preset=\u00bbdefault\u00bb link_text_color=\u00bb#0C71C3&#8243; global_colors_info=\u00bb{}\u00bb]<\/p>\n<h3><strong>\u00c1REAS DE INTER\u00c9S<\/strong><\/h3>\n<p>Ciudadan\u00eda urbana, juventud, pol\u00edticas p\u00fablicas y espacios p\u00fablicos.<\/p>\n<p>[\/et_pb_text][et_pb_text _builder_version=\u00bb4.19.4&#8243; _module_preset=\u00bbdefault\u00bb link_text_color=\u00bb#0C71C3&#8243; hover_enabled=\u00bb0&#8243; global_colors_info=\u00bb{}\u00bb sticky_enabled=\u00bb0&#8243;]<\/p>\n<h3><strong>PROYECTOS<\/strong><\/h3>\n<ul>\n<li>POP-PART \u00ab Les quartiers populaires au prisme de la jeunesse \u00bb, financiado por <em>Agence nationale de la recherche<\/em> (Francia), 2018-2022. <a href=\"https:\/\/jeunesdequartier.fr\/\">https:\/\/jeunesdequartier.fr\/<\/a><\/li>\n<li>TRYSPACES \u00ab Transformative youth spaces \u00bb, partnership internacional de investigaci\u00f3n, financiado por <em>Institut national de la recherche scientifique<\/em> (Canada), 2018-2024. <a href=\"https:\/\/tryspaces.org\/\">https:\/\/tryspaces.org\/<\/a><\/li>\n<\/ul>\n<p>[\/et_pb_text][et_pb_text _builder_version=\u00bb4.19.4&#8243; _module_preset=\u00bbdefault\u00bb link_text_color=\u00bb#0C71C3&#8243; hover_enabled=\u00bb0&#8243; global_colors_info=\u00bb{}\u00bb sticky_enabled=\u00bb0&#8243;]<\/p>\n<h3><strong>PUBLICACIONES<\/strong><\/h3>\n<ul>\n<li>\n<p>Lancien Alice, \u00ab Une place \u00e0 prendre ? Les \u00ab jeunes \u00bb dans les espaces publics d\u2019un quartier en gentrification \u00bb, <em>Agora d\u00e9bats\/jeunesses<\/em>, 2023, n\u00ba93, \u00e0 para\u00eetre.<\/p>\n<\/li>\n<li>\n<p>Lancien Alice, \u00ab Modeler Barcelone, palimpseste historique de la capitale catalane \u00bb, <em>M\u00e9tropolitiques<\/em>, mai 2020.<\/p>\n<\/li>\n<li>\n<p>Lancien Alice, \u00ab Entretien \u2013 Urbanisme et r\u00e9g\u00e9n\u00e9ration de l\u2019habitat \u00e0 l\u2019\u00e9preuve de l\u2019action communautaire dans les quartiers populaires. Le Pla de Barris dans le quartier de Roquetes \u00e0 Barcelone \u00bb, <em>Sud-Ouest europ\u00e9en. Revue g\u00e9ographique des Pyr\u00e9n\u00e9es et du Sud-Ouest<\/em>, 2018, n<sup>o<\/sup> 46, p. 111\u2011117.<\/p>\n<\/li>\n<\/ul>\n<p>[\/et_pb_text][\/et_pb_column][\/et_pb_row][\/et_pb_section]<\/p>\n","protected":false},"excerpt":{"rendered":"<p>Alice Lancien es candidata (2018) en el programa de doctorado Pol\u00edtica, pol\u00edticas y relaciones internacionales, Universidad Aut\u00f3noma de Barcelona (IGOP), en supervisi\u00f3n conjunta internacional con Universit\u00e9 Paris Nanterre (UMR 7218-LAVUE ). Es M\u00e1ster en Ciencias Sociales y Urbanismo por el Instituto de Urbanismo de Par\u00eds y Licenciada en Arquitectura por la \u00c9cole nationale sup\u00e9rieure de [&hellip;]<\/p>\n","protected":false},"author":2,"featured_media":0,"comment_status":"closed","ping_status":"closed","sticky":false,"template":"","format":"standard","meta":{"_et_pb_use_builder":"on","_et_pb_old_content":"","_et_gb_content_width":"","footnotes":""},"categories":[629],"tags":[],"class_list":["post-16021","post","type-post","status-publish","format-standard","hentry","category-directorio","et-doesnt-have-format-content","et_post_format-et-post-format-standard"],"_links":{"self":[{"href":"https:\/\/igop.uab.cat\/es\/wp-json\/wp\/v2\/posts\/16021","targetHints":{"allow":["GET"]}}],"collection":[{"href":"https:\/\/igop.uab.cat\/es\/wp-json\/wp\/v2\/posts"}],"about":[{"href":"https:\/\/igop.uab.cat\/es\/wp-json\/wp\/v2\/types\/post"}],"author":[{"embeddable":true,"href":"https:\/\/igop.uab.cat\/es\/wp-json\/wp\/v2\/users\/2"}],"replies":[{"embeddable":true,"href":"https:\/\/igop.uab.cat\/es\/wp-json\/wp\/v2\/comments?post=16021"}],"version-history":[{"count":2,"href":"https:\/\/igop.uab.cat\/es\/wp-json\/wp\/v2\/posts\/16021\/revisions"}],"predecessor-version":[{"id":16023,"href":"https:\/\/igop.uab.cat\/es\/wp-json\/wp\/v2\/posts\/16021\/revisions\/16023"}],"wp:attachment":[{"href":"https:\/\/igop.uab.cat\/es\/wp-json\/wp\/v2\/media?parent=16021"}],"wp:term":[{"taxonomy":"category","embeddable":true,"href":"https:\/\/igop.uab.cat\/es\/wp-json\/wp\/v2\/categories?post=16021"},{"taxonomy":"post_tag","embeddable":true,"href":"https:\/\/igop.uab.cat\/es\/wp-json\/wp\/v2\/tags?post=16021"}],"curies":[{"name":"wp","href":"https:\/\/api.w.org\/{rel}","templated":true}]}}