{"id":16009,"date":"2023-02-01T11:55:03","date_gmt":"2023-02-01T10:55:03","guid":{"rendered":"https:\/\/igop.uab.cat\/2023\/02\/01\/llorenc-soler-buades\/"},"modified":"2025-03-19T13:18:35","modified_gmt":"2025-03-19T12:18:35","slug":"llorenc-soler-buades","status":"publish","type":"post","link":"https:\/\/igop.uab.cat\/es\/2023\/02\/01\/llorenc-soler-buades\/","title":{"rendered":"Lloren\u00e7 Soler-Buades"},"content":{"rendered":"<p>[et_pb_section fb_built=\u00bb1&#8243; admin_label=\u00bbsection\u00bb _builder_version=\u00bb4.16&#8243; global_colors_info=\u00bb{}\u00bb][et_pb_row admin_label=\u00bbrow\u00bb _builder_version=\u00bb4.16&#8243; background_size=\u00bbinitial\u00bb background_position=\u00bbtop_left\u00bb background_repeat=\u00bbrepeat\u00bb global_colors_info=\u00bb{}\u00bb][et_pb_column type=\u00bb4_4&#8243; _builder_version=\u00bb4.16&#8243; custom_padding=\u00bb|||\u00bb global_colors_info=\u00bb{}\u00bb custom_padding__hover=\u00bb|||\u00bb][et_pb_text _builder_version=\u00bb4.24.3&#8243; _module_preset=\u00bbdefault\u00bb hover_enabled=\u00bb0&#8243; global_colors_info=\u00bb{}\u00bb sticky_enabled=\u00bb0&#8243;]<\/p>\n<p><strong><img loading=\"lazy\" decoding=\"async\" class=\"espai2 alignleft wp-image-24010 size-thumbnail\" src=\"https:\/\/igop.uab.cat\/wp-content\/uploads\/2023\/02\/Llorens-Soler-2025-150x150.png\" alt=\"Lloren\u00e7 Soler 2025\" width=\"150\" height=\"150\" srcset=\"https:\/\/igop.uab.cat\/wp-content\/uploads\/2023\/02\/Llorens-Soler-2025-150x150.png 150w, https:\/\/igop.uab.cat\/wp-content\/uploads\/2023\/02\/Llorens-Soler-2025.png 226w\" sizes=\"(max-width: 150px) 100vw, 150px\" \/>Lloren\u00e7 Soler-Buades<\/strong> es investigador de doctorado en el Instituto de Gobierno y Pol\u00edticas P\u00fablicas de la Universitat Aut\u00f2noma de Barcelona. Sus intereses de investigaci\u00f3n se centran en el amplio \u00e1mbito de la pol\u00edtica social comparada, con especial \u00e9nfasis en el mercado laboral, la reforma de la renta m\u00ednima y la pol\u00edtica partidista. Ha participado activamente en el proyecto Euroship, financiado por Horizonte 2020, \u00abCerrando Brechas en la Ciudadan\u00eda Social\u00bb (2020-2023). Su trabajo se ha publicado en Social Policy &amp; Administration, Journal of Social Policy y Southern European Society and Politics.   <\/p>\n<p>[\/et_pb_text][et_pb_text _builder_version=\u00bb4.19.4&#8243; _module_preset=\u00bbdefault\u00bb link_text_color=\u00bb#0C71C3&#8243; global_colors_info=\u00bb{}\u00bb]<\/p>\n<h3>CONTACTO<\/h3>\n<p><strong>Correo:<\/strong> llorenc.soler@uab.cat<br \/><strong>Twitter: <\/strong><a href=\"https:\/\/twitter.com\/llorenc_soler\" target=\"_blank\" rel=\"noopener\">@llorenc_soler<\/a><br \/><strong>Web:<\/strong> &#8211;<a href=\"https:\/\/scholar.google.com\/citations?user=FLSjLdsAAAAJ&amp;hl=en\"><br \/><\/a><strong>Portal Investigaci\u00f3n UAB: <\/strong>&#8211;<br \/><strong>ORCID<\/strong>: <a href=\"https:\/\/orcid.org\/0000-0002-7028-5254\" target=\"_blank\" rel=\"noopener\">https:\/\/orcid.org\/0000-0002-7028-5254<\/a><br \/><strong>Google Scholar: <\/strong><a href=\"https:\/\/scholar.google.com\/citations?user=wV_iCXsAAAAJ&amp;hl=ca&amp;oi=ao\" target=\"_blank\" rel=\"noopener\">Lloren\u00e7 Soler<\/a><strong><br \/>ResearchGate Citations<\/strong>: &#8211;<\/p>\n<p>[\/et_pb_text][et_pb_text _builder_version=\u00bb4.19.4&#8243; _module_preset=\u00bbdefault\u00bb global_colors_info=\u00bb{}\u00bb]<\/p>\n<h3><strong>\u00c1REAS DE INTER\u00c9S<\/strong><\/h3>\n<p>Pol\u00edtica social comparada y sistemas de protecci\u00f3n social, pol\u00edtica de partidos, ingresos m\u00ednimos, condicionalidad laboral, trabajo en plataforma.<\/p>\n<p>[\/et_pb_text][et_pb_text _builder_version=\u00bb4.19.4&#8243; _module_preset=\u00bbdefault\u00bb global_colors_info=\u00bb{}\u00bb]<\/p>\n<h3><strong>PROYECTOS<\/strong><\/h3>\n<ul>\n<li>EUROSHIP Project: <em>Closing gaps in social citizenship<\/em><\/li>\n<li>SOLID Project: <em>Policy Crisis and Crisis Politics<\/em> (as a research assistant)<\/li>\n<li><em>Inequalities and Social Pacts<\/em>. Funded by Observatorio Social La Caixa.<\/li>\n<\/ul>\n<p>[\/et_pb_text][et_pb_text _builder_version=\u00bb4.24.3&#8243; _module_preset=\u00bbdefault\u00bb global_colors_info=\u00bb{}\u00bb]<\/p>\n<h3><strong>PUBLICACIONES<\/strong><\/h3>\n<ul>\n<li dir=\"ltr\"><span data-olk-copy-source=\"MessageBody\">Soler-Buades, L.<\/span> (2024). No welfare without workfare? Revisiting varieties of minimum income schemes in Europe (2008\u20132022). Social Policy and Administration. Early View.  <a title=\"https:\/\/doi.org\/10.1111\/spol.13077\" href=\"https:\/\/doi.org\/10.1111\/spol.13077\" target=\"_blank\" rel=\"noopener noreferrer\" data-auth=\"NotApplicable\" data-linkindex=\"0\"><br \/>\nhttps:\/\/doi.org\/10.1111\/spol.13077<\/a><\/li>\n<li dir=\"ltr\">Soler-Buades, L. (2025). The Politics of Minimum Income Reform in Spain: Explaining Unexpected and Consensual Path Departure. Journal of Social Policy (forthcoming).  <\/li>\n<li dir=\"ltr\">Le\u00f3n, M., Alvari\u00f1o, M., &amp; Soler-Buades, L. (2022). Explaining morality policy coalitions in Spanish parliamentary votes: The interaction of the church-state conflict and territorial politics. South European Society and Politics, 27(2), 197\u2013222.  <a title=\"https:\/\/doi.org\/10.1080\/13608746.2022.2132614\" href=\"https:\/\/doi.org\/10.1080\/13608746.2022.2132614\" target=\"_blank\" rel=\"noopener noreferrer\" data-auth=\"NotApplicable\" data-linkindex=\"1\"><br \/>\nhttps:\/\/doi.org\/10.1080\/13608746.2022.2132614<\/a><\/li>\n<li dir=\"ltr\">Le\u00f3n, M., Alvari\u00f1o, M., &amp; Soler-Buades, L. (2022). Una cultura pol\u00edtica poco acostumbrada al di\u00e1logo. In L. Ayala (Ed.), Desigualdad y pacto social (pp. 165-180). Observatorio Social de La Caixa.   <\/li>\n<li dir=\"ltr\">Ib\u00e1\u00f1ez, Z., Soler-Buades, L., Le\u00f3n, M., &amp; Maestripieri, L. (2023). Intersectional inequalities and minimum income schemes: Do last resort safety nets help some people more than others? EUROSHIP Working Paper No. 32.  <\/li>\n<li dir=\"ltr\"><span id=\"x_gmail-docs-internal-guid-13ca910c-7fff-0d40-915c-1cf3f941676c\">Ib\u00e1\u00f1ez, Z., Le\u00f3n, M., Soler-Buades, L., &amp; Alvari\u00f1o, M. (2021). Fostering work-life balance for precarious workers: Culture and social protection systems in comparative perspective.  EUROSHIP Working Paper No. 5.<\/span><\/li>\n<\/ul>\n<p>[\/et_pb_text][\/et_pb_column][\/et_pb_row][\/et_pb_section]<\/p>\n","protected":false},"excerpt":{"rendered":"<p>Lloren\u00e7 Soler-Buades es investigador de doctorado en el Instituto de Gobierno y Pol\u00edticas P\u00fablicas de la Universitat Aut\u00f2noma de Barcelona. Sus intereses de investigaci\u00f3n se centran en el amplio \u00e1mbito de la pol\u00edtica social comparada, con especial \u00e9nfasis en el mercado laboral, la reforma de la renta m\u00ednima y la pol\u00edtica partidista. Ha participado activamente [&hellip;]<\/p>\n","protected":false},"author":2,"featured_media":0,"comment_status":"closed","ping_status":"closed","sticky":false,"template":"","format":"standard","meta":{"_et_pb_use_builder":"on","_et_pb_old_content":"","_et_gb_content_width":"","footnotes":""},"categories":[629],"tags":[],"class_list":["post-16009","post","type-post","status-publish","format-standard","hentry","category-directorio","et-doesnt-have-format-content","et_post_format-et-post-format-standard"],"_links":{"self":[{"href":"https:\/\/igop.uab.cat\/es\/wp-json\/wp\/v2\/posts\/16009","targetHints":{"allow":["GET"]}}],"collection":[{"href":"https:\/\/igop.uab.cat\/es\/wp-json\/wp\/v2\/posts"}],"about":[{"href":"https:\/\/igop.uab.cat\/es\/wp-json\/wp\/v2\/types\/post"}],"author":[{"embeddable":true,"href":"https:\/\/igop.uab.cat\/es\/wp-json\/wp\/v2\/users\/2"}],"replies":[{"embeddable":true,"href":"https:\/\/igop.uab.cat\/es\/wp-json\/wp\/v2\/comments?post=16009"}],"version-history":[{"count":15,"href":"https:\/\/igop.uab.cat\/es\/wp-json\/wp\/v2\/posts\/16009\/revisions"}],"predecessor-version":[{"id":24046,"href":"https:\/\/igop.uab.cat\/es\/wp-json\/wp\/v2\/posts\/16009\/revisions\/24046"}],"wp:attachment":[{"href":"https:\/\/igop.uab.cat\/es\/wp-json\/wp\/v2\/media?parent=16009"}],"wp:term":[{"taxonomy":"category","embeddable":true,"href":"https:\/\/igop.uab.cat\/es\/wp-json\/wp\/v2\/categories?post=16009"},{"taxonomy":"post_tag","embeddable":true,"href":"https:\/\/igop.uab.cat\/es\/wp-json\/wp\/v2\/tags?post=16009"}],"curies":[{"name":"wp","href":"https:\/\/api.w.org\/{rel}","templated":true}]}}