{"id":16003,"date":"2023-02-01T11:46:15","date_gmt":"2023-02-01T10:46:15","guid":{"rendered":"https:\/\/igop.uab.cat\/2023\/02\/01\/david-palomera\/"},"modified":"2023-02-01T11:46:17","modified_gmt":"2023-02-01T10:46:17","slug":"david-palomera","status":"publish","type":"post","link":"https:\/\/igop.uab.cat\/es\/2023\/02\/01\/david-palomera\/","title":{"rendered":"David Palomera"},"content":{"rendered":"<p>[et_pb_section fb_built=\u00bb1&#8243; _builder_version=\u00bb4.19.4&#8243; _module_preset=\u00bbdefault\u00bb global_colors_info=\u00bb{}\u00bb][et_pb_row _builder_version=\u00bb4.19.4&#8243; _module_preset=\u00bbdefault\u00bb global_colors_info=\u00bb{}\u00bb][et_pb_column type=\u00bb4_4&#8243; _builder_version=\u00bb4.19.4&#8243; _module_preset=\u00bbdefault\u00bb global_colors_info=\u00bb{}\u00bb][et_pb_text _builder_version=\u00bb4.19.4&#8243; _module_preset=\u00bbdefault\u00bb global_colors_info=\u00bb{}\u00bb]<\/p>\n<p><strong><img loading=\"lazy\" decoding=\"async\" class=\"espai2 alignleft wp-image-15713 size-full\" src=\"https:\/\/igop.uab.cat\/wp-content\/uploads\/2023\/01\/David-Palomera.jpg\" alt=\"David Palomera IGOP\" width=\"150\" height=\"150\"><\/strong><strong>David Palomera<\/strong> es becario doctoral y realiza una tesis titulada: \u00abInversi\u00f3n, organizaci\u00f3n y desigualdades en infraestructuras asistenciales p\u00fablicas: cuatro art\u00edculos sobre residualismo del bienestar\u00bb, que investiga los recientes avances e innovaciones en las pol\u00edticas de atenci\u00f3n social en Espa\u00f1a y Dinamarca. Su investigaci\u00f3n se centra en la gesti\u00f3n p\u00fablica, la reforma e innovaci\u00f3n y difusi\u00f3n de pol\u00edticas p\u00fablicas en el sector asistencial y la econom\u00eda pol\u00edtica del Estado del Bienestar. Tambi\u00e9n est\u00e1 interesado en la relaci\u00f3n entre pol\u00edtica social, cambio clim\u00e1tico y postcrecimiento. Ha realizado dos estancias de doctorado en el Southern Denmark University Center for Welfare Studies. Su investigaci\u00f3n utiliza an\u00e1lisis de datos tanto cuantitativos como cualitativos, incluido el seguimiento de procesos. Es licenciado en Econom\u00eda por la Universidad Pompeu Fabra y doble m\u00e1ster en Econom\u00eda por la Universidad de Warwick y la Universidad de Lund. Ha trabajado como consultor independiente durante a\u00f1os para distintas entidades p\u00fablicas y sin \u00e1nimo de lucro. Forma parte de la Transforming Care Network y participa en asociaciones que analizan y proponen pol\u00edticas progresivas de atenci\u00f3n econ\u00f3mica y social. Ocasionalmente publica en medios de comunicaci\u00f3n.<\/p>\n<p>[\/et_pb_text][et_pb_text _builder_version=\u00bb4.19.4&#8243; _module_preset=\u00bbdefault\u00bb link_text_color=\u00bb#0C71C3&#8243; global_colors_info=\u00bb{}\u00bb]<\/p>\n<h3>CONTACTO<\/h3>\n<p><strong>Correo:<\/strong> david.palomera@uab.cat<br \/><strong>Twitter: <\/strong>@David_Palomera<br \/><strong>Web:<\/strong> &#8211;<a href=\"https:\/\/scholar.google.com\/citations?user=FLSjLdsAAAAJ&amp;hl=en\"><br \/><\/a><strong>Portal Investigaci\u00f3n UAB:<\/strong> <a href=\"https:\/\/portalrecerca.uab.cat\/en\/persons\/david-palomera-zaidel-6\" target=\"_blank\" rel=\"noopener\">https:\/\/portalrecerca.uab.cat\/en\/persons\/david-palomera-zaidel-6<\/a><strong><br \/>ORCID<\/strong>: <a href=\"https:\/\/orcid.org\/0000-0003-1519-3469\" target=\"_blank\" rel=\"noopener\">https:\/\/orcid.org\/0000-0003-1519-3469<\/a><br \/><strong>ResearchGate Citations<\/strong>: <a href=\"https:\/\/www.researchgate.net\/profile\/David-Palomera-3\" target=\"_blank\" rel=\"noopener\">https:\/\/www.researchgate.net\/profile\/David-Palomera-3<\/a><\/p>\n<p>[\/et_pb_text][et_pb_text _builder_version=\u00bb4.19.4&#8243; _module_preset=\u00bbdefault\u00bb global_colors_info=\u00bb{}\u00bb]<\/p>\n<h3><strong>\u00c1REAS DE INTER\u00c9S<\/strong><\/h3>\n<p>Pol\u00edtica p\u00fablica, gesti\u00f3n p\u00fablica, atenci\u00f3n social, pol\u00edtica social, econom\u00eda pol\u00edtica, estado del bienestar, transici\u00f3n verde, postcrecimiento.<\/p>\n<p>[\/et_pb_text][et_pb_text _builder_version=\u00bb4.19.4&#8243; _module_preset=\u00bbdefault\u00bb global_colors_info=\u00bb{}\u00bb]<\/p>\n<h4>PROYECTOS<\/h4>\n<ul>\n<li>ECEWEL: Investment in early childhood: politics, policies and results\u201d project of the Ministry of Science and Innovation (CSO2017- 88906-R).<\/li>\n<\/ul>\n<p>[\/et_pb_text][et_pb_text _builder_version=\u00bb4.19.4&#8243; _module_preset=\u00bbdefault\u00bb global_colors_info=\u00bb{}\u00bb]<\/p>\n<h4>PUBLICACIONES DESTACADAS<\/h4>\n<ul>\n<li>Palomera, D. and Le\u00f3n, M. (2023). The growth and consequences of quasi-markets in long-term care. In Daly, M., Pfau-Effinger, B., Gilbert, N. And Besharov, D. (ed) <em>The Oxford Handbook of Familly Policy: a life-course perspective<\/em>. Oxford University Press.<\/li>\n<li>Palomera, D. (2022). A welfare state for all? An analysis of social inequalities in applications for and use of public childcare services and the role of social policy in alleviating them. <em>Papers<\/em>, 107 (3), e3068. <a href=\"https:\/\/doi.org\/10.5565\/rev\/papers.3068\">https:\/\/doi.org\/10.5565\/rev\/papers.3068<\/a><\/li>\n<li>Kussy, A., Palomera, D., &amp; Silver, D. (2022). The caring city? A critical reflection on Barcelona\u2019s municipal experiments in care and the commons. <em>Urban Studies<\/em>, 0(0). <a href=\"https:\/\/doi.org\/10.1177\/00420980221134191\">https:\/\/doi.org\/10.1177\/00420980221134191<\/a><\/li>\n<\/ul>\n<p>[\/et_pb_text][\/et_pb_column][\/et_pb_row][\/et_pb_section]<\/p>\n","protected":false},"excerpt":{"rendered":"<p>David Palomera es becario doctoral y realiza una tesis titulada: \u00abInversi\u00f3n, organizaci\u00f3n y desigualdades en infraestructuras asistenciales p\u00fablicas: cuatro art\u00edculos sobre residualismo del bienestar\u00bb, que investiga los recientes avances e innovaciones en las pol\u00edticas de atenci\u00f3n social en Espa\u00f1a y Dinamarca. Su investigaci\u00f3n se centra en la gesti\u00f3n p\u00fablica, la reforma e innovaci\u00f3n y difusi\u00f3n [&hellip;]<\/p>\n","protected":false},"author":2,"featured_media":0,"comment_status":"closed","ping_status":"closed","sticky":false,"template":"","format":"standard","meta":{"_et_pb_use_builder":"on","_et_pb_old_content":"","_et_gb_content_width":"","footnotes":""},"categories":[629],"tags":[],"class_list":["post-16003","post","type-post","status-publish","format-standard","hentry","category-directorio","et-doesnt-have-format-content","et_post_format-et-post-format-standard"],"_links":{"self":[{"href":"https:\/\/igop.uab.cat\/es\/wp-json\/wp\/v2\/posts\/16003","targetHints":{"allow":["GET"]}}],"collection":[{"href":"https:\/\/igop.uab.cat\/es\/wp-json\/wp\/v2\/posts"}],"about":[{"href":"https:\/\/igop.uab.cat\/es\/wp-json\/wp\/v2\/types\/post"}],"author":[{"embeddable":true,"href":"https:\/\/igop.uab.cat\/es\/wp-json\/wp\/v2\/users\/2"}],"replies":[{"embeddable":true,"href":"https:\/\/igop.uab.cat\/es\/wp-json\/wp\/v2\/comments?post=16003"}],"version-history":[{"count":2,"href":"https:\/\/igop.uab.cat\/es\/wp-json\/wp\/v2\/posts\/16003\/revisions"}],"predecessor-version":[{"id":16005,"href":"https:\/\/igop.uab.cat\/es\/wp-json\/wp\/v2\/posts\/16003\/revisions\/16005"}],"wp:attachment":[{"href":"https:\/\/igop.uab.cat\/es\/wp-json\/wp\/v2\/media?parent=16003"}],"wp:term":[{"taxonomy":"category","embeddable":true,"href":"https:\/\/igop.uab.cat\/es\/wp-json\/wp\/v2\/categories?post=16003"},{"taxonomy":"post_tag","embeddable":true,"href":"https:\/\/igop.uab.cat\/es\/wp-json\/wp\/v2\/tags?post=16003"}],"curies":[{"name":"wp","href":"https:\/\/api.w.org\/{rel}","templated":true}]}}