{"id":15951,"date":"2023-01-31T10:30:23","date_gmt":"2023-01-31T09:30:23","guid":{"rendered":"https:\/\/igop.uab.cat\/2023\/01\/31\/ismael-blanco\/"},"modified":"2026-02-13T13:26:51","modified_gmt":"2026-02-13T12:26:51","slug":"ismael-blanco","status":"publish","type":"post","link":"https:\/\/igop.uab.cat\/es\/2023\/01\/31\/ismael-blanco\/","title":{"rendered":"Ismael Blanco"},"content":{"rendered":"<p>[et_pb_section fb_built=\u00bb1&#8243; _builder_version=\u00bb4.19.4&#8243; _module_preset=\u00bbdefault\u00bb global_colors_info=\u00bb{}\u00bb][et_pb_row _builder_version=\u00bb4.19.4&#8243; _module_preset=\u00bbdefault\u00bb global_colors_info=\u00bb{}\u00bb][et_pb_column type=\u00bb4_4&#8243; _builder_version=\u00bb4.19.4&#8243; _module_preset=\u00bbdefault\u00bb global_colors_info=\u00bb{}\u00bb][et_pb_text _builder_version=\u00bb4.24.3&#8243; _module_preset=\u00bbdefault\u00bb global_colors_info=\u00bb{}\u00bb]<\/p>\n<p><strong><img loading=\"lazy\" decoding=\"async\" class=\"espai2 alignleft wp-image-15558 size-full\" src=\"https:\/\/igop.uab.cat\/wp-content\/uploads\/2023\/01\/ISMAEL-BLANCO.png\" alt=\"Ismael Blanco IGOP\" width=\"150\" height=\"150\">Ismael Blanco Fillola<\/strong> (Doctor en Ciencia Pol\u00edtica, UAB, 2004) es Catedr\u00e1tico de Ciencia Pol\u00edtica en la Universidad Aut\u00f3noma de Barcelona, \u200b\u200bdonde ha sido director del IGOP (2019-2025). Fue investigador Ramon y Cajal en la Universidad Pompeu Fabra y en la UAB (2011-2016), y anteriormente investigador postdoctoral Beatriz de Pin\u00f3s en la De Montfort University (2008-2010). <\/p>\n<div>Ha dirigido varios proyectos competitivos sobre gobernanza y segregaci\u00f3n urbana, como Barris y Crisis (Recercaixa), REDES, TRANSGOB y, actualmente, TEDIS (Ministerio de Ciencia, Innovaci\u00f3n y Universidades). Tambi\u00e9n ha liderado numerosos contratos de investigaci\u00f3n aplicada y ha participado en proyectos internacionales financiados, entre otros, por el ESRC del Reino Unido y el programa Urban Innovative Actions de la UE. <\/div>\n<div> <\/div>\n<div>Ha publicado en numerosas revistas cient\u00edficas internacionales y ha coeditado, entre otras, Vidas segregadas (2022, con R. Gom\u00e0) y Barrios y crisis (2018, con O. Nel\u00b7lo).<\/div>\n<p>[\/et_pb_text][et_pb_text _builder_version=\u00bb4.24.3&#8243; _module_preset=\u00bbdefault\u00bb link_text_color=\u00bb#0C71C3&#8243; global_colors_info=\u00bb{}\u00bb]<\/p>\n<h3>CONTACTO<\/h3>\n<p><strong>Correo:<\/strong> ismael.blanco@uab.cat<br \/><strong>Twitter: &#8211;<\/strong><br \/><strong>Web:<\/strong> \u2013<br \/><strong>Portal Investigaci\u00f3n UAB:<\/strong> <a href=\"https:\/\/portalrecerca.uab.cat\/en\/persons\/ismael-ivan-blanco-fillola-3\" target=\"_blank\" rel=\"noopener\">https:\/\/portalrecerca.uab.cat\/en\/persons\/ismael-ivan-blanco-fillola-3<\/a><strong><br \/>ORCID<\/strong>: <a href=\"https:\/\/orcid.org\/0000-0003-2191-5712\" target=\"_blank\" rel=\"noopener\">https:\/\/orcid.org\/0000-0003-2191-5712<\/a><br \/><strong>ResearchGate Citations<\/strong>: <a class=\"css-4rbku5 css-18t94o4 css-901oao css-16my406 r-1cvl2hr r-1loqt21 r-4qtqp9 r-poiln3 r-1b7u577 r-bcqeeo r-1ny4l3l r-1ddef8g r-tjvw6i r-qvutc0\" dir=\"ltr\" role=\"none\" href=\"https:\/\/t.co\/Ga9MZFCh2m\" target=\"_blank\" rel=\"noopener noreferrer nofollow\" data-testid=\"UserUrl\"> <span class=\"css-901oao css-16my406 r-poiln3 r-bcqeeo r-qvutc0\">uab.academia.edu\/ismaelblanco<\/span> <\/a><\/p>\n<p>[\/et_pb_text][et_pb_text _builder_version=\u00bb4.19.4&#8243; _module_preset=\u00bbdefault\u00bb link_text_color=\u00bb#0C71C3&#8243; global_colors_info=\u00bb{}\u00bb]<\/p>\n<h3>\u00c1REAS DE INTER\u00c9S<\/h3>\n<p>Din\u00e1micas de desigualdad y segregaci\u00f3n socioespacial, formas emergentes de participaci\u00f3n y gobernanza urbana, innovaci\u00f3n p\u00fablica, innovaci\u00f3n social.<\/p>\n<p>[\/et_pb_text][et_pb_text _builder_version=\u00bb4.24.3&#8243; _module_preset=\u00bbdefault\u00bb link_text_color=\u00bb#0C71C3&#8243; hover_enabled=\u00bb0&#8243; global_colors_info=\u00bb{}\u00bb sticky_enabled=\u00bb0&#8243;]<\/p>\n<h4>3 PROYECTOS DESTACADOS<\/h4>\n<ul>\n<li>TEDIS &#8211; Territorialitzaci\u00f3n de derechos e infraestructuras sociales: el papel de los equipamientos p\u00fablicos en contextos de vulnerabilidad urbana (PID2024-161606OB-I00). Agencia Estatal de Investigaci\u00f3n. 102.000\u20ac. IPs: Oriol Nel\u00b7lo i Ismael Blanco.    01\/09\/2028-31\/08\/2028.<\/li>\n<li>AUSTERITY GOVERNANCE. Collaborative Governance in Cities under Austerity: an Eight Case Comparative Study (ES\/L01289\/1). Economic and Social Research Council. 592.400\u20ac. IP: Prof. Jonathan Davies, IP Spain: Ismael Blanco. 01\/04\/2015 \u2013 30\/09\/2017.<\/li>\n<li>BARRIS I CRISI. Barris desafavorits enfront la crisi: segregaci\u00f3 urbana, innovaci\u00f3 social i capacitat c\u00edvica (2012ACUP00004). Recercaixa. 67.746,50\u20ac. IP: Dr. Ismael Blanco. 01\/01\/2013 \u2013 30\/04\/2015.     <\/li>\n<\/ul>\n<p>[\/et_pb_text][et_pb_text _builder_version=\u00bb4.19.4&#8243; _module_preset=\u00bbdefault\u00bb link_text_color=\u00bb#0C71C3&#8243; global_colors_info=\u00bb{}\u00bb]<\/p>\n<h4>3 PUBLICACIONES DESTACADAS<\/h4>\n<ul>\n<li>\n<p class=\"title\">Blanco, I., Gom\u00e0, R. (Eds.). \u00bfVidas segregadas? Reconstruir fraternidad; 2022 Valencia: Editorial Tirant lo Blanch, 1\u00aa edici\u00f3n, <a href=\"https:\/\/editorial.tirant.com\/es\/libro\/vidas-segregadas-reconstruir-fraternidad-ricard-goma-9788419071774?busqueda=vidas+segregadas&amp;\" target=\"_blank\" rel=\"noopener\">ISBN 9788419071774<\/a>  <\/p>\n<\/li>\n<li>Urban governance and political change under a radical left government. The case of Barcelona Blanco I, Salazar Journal of Urban Affairs, 42(1), pp. 18-3. DOI: <a href=\"https:\/\/doi.org\/10.1080\/07352166.2018.1559648\">10.1080\/07352166.2018.1559648<\/a>  <\/li>\n<li>\n<p class=\"title\"><a class=\"link\" href=\"https:\/\/portalrecerca.uab.cat\/en\/publications\/barrios-y-crisis-crisis-econ%C3%B3mica-segregaci%C3%B3n-urbana-e-innovaci%C3%B3n\" rel=\"BookAnthology\"><strong>Barrios y crisis. Crisis econ\u00f3mica, segregaci\u00f3n urbana e innovaci\u00f3n social en Catalu\u00f1a <\/strong><\/a> <a class=\"link person\" href=\"https:\/\/portalrecerca.uab.cat\/en\/persons\/ismael-ivan-blanco-fillola-3\" rel=\"Person\">Blanco Fillola, I. (ed.)<\/a> &amp; <a class=\"link person\" href=\"https:\/\/portalrecerca.uab.cat\/en\/persons\/oriol-nel%C3%A3%C6%92%C3%A2%C5%A1%C3%A3%C3%A2lo-colom\" rel=\"Person\">Nel\u00b7lo Colom, O. (ed.)<\/a>, <span class=\"date\">2018<\/span>, Val\u00e8ncia. <span class=\"numberofpages\">225 p.<\/span><\/p>\n<\/li>\n<\/ul>\n<p>[\/et_pb_text][\/et_pb_column][\/et_pb_row][\/et_pb_section]<\/p>\n","protected":false},"excerpt":{"rendered":"<p>Ismael Blanco Fillola (Doctor en Ciencia Pol\u00edtica, UAB, 2004) es Catedr\u00e1tico de Ciencia Pol\u00edtica en la Universidad Aut\u00f3noma de Barcelona, \u200b\u200bdonde ha sido director del IGOP (2019-2025). Fue investigador Ramon y Cajal en la Universidad Pompeu Fabra y en la UAB (2011-2016), y anteriormente investigador postdoctoral Beatriz de Pin\u00f3s en la De Montfort University (2008-2010). [&hellip;]<\/p>\n","protected":false},"author":2,"featured_media":0,"comment_status":"closed","ping_status":"closed","sticky":false,"template":"","format":"standard","meta":{"_et_pb_use_builder":"on","_et_pb_old_content":"","_et_gb_content_width":"","footnotes":""},"categories":[629],"tags":[],"class_list":["post-15951","post","type-post","status-publish","format-standard","hentry","category-directorio","et-doesnt-have-format-content","et_post_format-et-post-format-standard"],"_links":{"self":[{"href":"https:\/\/igop.uab.cat\/es\/wp-json\/wp\/v2\/posts\/15951","targetHints":{"allow":["GET"]}}],"collection":[{"href":"https:\/\/igop.uab.cat\/es\/wp-json\/wp\/v2\/posts"}],"about":[{"href":"https:\/\/igop.uab.cat\/es\/wp-json\/wp\/v2\/types\/post"}],"author":[{"embeddable":true,"href":"https:\/\/igop.uab.cat\/es\/wp-json\/wp\/v2\/users\/2"}],"replies":[{"embeddable":true,"href":"https:\/\/igop.uab.cat\/es\/wp-json\/wp\/v2\/comments?post=15951"}],"version-history":[{"count":26,"href":"https:\/\/igop.uab.cat\/es\/wp-json\/wp\/v2\/posts\/15951\/revisions"}],"predecessor-version":[{"id":27231,"href":"https:\/\/igop.uab.cat\/es\/wp-json\/wp\/v2\/posts\/15951\/revisions\/27231"}],"wp:attachment":[{"href":"https:\/\/igop.uab.cat\/es\/wp-json\/wp\/v2\/media?parent=15951"}],"wp:term":[{"taxonomy":"category","embeddable":true,"href":"https:\/\/igop.uab.cat\/es\/wp-json\/wp\/v2\/categories?post=15951"},{"taxonomy":"post_tag","embeddable":true,"href":"https:\/\/igop.uab.cat\/es\/wp-json\/wp\/v2\/tags?post=15951"}],"curies":[{"name":"wp","href":"https:\/\/api.w.org\/{rel}","templated":true}]}}