{"id":13477,"date":"2021-06-02T11:55:43","date_gmt":"2021-06-02T09:55:43","guid":{"rendered":"https:\/\/igop.uab.cat\/2021\/06\/02\/la-metropolis-post-covid\/"},"modified":"2021-06-10T23:06:34","modified_gmt":"2021-06-10T21:06:34","slug":"la-metropolis-post-covid","status":"publish","type":"post","link":"https:\/\/igop.uab.cat\/es\/2021\/06\/02\/la-metropolis-post-covid\/","title":{"rendered":"La metr\u00f3polis post-covid"},"content":{"rendered":"<h4>La metr\u00f3polis post-covid.\u00a0La contribuci\u00f3n y los recursos de las ciudades del arco metropolitano<\/h4>\n<p><strong>Actividad:<\/strong> Jornada de debate<br \/>\n<strong>Fecha:<\/strong> 09\/06\/21 (de 11 a 13h)<br \/>\n<strong>Formato:<\/strong> online<br \/>\n<strong>Inscripciones:<\/strong>\u00a0<a href=\"http:\/\/bit.ly\/InscripcioCATpostcovid\" target=\"_blank\" rel=\"noopener\">cerradas<\/a><\/p>\n<div class=\"rve\" data-content-width=\"1080\"><iframe loading=\"lazy\" title=\"Jornada La metr\u00f2poli post-covid\" width=\"1080\" height=\"608\" src=\"https:\/\/www.youtube.com\/embed\/Y4qQLnkH3KQ?feature=oembed\" frameborder=\"0\" allow=\"accelerometer; autoplay; clipboard-write; encrypted-media; gyroscope; picture-in-picture\" allowfullscreen><\/iframe><\/div>\n<p><!-- Responsive Video Embeds plugin by www.kevinleary.net --><\/p>\n<hr \/>\n<p>Descarga el programa: <a href=\"https:\/\/igop.uab.cat\/wp-content\/uploads\/2021\/06\/Jornada-Metropoli-Postcovid-09-06-21-1.pdf\" target=\"_blank\" rel=\"noopener\">Programa Jornada (pdf)<\/a><\/p>\n<p>Descargate el informe\u00a0<a href=\"https:\/\/igop.uab.cat\/wp-content\/uploads\/2021\/06\/IGOP-Estudi-segregaci%C3%B3-Urbana-09-06-21.pdf\" target=\"_blank\" rel=\"noopener\">Segregaci\u00f3 urbana i desigualtats intermunicipals a Matar\u00f3 i la comarca del Maresme<\/a><\/p>\n<hr \/>\n<h4>Programa<\/h4>\n<p><strong>11h. Bienvenida, presentaci\u00f3n de la Jornada y de sus objetivos:<\/strong><\/p>\n<p>David Bote, alcalde de Matar\u00f3, Oriol Nel\u00b7lo, profssor de la Universitat Aut\u00f2noma de Barcelona y Laia Bonet, Tinent d\u2019Alcalde d\u2019Agenda 2030, Transici\u00f3 digital, Esports i Coordinaci\u00f3 Territorial i Metropolitana, Ajuntament de Barcelona.<\/p>\n<p><strong>11:10h. Necesidades sociales y recursos locales en las ciudades del arco metropolitano.<\/strong><\/p>\n<p>Presentaci\u00f3n del estudio: Ismael Blanco, director de l\u2019Institut de Govern i Pol\u00edtiques P\u00fabliques de la Universtitat Aut\u00f2noma de Barcelona.<\/p>\n<p><strong>12h. El papel de las ciudades del arco metropolitano en la salida de la crisis:<\/strong><\/p>\n<ul>\n<li>Jordi Ballart, alcalde de Terrassa.<\/li>\n<li>Marta Farr\u00e9s, alcaldesa de Sabadell.<\/li>\n<li>David Bote, alcalde de Matar\u00f3.<\/li>\n<li>Olga Arnau, alcaldesa de Vilanova i la Geltr\u00fa.<\/li>\n<li>Josep Mayoral, alcalde de Granollers.<\/li>\n<li>Pere Regull, alcalde de Vilafranca del Pened\u00e8s.<\/li>\n<\/ul>\n<p><strong>13h. Cierre y conclusiones de la Jornada.<\/strong><\/p>\n<p>Jordi Mart\u00ed, President de la Comissi\u00f3\u00a0Executiva del PEMB i vicepresident de planificaci\u00f3 estrat\u00e8gica de l\u2019\u00c0rea Metropolitana de Barcelona.<\/p>\n<hr \/>\n<p>Les ciutats de l\u2019arc metropolit\u00e0 de Barcelona constitueixen un dels elements principals del sistema urb\u00e0 de Catalunya. Tenen una llarga hist\u00f2ria, gaireb\u00e9 sempre m\u00e9s que mil\u00b7len\u00e0ria, i van ser protagonistes principals del proc\u00e9s d\u2019industrialitzaci\u00f3 dels segles XIX i XX. Han estat i s\u00f3n tamb\u00e9 lloc d\u2019acollida de les grans migracions que han perm\u00e8s el desenvolupament demogr\u00e0fic i econ\u00f2mic de la Catalunya contempor\u00e0nia. La seva exist\u00e8ncia fa possible que la regi\u00f3 metropolitana de Barcelona disposi no d\u2019un sol centre, sin\u00f3 d\u2019una xarxa urbana rica i complexa.<\/p>\n<p>En les actuals circumst\u00e0ncies de crisi econ\u00f2mica i social, l\u2019actuaci\u00f3 de les ciutats de l\u2019arc metropolit\u00e0 ha estat vital per tal d\u2019assegurar el benestar de la poblaci\u00f3. Al llarg d\u2019aquest per\u00edode particularment dif\u00edcil han prestat i presten serveis no nom\u00e9s als seus propis habitants sin\u00f3 tamb\u00e9 a la ciutadania del conjunt de l\u2019\u00e0mbit metropolit\u00e0. Aix\u00ed mateix, per a la sortida de la crisi i el rellan\u00e7ament de l\u2019activitat, l\u2019impuls de localitats com Granollers, Matar\u00f3, Sabadell, Terrassa, Vilanova i la Geltr\u00fa i Vilafranca del Pened\u00e8s resulta essencial.<\/p>\n<p>Tanmateix, aquest potencial xoca contra un important obstacle. Els recursos per habitant amb els que compten els ajuntaments de l\u2019arc metropolit\u00e0 s\u00f3n del tot insuficients i notablement inferiors als que disposa no nom\u00e9s la capital catalana, sin\u00f3 molt municipis del seu entorn immediat. Es d\u00f3na aix\u00ed la paradoxa de que les ciutats de l\u2019arc metropolit\u00e0 sostenen, amb recursos limitats, serveis imprescindibles per al conjunt del territori metropolit\u00e0.<\/p>\n<p>Davant d\u2019aquesta situaci\u00f3, les ciutats de l\u2019arc metropolit\u00e0 consideren imprescindible emprendre un debat sobre la seva contribuci\u00f3 al desenvolupament i al benestar de la regi\u00f3 metropolitana i del conjunt de Catalunya. Fruit d\u2019aquesta voluntat \u00e9s la celebraci\u00f3 de la Jornada La Catalunya post-COVID. La contribuci\u00f3 dels recursos de les ciutats de l\u2019arc metropolit\u00e0.<\/p>\n<p>En la Jornada es presentar\u00e0 l\u2019estudi Segregaci\u00f3 urbana i desigualtats intermunicipals elaborat per l\u2019Institut de Govern i Pol\u00edtiques P\u00fabliques de la Universitat Aut\u00f2noma de Barcelona per enc\u00e0rrec de l\u2019Ajuntament de Matar\u00f3. L\u2019estudi exposa la realitat del fenomen de la segregaci\u00f3 residencial a la regi\u00f3 metropolitana de Barcelona, tot posant-lo en relaci\u00f3 amb la despesa que realitzen i els recursos dels que disposen les ciutats de l\u2019Arc Metropolit\u00e0. Tot seguit, a partir de les conclusions de l\u2019estudi, es realitzar\u00e0 un debat entre els alcaldes i alcaldesses de l\u2019arc metropolit\u00e0.<\/p>\n","protected":false},"excerpt":{"rendered":"<p>La metr\u00f3polis post-covid.\u00a0La contribuci\u00f3n y los recursos de las ciudades del arco metropolitano Actividad: Jornada de debate Fecha: 09\/06\/21 (de 11 a 13h) Formato: online Inscripciones:\u00a0cerradas Descarga el programa: Programa Jornada (pdf) Descargate el informe\u00a0Segregaci\u00f3 urbana i desigualtats intermunicipals a Matar\u00f3 i la comarca del Maresme Programa 11h. Bienvenida, presentaci\u00f3n de la Jornada y de [&hellip;]<\/p>\n","protected":false},"author":2,"featured_media":13471,"comment_status":"closed","ping_status":"closed","sticky":false,"template":"","format":"standard","meta":{"_et_pb_use_builder":"","_et_pb_old_content":"","_et_gb_content_width":"","footnotes":""},"categories":[219],"tags":[419],"class_list":["post-13477","post","type-post","status-publish","format-standard","has-post-thumbnail","hentry","category-actividades","tag-igop-es-2","et-has-post-format-content","et_post_format-et-post-format-standard"],"_links":{"self":[{"href":"https:\/\/igop.uab.cat\/es\/wp-json\/wp\/v2\/posts\/13477","targetHints":{"allow":["GET"]}}],"collection":[{"href":"https:\/\/igop.uab.cat\/es\/wp-json\/wp\/v2\/posts"}],"about":[{"href":"https:\/\/igop.uab.cat\/es\/wp-json\/wp\/v2\/types\/post"}],"author":[{"embeddable":true,"href":"https:\/\/igop.uab.cat\/es\/wp-json\/wp\/v2\/users\/2"}],"replies":[{"embeddable":true,"href":"https:\/\/igop.uab.cat\/es\/wp-json\/wp\/v2\/comments?post=13477"}],"version-history":[{"count":4,"href":"https:\/\/igop.uab.cat\/es\/wp-json\/wp\/v2\/posts\/13477\/revisions"}],"predecessor-version":[{"id":13501,"href":"https:\/\/igop.uab.cat\/es\/wp-json\/wp\/v2\/posts\/13477\/revisions\/13501"}],"wp:featuredmedia":[{"embeddable":true,"href":"https:\/\/igop.uab.cat\/es\/wp-json\/wp\/v2\/media\/13471"}],"wp:attachment":[{"href":"https:\/\/igop.uab.cat\/es\/wp-json\/wp\/v2\/media?parent=13477"}],"wp:term":[{"taxonomy":"category","embeddable":true,"href":"https:\/\/igop.uab.cat\/es\/wp-json\/wp\/v2\/categories?post=13477"},{"taxonomy":"post_tag","embeddable":true,"href":"https:\/\/igop.uab.cat\/es\/wp-json\/wp\/v2\/tags?post=13477"}],"curies":[{"name":"wp","href":"https:\/\/api.w.org\/{rel}","templated":true}]}}