{"id":13449,"date":"2021-05-27T12:22:12","date_gmt":"2021-05-27T10:22:12","guid":{"rendered":"https:\/\/igop.uab.cat\/?p=13449"},"modified":"2021-05-28T13:41:56","modified_gmt":"2021-05-28T11:41:56","slug":"presentacion-codigos-comunes-urbanos","status":"publish","type":"post","link":"https:\/\/igop.uab.cat\/es\/2021\/05\/27\/presentacion-codigos-comunes-urbanos\/","title":{"rendered":"Presentaci\u00f3n C\u00f3digos comunes urbanos"},"content":{"rendered":"<p><strong>C\u00f3digos comunes urbanos (CCU).\u00a0Herramientas para el devenir-com\u00fan de las ciudades<\/strong><\/p>\n<p><strong>Actividad:<\/strong> Seminario presentaci\u00f3n online<br \/>\n<strong>Fecha y hora:<\/strong> 01\/06\/21 (17:00h)<br \/>\n<strong>Streaming<\/strong>: <a href=\"https:\/\/forms.office.com\/Pages\/ResponsePage.aspx?id=KUxRa5EjMUi3dITzXEW_AeTIYAOoXH1Kq2NdRd3xIFpUREs3Q05JWjM5UkJWMUJDTUpPMkRRSlRMVy4u\" target=\"_blank\" rel=\"noopener\">Inscripci\u00f3n previa<\/a><br \/>\n<strong>Programa:<\/strong> <a href=\"https:\/\/igop.uab.cat\/wp-content\/uploads\/2021\/05\/Seminari-IGOP-Codigos-Comunes-01-06-21.pdf\" target=\"_blank\" rel=\"noopener\">Seminario C\u00f3digos Comunes<\/a><\/p>\n<hr \/>\n<p><strong>Programa:<\/strong><\/p>\n<p>Bienvenida y presentaciones<\/p>\n<p>Presentaci\u00f3n hip\u00f3tesis CCU:<\/p>\n<ul>\n<li><strong>Ana M\u00e9ndez de Andes<\/strong>, Arquitecta urbanista.<\/li>\n<li><strong>Mara Ferreri<\/strong>, Ge\u00f3grafa.<\/li>\n<li><strong>David Hamou<\/strong>, Soci\u00f3logo.<\/li>\n<li><strong>Edurne Bagu\u00e8<\/strong>, Antrop\u00f3loga.<\/li>\n<\/ul>\n<p>Aportaciones de la fila 0.<br \/>\nDiscusi\u00f3n general.<\/p>\n<hr \/>\n<p>En la experiencia del municipalismo en Espa\u00f1a \u2014controvertida y compleja en muchos aspectos\u2014 hemos visto la generaci\u00f3n de planes estrat\u00e9gicos. programas e incluso ordenanzas que incorporan el concepto de \u2018comunes urbanos\u2019 a las pol\u00edticas del gobierno local y su gesti\u00f3n administrativa. El asalto institucional a las ciudades por parte de movimientos y espacios sociales no profesionales de la pol\u00edtica &#8211; las ciudades del cambio que surgieron tras las elecciones de 2015 &#8211; ha resultado ser un ciclo corto que, no obstante. ha dejado numerosos aprendizajes.<\/p>\n<p>Frente a la tentaci\u00f3n de asumir &#8211; con un ya os lo dije &#8211; el fracaso del proyecto municipalista, ya sea para dedicarse exclusivamente a esferas de m\u00e1s alto poder o, todo lo contrario, para volver a un afuera del que no tendr\u00edamos que habernos ido, creemos que hay otros caminos. Nuestra propuesta de pensar las herramientas jur\u00eddicas que dan forma y acompa\u00f1an el desarrollo de los comunes urbanos, eso que llamamos \u00abc\u00f3digos comunes\u00bb, parte de la convicci\u00f3n de que el proyecto municipalista es, antes que nada, un proyecto colectivo que se construye m\u00e1s all\u00e1, y m\u00e1s ac\u00e1, de los contextos electorales. La apuesta es, por tanto, instituir modos de \u00aborganizaci\u00f3n social\u00bb capaces de dar respuestas en com\u00fan a necesidades y fragilidades colectivas. Identificar y pensar colectivamente los c\u00f3digos comunes que configuran tales instituciones sociales deber\u00eda servir para entender que no se trata de opciones individuales o de proyectos aislados, sino de realidades practicables y replicables, capaces de situarse no ya como posibles \u00absocios\u00bb del Estado que asumen las l\u00f3gicas del mercado, sino como un engranaje social de transformaci\u00f3n radical que haga posible el devenir com\u00fan de lo p\u00fablico, y la subordinaci\u00f3n a lo social de lo mercantil.<\/p>\n<p>A partir de la presentaci\u00f3n de las hip\u00f3tesis pol\u00edticas apuntadas en las conclusiones del libro C\u00f3digos comunes urbanos. Herramientas para el devenir-com\u00fan de las ciudades, este seminario se propone analizar la rearticulaci\u00f3n entre lo p\u00fablico y lo com\u00fan en torno a tres preguntas clave; \u00bfQu\u00e9 tipo de rearticulaci\u00f3n entre la esfera socio-comunitaria y la esfera p\u00fablico-estatal se han producido en torno a los comunes? \u00bfC\u00f3mo ser\u00eda posible generar espacios capaces de superar la dicotom\u00eda colaboraci\u00f3n-conflicto entre organizaciones municipalistas y movimientos, o las posiciones dentro-fuera con respecto a la instituci\u00f3n p\u00fablica? \u00bfQu\u00e9 herramientas y qu\u00e9 modelos de democratizaci\u00f3n es necesario aplicar en la construcci\u00f3n de estos espacios?<\/p>\n","protected":false},"excerpt":{"rendered":"<p>C\u00f3digos comunes urbanos (CCU).\u00a0Herramientas para el devenir-com\u00fan de las ciudades Actividad: Seminario presentaci\u00f3n online Fecha y hora: 01\/06\/21 (17:00h) Streaming: Inscripci\u00f3n previa Programa: Seminario C\u00f3digos Comunes Programa: Bienvenida y presentaciones Presentaci\u00f3n hip\u00f3tesis CCU: Ana M\u00e9ndez de Andes, Arquitecta urbanista. Mara Ferreri, Ge\u00f3grafa. David Hamou, Soci\u00f3logo. Edurne Bagu\u00e8, Antrop\u00f3loga. Aportaciones de la fila 0. Discusi\u00f3n general. [&hellip;]<\/p>\n","protected":false},"author":2,"featured_media":13453,"comment_status":"closed","ping_status":"closed","sticky":false,"template":"","format":"standard","meta":{"_et_pb_use_builder":"","_et_pb_old_content":"","_et_gb_content_width":"","footnotes":""},"categories":[219],"tags":[419],"class_list":["post-13449","post","type-post","status-publish","format-standard","has-post-thumbnail","hentry","category-actividades","tag-igop-es-2","et-has-post-format-content","et_post_format-et-post-format-standard"],"_links":{"self":[{"href":"https:\/\/igop.uab.cat\/es\/wp-json\/wp\/v2\/posts\/13449","targetHints":{"allow":["GET"]}}],"collection":[{"href":"https:\/\/igop.uab.cat\/es\/wp-json\/wp\/v2\/posts"}],"about":[{"href":"https:\/\/igop.uab.cat\/es\/wp-json\/wp\/v2\/types\/post"}],"author":[{"embeddable":true,"href":"https:\/\/igop.uab.cat\/es\/wp-json\/wp\/v2\/users\/2"}],"replies":[{"embeddable":true,"href":"https:\/\/igop.uab.cat\/es\/wp-json\/wp\/v2\/comments?post=13449"}],"version-history":[{"count":2,"href":"https:\/\/igop.uab.cat\/es\/wp-json\/wp\/v2\/posts\/13449\/revisions"}],"predecessor-version":[{"id":13460,"href":"https:\/\/igop.uab.cat\/es\/wp-json\/wp\/v2\/posts\/13449\/revisions\/13460"}],"wp:featuredmedia":[{"embeddable":true,"href":"https:\/\/igop.uab.cat\/es\/wp-json\/wp\/v2\/media\/13453"}],"wp:attachment":[{"href":"https:\/\/igop.uab.cat\/es\/wp-json\/wp\/v2\/media?parent=13449"}],"wp:term":[{"taxonomy":"category","embeddable":true,"href":"https:\/\/igop.uab.cat\/es\/wp-json\/wp\/v2\/categories?post=13449"},{"taxonomy":"post_tag","embeddable":true,"href":"https:\/\/igop.uab.cat\/es\/wp-json\/wp\/v2\/tags?post=13449"}],"curies":[{"name":"wp","href":"https:\/\/api.w.org\/{rel}","templated":true}]}}