{"id":13067,"date":"2020-10-09T11:37:27","date_gmt":"2020-10-09T09:37:27","guid":{"rendered":"https:\/\/igop.uab.cat\/2020\/10\/09\/formaciones-gratuitas-igop-vuelve-el-proyecto-iap-en-las-escuelas\/"},"modified":"2022-05-05T16:09:19","modified_gmt":"2022-05-05T14:09:19","slug":"formaciones-gratuitas-igop-vuelve-el-proyecto-iap-en-las-escuelas","status":"publish","type":"post","link":"https:\/\/igop.uab.cat\/es\/2020\/10\/09\/formaciones-gratuitas-igop-vuelve-el-proyecto-iap-en-las-escuelas\/","title":{"rendered":"Formaciones gratuitas IGOP, vuelve el proyecto IAP en las escuelas"},"content":{"rendered":"<p>FORMACIONES GRATUITAS DEL IGOP. VUELVE EL PROYECTO IAP EN LAS ESCUELAS!<\/p>\n<p><strong>Iniciamos los cursos de Investigaci\u00f3n Acci\u00f3n Participativa en las Escuelas, una experiencia de aprendizaje e intercambio con varios centros educativos de Barcelona.<\/strong><\/p>\n<p><strong>Inscr\u00edbete a la formaci\u00f3n semipresencial!\u00a0<a href=\"http:\/\/bit.ly\/IAP_2020-21\" target=\"_blank\" rel=\"noopener\">(formulario inscripci\u00f3n)<\/a><\/strong><\/p>\n<p>Este a\u00f1o llegamos a 7\u00aa edici\u00f3n de la IAP en las Escuelas con la novedad de que la formaci\u00f3n de formadores ser\u00e1 semipresencial. La primera parte constar\u00e1 de sesiones online y presenciales, y la segunda tendr\u00e1 lugar en varias escuelas de la ciudad.<\/p>\n<p>El objetivo principal del Proyecto IAP es acompa\u00f1ar a los centros educativos en el v\u00ednculo con sus territorios y comunidades cercanas, as\u00ed como la voluntad de generar conciencia cr\u00edtica y reflexi\u00f3n entre las y los estudiantes de primaria y secundaria.<\/p>\n<p>Para ello realizamos una investigaci\u00f3n social donde el equipo de investigaci\u00f3n lo formamos personas vinculadas al IGOP y el alumnado de estos centros educativos. Juntos recorremos todas las fases de una investigaci\u00f3n y presentamos los resultados obtenidos en la comunidad, con la intenci\u00f3n de poder hacer una acci\u00f3n para hacer frente a la situaci\u00f3n estudiada y trabajada.<\/p>\n<p>El alumnado con quien hemos trabajado es el que cursa ciclo superior de primaria (sobre todo 6\u00ba) y el primer ciclo de ESO (1\u00ba de ESO).<\/p>\n<hr \/>\n<p><strong>Duraci\u00f3n:<\/strong> Formaci\u00f3n semipresencial gratuita de octubre a diciembre de 2020 (25 horas en total) y desarrollo de las pr\u00e1cticas de enero a junio del 2021.<\/p>\n<p><strong>Calendario de las sesiones formativas:<\/strong><\/p>\n<p>1\u00ba TRIMESTRE<\/p>\n<ul>\n<li>22 OCTUBRE 2020. PRESENTACI\u00d3N + INTRODUCCI\u00d3N A LAS DESIGUALDADES EDUCATIVAS<br \/>\n(<strong>ONLINE<\/strong>: publicaci\u00f3n de v\u00eddeos para visualizaci\u00f3n libre a lo largo de la semana).<\/li>\n<\/ul>\n<ul>\n<li>29 OCTUBRE 2020. METODOLOG\u00cdAS PARTICIPATIVAS EN LA IAP<br \/>\n(<strong>ONLINE<\/strong>: publicaci\u00f3n de v\u00eddeos para visualizaci\u00f3n libre a lo largo de la semana).<\/li>\n<\/ul>\n<ul>\n<li>5 NOVIEMBRE 2020. TUTOR\u00cdA EN streamming. De 16 a 18h.<\/li>\n<\/ul>\n<ul>\n<li>12 NOVIEMBRE. METODOLOG\u00cdAS PARTICIPATIVAS EN LA IAP. PARTE PR\u00c1CTICA<br \/>\n(<strong>PRESENCIAL<\/strong>: 16-19h, Escuela del IGOP).<\/li>\n<\/ul>\n<ul>\n<li>26 NOVIEMBRE. LOS ROLES DURANTE LAS CLASES EN LA ESCUELA + EL PROYECTO IAP aterriza EN LAS AULAS. \u00bfQU\u00c9 PASA CADA SESI\u00d3N DEL PROYECTO IAP LOS CENTROS EDUCATIVOS?<br \/>\n(<strong>ONLINE<\/strong>: publicaci\u00f3n de v\u00eddeos para visualizaci\u00f3n libre a lo largo de la semana).<\/li>\n<\/ul>\n<ul>\n<li>3 DICIEMBRE. HERRAMIENTAS ART\u00cdSTICAS EN LA IAP + APROXIMACI\u00d3N AL TERRITORIO DE LA ESCUELA.<br \/>\n(<strong>PRESENCIAL<\/strong>. 16-19h, Trinitat Nova).<\/li>\n<\/ul>\n<ul>\n<li>17 DICIEMBRE. TUTOR\u00cdA EN streamming + SESI\u00d3N DE AUTOEVALUACI\u00d3N. De 16 a 17h, y de 17 a 18h.<\/li>\n<\/ul>\n<p>&nbsp;<\/p>\n<p>2\u00ba TRIMESTRE (14 de enero hasta el 28 de mayo): Jueves de 15:15 a 16: 30h<\/p>\n<p>&nbsp;<\/p>\n<p><strong>Destinatarios:<\/strong><\/p>\n<p>El curso est\u00e1 dirigido a personas interesadas en conocer nuevas metodolog\u00edas educativas y en la vinculaci\u00f3n Escuela &#8211; Comunidad. Personas vinculadas a entidades del ocio o profesionales del \u00e1mbito educativo (tendr\u00e1n prioridad personas vinculadas al territorio de Nou Barris)<\/p>\n<p><strong>Objetivo:<\/strong> El curso pretende formar a personas en la metodolog\u00eda de la Investigaci\u00f3n (o B\u00fasqueda) &#8211; Acci\u00f3n Participativa (IAP) para, posteriormente (de enero a junio del 2018), aplicarla a varias escuelas.<\/p>\n<p><strong>Contenido del curso de formaci\u00f3n:<\/strong><\/p>\n<ul>\n<li>Introducci\u00f3n a las desigualdades educativas;<\/li>\n<li>Metodolog\u00eda de la Investigaci\u00f3n &#8211; Acci\u00f3n Participativa en centros educativos;<\/li>\n<li>Metodolog\u00edas participativas en el aula;<\/li>\n<li>Posicionamiento dentro de las aulas.<\/li>\n<\/ul>\n<p><strong>Formadores \/ as:<\/strong> Profesorado de la UAB y <a title=\"NUS\" href=\"http:\/\/nus.coop\/\" target=\"_blank\" rel=\"noopener\">NUS Processos Socials i Creatius<\/a><\/p>\n<p><strong>Plazas:<\/strong> El n\u00famero de inscritos est\u00e1 limitado.<\/p>\n","protected":false},"excerpt":{"rendered":"<p>FORMACIONES GRATUITAS DEL IGOP. VUELVE EL PROYECTO IAP EN LAS ESCUELAS! Iniciamos los cursos de Investigaci\u00f3n Acci\u00f3n Participativa en las Escuelas, una experiencia de aprendizaje e intercambio con varios centros educativos de Barcelona. Inscr\u00edbete a la formaci\u00f3n semipresencial!\u00a0(formulario inscripci\u00f3n) Este a\u00f1o llegamos a 7\u00aa edici\u00f3n de la IAP en las Escuelas con la novedad de [&hellip;]<\/p>\n","protected":false},"author":2,"featured_media":13061,"comment_status":"closed","ping_status":"closed","sticky":false,"template":"","format":"standard","meta":{"_et_pb_use_builder":"","_et_pb_old_content":"","_et_gb_content_width":"","footnotes":""},"categories":[219],"tags":[419],"class_list":["post-13067","post","type-post","status-publish","format-standard","has-post-thumbnail","hentry","category-actividades","tag-igop-es-2","et-has-post-format-content","et_post_format-et-post-format-standard"],"_links":{"self":[{"href":"https:\/\/igop.uab.cat\/es\/wp-json\/wp\/v2\/posts\/13067","targetHints":{"allow":["GET"]}}],"collection":[{"href":"https:\/\/igop.uab.cat\/es\/wp-json\/wp\/v2\/posts"}],"about":[{"href":"https:\/\/igop.uab.cat\/es\/wp-json\/wp\/v2\/types\/post"}],"author":[{"embeddable":true,"href":"https:\/\/igop.uab.cat\/es\/wp-json\/wp\/v2\/users\/2"}],"replies":[{"embeddable":true,"href":"https:\/\/igop.uab.cat\/es\/wp-json\/wp\/v2\/comments?post=13067"}],"version-history":[{"count":1,"href":"https:\/\/igop.uab.cat\/es\/wp-json\/wp\/v2\/posts\/13067\/revisions"}],"predecessor-version":[{"id":14339,"href":"https:\/\/igop.uab.cat\/es\/wp-json\/wp\/v2\/posts\/13067\/revisions\/14339"}],"wp:featuredmedia":[{"embeddable":true,"href":"https:\/\/igop.uab.cat\/es\/wp-json\/wp\/v2\/media\/13061"}],"wp:attachment":[{"href":"https:\/\/igop.uab.cat\/es\/wp-json\/wp\/v2\/media?parent=13067"}],"wp:term":[{"taxonomy":"category","embeddable":true,"href":"https:\/\/igop.uab.cat\/es\/wp-json\/wp\/v2\/categories?post=13067"},{"taxonomy":"post_tag","embeddable":true,"href":"https:\/\/igop.uab.cat\/es\/wp-json\/wp\/v2\/tags?post=13067"}],"curies":[{"name":"wp","href":"https:\/\/api.w.org\/{rel}","templated":true}]}}