{"id":12948,"date":"2020-06-01T12:10:13","date_gmt":"2020-06-01T10:10:13","guid":{"rendered":"https:\/\/igop.uab.cat\/?p=12948"},"modified":"2020-06-03T12:34:58","modified_gmt":"2020-06-03T10:34:58","slug":"los-efectos-de-la-opacidad-en-la-gestion-de-residencias-de-mayores-antes-de-la-covid-19","status":"publish","type":"post","link":"https:\/\/igop.uab.cat\/es\/2020\/06\/01\/los-efectos-de-la-opacidad-en-la-gestion-de-residencias-de-mayores-antes-de-la-covid-19\/","title":{"rendered":"Los efectos de la opacidad en la gesti\u00f3n de residencias de mayores antes de la COVID-19"},"content":{"rendered":"<p>La COVID-19 est\u00e1 reflejando y expandiendo las desigualdades sociales que ya exist\u00edan antes de esta, y as\u00ed lo est\u00e1n mostrando recientes estudios realizados desde distintas disciplinas. Se han exacerbado las desigualdades vinculadas a la edad, al g\u00e9nero, la precariedad laboral, el lugar de residencia y, sobre todo, a la clase social. Hasta el momento, el grupo m\u00e1s vulnerable ha sido el de los adultos mayores, en especial, aquellos que viven en residencias de mayores. <!--more-->En Espa\u00f1a, la muerte de 19,061\u00a0personas en residencias <a href=\"https:\/\/www.rtve.es\/noticias\/20200520\/radiografia-del-coronavirus-residencias-ancianos-espana\/2011609.shtml\">a causa del COVID-19 o s\u00edntomas compatibles<\/a> <a href=\"https:\/\/www.rtve.es\/noticias\/20200520\/radiografia-del-coronavirus-residencias-ancianos-espana\/2011609.shtml\">(con datos del 23 de mayo de 2020) <\/a>nos obliga a mirar desde distintos \u00e1mbitos c\u00f3mo mejorar las pol\u00edticas de atenci\u00f3n a los adultos mayores. <a href=\"http:\/\/agendapublica.elpais.com\/los-problemas-de-las-residencias\/\">Diversos estudios<\/a> ya hab\u00edan alertado de problemas estructurales que presenta esta pol\u00edtica, los cuales tienen una fuerte relaci\u00f3n con la poca prioridad que han tenido estas pol\u00edticas en la agenda de gobierno y, en consecuencia, con su escasa dotaci\u00f3n de recursos p\u00fablicos (por ejemplo, <a href=\"http:\/\/appsso.eurostat.ec.europa.eu\/nui\/show.do?query=BOOKMARK_DS-565686_QID_5E6C7F96_UID_-3F171EB0&amp;layout=TIME,C,X,0;GEO,L,Y,0;UNIT,L,Z,0;ICHA11_HC,L,Z,1;INDICATORS,C,Z,2;&amp;zSelection=DS-565686INDICATORS,OBS_FLAG;DS-565686ICHA11_HC,HC3;DS-565686UNIT,PC_GDP;&amp;rankName1=ICHA11-HC_1_2_-1_2&amp;rankName2=UNIT_1_2_-1_2&amp;rankName3=INDICATORS_1_2_-1_2&amp;rankName4=TIME_1_0_0_0&amp;rankName5=GEO_1_0_0_1&amp;sortR=ASC_-1_FIRST&amp;sortC=ASC_-1_FIRST&amp;rStp=&amp;cStp=&amp;rDCh=&amp;cDCh=&amp;rDM=true&amp;cDM=true&amp;footnes=false&amp;empty=false&amp;wai=false&amp;time_mode=NONE&amp;time_most_recent=false&amp;lang=EN&amp;cfo=%23%2523%2523,%2523%2523%2523.%2523%2523%2523\">durante el per\u00edodo de 2010-2014,<\/a> Espa\u00f1a destin\u00f3 en promedio un 0.85 por ciento del PIB para pol\u00edticas de cuidados de larga duraci\u00f3n de las personas mayores, en comparaci\u00f3n con un 1.7 por ciento del PIB en Alemania, un 2.5 por ciento en Dinamarca, y un 2.8 por ciento en los Pa\u00edses Bajos).<\/p>\n<p><strong>El objetivo de este breve art\u00edculo es subrayar la importancia de hacer transparente la informaci\u00f3n sobre esta pol\u00edtica, sobre las instituciones responsables de implementarla y sobre sus procedimientos de gesti\u00f3n.<\/strong> La transparencia de esta pol\u00edtica no se limita a una visi\u00f3n minimalista de hacer p\u00fablico el n\u00famero de plazas (ocupadas y disponibles) de estos centros, sino que abarca medidas de mayor calado en las pol\u00edticas de atenci\u00f3n de mayores que tendr\u00edan que implementarse a lo largo de todas las comunidades aut\u00f3nomas (CAs) \u2014pues son \u00e9stas en quienes recae principalmente la responsabilidad de gestionar, financiar y evaluar este servicio\u2014. En especial, las pol\u00edticas de transparencia est\u00e1n relacionadas con la provisi\u00f3n de informaci\u00f3n sobre la toma de decisiones, sobre los contenidos de estas decisiones, y sobre sus resultados y efectos. <strong>La transparencia es un prerrequisito de la rendici\u00f3n de cuentas, pues s\u00f3lo a partir de informaci\u00f3n disponible se puede evaluar y comparar la calidad de este servicio, evitar la corrupci\u00f3n en su gesti\u00f3n, y sancionar a los responsables en caso de un mal desempe\u00f1o.<\/strong> La crisis ocasionada por la COVID tambi\u00e9n nos demuestra que la falta de transparencia puede conducir a graves consecuencias para los mayores que viven en estos centros.<\/p>\n<p>&nbsp;<\/p>\n<p><strong><em>\u00bfQuienes deben estar sujetos a mecanismos de transparencia? <\/em><\/strong><\/p>\n<p><em>\u00a0<\/em>Un primer elemento fundamental es se\u00f1alar con claridad qui\u00e9nes deben ser los responsables de proveer esta informaci\u00f3n. Por diversos estudios sabemos que la provisi\u00f3n de este servicio tiene una alta participaci\u00f3n del sector privado en un gran n\u00famero de pa\u00edses, <a href=\"https:\/\/www.researchgate.net\/publication\/333455254_Competition_and_Service_Quality_Evidence_from_Swedish_Residential_Care_Homes\">incluso en pa\u00edses con Estados de bienestar universalista,<\/a> de manera que <strong>estas medidas deben obligar tanto a centros p\u00fablicos como privados a hacer p\u00fablica informaci\u00f3n sobre diversos aspectos de su gesti\u00f3n<\/strong>. Como se observa en la Tabla 1, la pol\u00edtica de atenci\u00f3n a los adultos mayores tiene un grado muy alto de mercantilizaci\u00f3n. Por ejemplo, seg\u00fan datos de los <a href=\"http:\/\/envejecimiento.csic.es\/estadisticas\/indicadores\/residencias\/index.html\">Informes de envejecimiento en red<\/a>, de un total de 372,985 plazas en Espa\u00f1a, el 73 por ciento pertenecen a centros privados, y en algunas comunidades aut\u00f3nomas como Cantabria, Catalu\u00f1a, Valencia este porcentaje es igual o mayor al 80 por ciento.<\/p>\n<p><strong>Los efectos de la COVID-19 han mostrado que tanto en lo centros p\u00fablicos, como en los concertados y privados en Espa\u00f1a, existen claras deficiencias de gesti\u00f3n. Sin embargo, las organizaciones privadas <\/strong><strong>\u2014a diferencia de las p\u00fa<\/strong><strong>blicas<\/strong><strong>\u2014 presentan, en ausencia de regulaci\u00f3n, dos riesgos fundamentales en materia de transparencia<\/strong>: Primero, estas est\u00e1n menos sujetas a mecanismos de rendici\u00f3n de cuentas tanto a otras instituciones p\u00fablicas como a los ciudadanos en general. Y segundo, cuando hay una ausencia de competencia en el mercado y de regulaci\u00f3n de \u00e9sta (por ejemplo, cuando la prestaci\u00f3n del servicio se concentra en pocas manos, como un n\u00famero reducido de <a href=\"https:\/\/ctxt.es\/es\/20200302\/Politica\/31527\/residencias-de-ancianos-privatizacion-coronavirus-fondos-buitre.htm\">empresas multinacionales<\/a>), la gesti\u00f3n de estas organizaciones puede conllevar grandes riesgos de problemas de opacidad y de asimetr\u00eda de la informaci\u00f3n. Asimismo, tambi\u00e9n es necesario arrojar luz como una medida de control del sector privado (en sus distintas formas de gesti\u00f3n mixta o directa), ya que estudios emp\u00edricos han demostrado que la participaci\u00f3n del sector privado puede tener consecuencias negativas en <a href=\"https:\/\/www.ncbi.nlm.nih.gov\/pmc\/articles\/PMC2721035\/\">la calidad en la prestaci\u00f3n de esta pol\u00edtica<\/a> y en la <a href=\"https:\/\/onlinelibrary.wiley.com\/doi\/full\/10.1111\/padm.12387\">satisfacci\u00f3n de los ciudadanos<\/a>.<\/p>\n<p>&nbsp;<\/p>\n<p>Tabla 1. Plazas en centros privados y p\u00fablicos<\/p>\n<p>&nbsp;<\/p>\n<table width=\"594\">\n<thead>\n<tr>\n<td width=\"111\"><strong>Comunidad Aut\u00f3noma<\/strong><\/td>\n<td width=\"72\"><strong>N\u00ba plazas en centros privados<\/strong><\/td>\n<td width=\"56\"><strong>(%)<\/strong><\/td>\n<td width=\"73\"><strong>N\u00ba plazas en centros p\u00fablicos<\/strong><\/td>\n<td width=\"56\"><strong>(%)<\/strong><\/td>\n<td width=\"69\"><strong>Total de plazas<\/strong><\/td>\n<td width=\"69\"><strong>Poblaci\u00f3n de 65+ a\u00f1os<\/strong><\/td>\n<td width=\"65\"><strong>Ratio de plazas x cada 100 hab<\/strong><\/td>\n<\/tr>\n<\/thead>\n<tbody>\n<tr>\n<td width=\"111\">Andaluc\u00eda<\/td>\n<td width=\"72\">33.084<\/td>\n<td width=\"56\">77,7<\/td>\n<td width=\"73\">9.501<\/td>\n<td width=\"56\">22,3<\/td>\n<td width=\"69\">42.585<\/td>\n<td width=\"69\">1.439.626<\/td>\n<td width=\"65\">3,0<\/td>\n<\/tr>\n<tr>\n<td width=\"111\">Arag\u00f3n<\/td>\n<td width=\"72\">12.276<\/td>\n<td width=\"56\">66,6<\/td>\n<td width=\"73\">6.148<\/td>\n<td width=\"56\">33,4<\/td>\n<td width=\"69\">18.424<\/td>\n<td width=\"69\">285.564<\/td>\n<td width=\"65\">6,5<\/td>\n<\/tr>\n<tr>\n<td width=\"111\">Asturias<\/td>\n<td width=\"72\">8.437<\/td>\n<td width=\"56\">68,5<\/td>\n<td width=\"73\">3.876<\/td>\n<td width=\"56\">31,5<\/td>\n<td width=\"69\">12.313<\/td>\n<td width=\"69\">262.983<\/td>\n<td width=\"65\">4,7<\/td>\n<\/tr>\n<tr>\n<td width=\"111\">Baleares<\/td>\n<td width=\"72\">3.014<\/td>\n<td width=\"56\">59,0<\/td>\n<td width=\"73\">2.096<\/td>\n<td width=\"56\">41,0<\/td>\n<td width=\"69\">5.110<\/td>\n<td width=\"69\">178.587<\/td>\n<td width=\"65\">2,9<\/td>\n<\/tr>\n<tr>\n<td width=\"111\">Canarias<\/td>\n<td width=\"72\">3.472<\/td>\n<td width=\"56\">47,4<\/td>\n<td width=\"73\">3.855<\/td>\n<td width=\"56\">52,6<\/td>\n<td width=\"69\">7.327<\/td>\n<td width=\"69\">340.582<\/td>\n<td width=\"65\">2,2<\/td>\n<\/tr>\n<tr>\n<td width=\"111\">Cantabria<\/td>\n<td width=\"72\">5.176<\/td>\n<td width=\"56\">85,9<\/td>\n<td width=\"73\">848<\/td>\n<td width=\"56\">14,1<\/td>\n<td width=\"69\">6.024<\/td>\n<td width=\"69\">126.893<\/td>\n<td width=\"65\">4,7<\/td>\n<\/tr>\n<tr>\n<td width=\"111\">Castilla y Le\u00f3n<\/td>\n<td width=\"72\">34.464<\/td>\n<td width=\"56\">74,2<\/td>\n<td width=\"73\">11.993<\/td>\n<td width=\"56\">25,8<\/td>\n<td width=\"69\">46.457<\/td>\n<td width=\"69\">608.428<\/td>\n<td width=\"65\">7,6<\/td>\n<\/tr>\n<tr>\n<td width=\"111\">Castilla-La Mancha<\/td>\n<td width=\"72\">16.658<\/td>\n<td width=\"56\">62,5<\/td>\n<td width=\"73\">9.991<\/td>\n<td width=\"56\">37,5<\/td>\n<td width=\"69\">26.649<\/td>\n<td width=\"69\">386.459<\/td>\n<td width=\"65\">6,9<\/td>\n<\/tr>\n<tr>\n<td width=\"111\">Catalu\u00f1a<\/td>\n<td width=\"72\">49.414<\/td>\n<td width=\"56\">79,7<\/td>\n<td width=\"73\">12.601<\/td>\n<td width=\"56\">20,3<\/td>\n<td width=\"69\">62.015<\/td>\n<td width=\"69\">1.442.630<\/td>\n<td width=\"65\">4,3<\/td>\n<\/tr>\n<tr>\n<td width=\"111\">C. Valenciana<\/td>\n<td width=\"72\">21.474<\/td>\n<td width=\"56\">80,1<\/td>\n<td width=\"73\">5.336<\/td>\n<td width=\"56\">19,9<\/td>\n<td width=\"69\">26.810<\/td>\n<td width=\"69\">963.413<\/td>\n<td width=\"65\">2,8<\/td>\n<\/tr>\n<tr>\n<td width=\"111\">Extremadura<\/td>\n<td width=\"72\">6.181<\/td>\n<td width=\"56\">44,9<\/td>\n<td width=\"73\">7.570<\/td>\n<td width=\"56\">55,1<\/td>\n<td width=\"69\">13.751<\/td>\n<td width=\"69\">221.168<\/td>\n<td width=\"65\">6,2<\/td>\n<\/tr>\n<tr>\n<td width=\"111\">Galicia<\/td>\n<td width=\"72\">16.341<\/td>\n<td width=\"56\">77,2<\/td>\n<td width=\"73\">4.838<\/td>\n<td width=\"56\">22,8<\/td>\n<td width=\"69\">21.179<\/td>\n<td width=\"69\">679.730<\/td>\n<td width=\"65\">3,1<\/td>\n<\/tr>\n<tr>\n<td width=\"111\">Madrid<\/td>\n<td width=\"72\">37.305<\/td>\n<td width=\"56\">76,5<\/td>\n<td width=\"73\">11.463<\/td>\n<td width=\"56\">23,5<\/td>\n<td width=\"69\">48.768<\/td>\n<td width=\"69\">1.181.032<\/td>\n<td width=\"65\">4,1<\/td>\n<\/tr>\n<tr>\n<td width=\"111\">Murcia<\/td>\n<td width=\"72\">3.943<\/td>\n<td width=\"56\">75,9<\/td>\n<td width=\"73\">1.249<\/td>\n<td width=\"56\">24,1<\/td>\n<td width=\"69\">5.192<\/td>\n<td width=\"69\">233.361<\/td>\n<td width=\"65\">2,2<\/td>\n<\/tr>\n<tr>\n<td width=\"111\">Navarra<\/td>\n<td width=\"72\">4.167<\/td>\n<td width=\"56\">67,8<\/td>\n<td width=\"73\">1.982<\/td>\n<td width=\"56\">32,2<\/td>\n<td width=\"69\">6.149<\/td>\n<td width=\"69\">128.379<\/td>\n<td width=\"65\">4,8<\/td>\n<\/tr>\n<tr>\n<td width=\"111\">Pa\u00eds Vasco<\/td>\n<td width=\"72\">13.873<\/td>\n<td width=\"56\">67,6<\/td>\n<td width=\"73\">6.661<\/td>\n<td width=\"56\">32,4<\/td>\n<td width=\"69\">20.534<\/td>\n<td width=\"69\">491.698<\/td>\n<td width=\"65\">4,2<\/td>\n<\/tr>\n<tr>\n<td width=\"111\">Rioja<\/td>\n<td width=\"72\">2.144<\/td>\n<td width=\"56\">66,8<\/td>\n<td width=\"73\">1.065<\/td>\n<td width=\"56\">33,2<\/td>\n<td width=\"69\">3.209<\/td>\n<td width=\"69\">66.242<\/td>\n<td width=\"65\">4,8<\/td>\n<\/tr>\n<tr>\n<td width=\"111\">Ceuta<\/td>\n<td width=\"72\">162<\/td>\n<td width=\"56\">74,3<\/td>\n<td width=\"73\">56<\/td>\n<td width=\"56\">25,7<\/td>\n<td width=\"69\">218<\/td>\n<td width=\"69\">9.929<\/td>\n<td width=\"65\">2,2<\/td>\n<\/tr>\n<tr>\n<td width=\"111\">Melilla<\/td>\n<td width=\"72\">111<\/td>\n<td width=\"56\">41,0<\/td>\n<td width=\"73\">160<\/td>\n<td width=\"56\">59,0<\/td>\n<td width=\"69\">271<\/td>\n<td width=\"69\">8.876<\/td>\n<td width=\"65\">3,1<\/td>\n<\/tr>\n<tr>\n<td width=\"111\">Total<\/td>\n<td width=\"72\"><strong>271.696<\/strong><\/td>\n<td width=\"56\"><strong>72,8<\/strong><\/td>\n<td width=\"73\"><strong>101.289<\/strong><\/td>\n<td width=\"56\"><strong>27,2<\/strong><\/td>\n<td width=\"69\"><strong>372.985<\/strong><\/td>\n<td width=\"69\"><strong>9.055.580<\/strong><\/td>\n<td width=\"65\"><strong>4,1<\/strong><\/td>\n<\/tr>\n<\/tbody>\n<\/table>\n<p>&nbsp;<\/p>\n<p>Fuente: Abellan-Garc\u00eda, A. et al. (2019). Estadi\u0301sticas sobre residencias: distribucio\u0301n de centros y plazas residenciales por provincia. Datos de abril de 2019. Madrid, Informes Envejecimiento en red, 24, p. 24. Link: <a href=\"http:\/\/envejecimiento.csic.es\/estadisticas\/indicadores\/residencias\/index.html\">http:\/\/envejecimiento.csic.es\/estadisticas\/indicadores\/residencias\/index.html<\/a><\/p>\n<p><strong>\u00a0<\/strong><\/p>\n<p><strong><em>\u00bfCu\u00e1les deber\u00edan ser los contenidos de esta informaci\u00f3n? <\/em><\/strong><\/p>\n<p><em>\u00a0<\/em>Un segundo elemento que es necesario discutir tiene que ver con los contenidos de la informaci\u00f3n. Por un lado, es necesario <strong>un sistema de informaci\u00f3n homog\u00e9neo que garantice la recopilaci\u00f3n y publicaci\u00f3n de indicadores e informes de calidad sobre estos centros a lo largo de todas las CAs<\/strong>, pues hasta el momento existe mucha variaci\u00f3n a lo largo de los territorios. Se necesitan reformas en las pol\u00edticas de transparencia que garanticen la publicaci\u00f3n de informaci\u00f3n sobre aspectos cruciales que permiten evaluar la calidad de cada centro, como el ratio de personal (m\u00e9dico y de enfermer\u00eda) y sus cualificaciones profesionales, condiciones laborales y funcionamiento de los sistemas de turnos del personal, la asignaci\u00f3n presupuestaria \u2014por ejemplo, el presupuesto destinado a gastos administrativos, a pagos de servicios, como servicios de limpieza o de cocina\u2014, y el ratio de espacio disponible para cada adulto mayor. <strong>Y sobre todo, es necesario homogeneizar y hacer transparentes los procedimientos de autorizaci\u00f3n, acreditaci\u00f3n y registro; los criterios de las inspecciones, sus resultados y, en su caso, las sanciones impuestas.<\/strong><\/p>\n<p>Asimismo, <strong>los centros tambi\u00e9n tendr\u00edan que estar obligados a proveer informaci\u00f3n homogeneizada y detallada a los propios usuarios <\/strong>\u2014quienes se parece olvidar que son ciudadanos con plenos derechos\u2014 sobre los protocolos de ingreso, la prestaci\u00f3n de servicios m\u00e9dicos disponibles, sobre la disponibilidad o medios de acceso a espacios exteriores y al aire libre. Tambi\u00e9n informaci\u00f3n detallada sobre los procesos de atenci\u00f3n individualizada, como el seguimiento de la medicaci\u00f3n de los adultos mayores, su dieta, y las actividades que realizan (actividades f\u00edsicas y sociales).<\/p>\n<p>Es importante se\u00f1alar que <strong>los derechos de protecci\u00f3n de datos de car\u00e1cter personal<\/strong> <strong>\u2014 los cuales est\u00e1n destinados a proteger principalmente la informaci\u00f3n personal de los residentes\u2014 no se contradicen con los derechos de transparencia<\/strong>. Cabe mencionar como ejemplo, las encuestas realizadas anualmente por el Consejo Nacional de Salud y Bienestar de Suecia (<a href=\"https:\/\/www.socialstyrelsen.se\">Socialstyrelsen<\/a>): por un lado, esta instituci\u00f3n realiza encuestas de satisfacci\u00f3n de los residentes con respecto a la atenci\u00f3n que reciben en las residencias, incluyendo aspectos como la percepci\u00f3n que tienen sobre el trato por parte del personal del centro o sobre el seguimiento de sus planes de atenci\u00f3n individualizada; y por otro lado, encuestas destinadas al propio personal administrativo de cada centro con el objetivo de obtener informaci\u00f3n m\u00e1s detallada sobre los indicadores de calidad de \u00e9stos, como su tama\u00f1o, el tipo de servicios que prestan, el ratio de personal de enfermer\u00eda, o el n\u00famero de residentes de cada centro. Todos estos mecanismos de transparencia y de rendici\u00f3n de cuentas son una v\u00eda id\u00f3nea para medir la <a href=\"https:\/\/bmchealthservres.biomedcentral.com\/articles\/10.1186\/s12913-019-4694-9%23Sec2\">calidad<\/a> de cada centro y para estudiar <a href=\"https:\/\/onlinelibrary.wiley.com\/doi\/abs\/10.1111\/gove.12436\">los efectos de \u00e9sta<\/a>.<\/p>\n<p>La COVID-19 ha hecho evidente que la falta de transparencia en la gesti\u00f3n de las residencias ha contribuido a este devastador escenario. <strong>En estos pr\u00f3ximos a\u00f1os es necesario construir estos sistemas de informaci\u00f3n, pues sin estos no se podr\u00e1n analizar los efectos de esta pol\u00edtica, ni comparar los resultados de distintos modelos de gesti\u00f3n.<\/strong> <strong>Sin esta informaci\u00f3n tampoco se podr\u00edan asignar responsabilidades (y sanciones) a quien lo est\u00e1 haciendo mal. <\/strong>Sobre todo, es necesario hacer transparentes estos par\u00e1metros para que la evaluaci\u00f3n de esta pol\u00edtica no se reduzca a datos como el coste del servicio, sino que abarque el cumplimiento de requisitos m\u00ednimos de calidad que garantice una vida digna a los adultos mayores que viven en ellas (*).<\/p>\n<p>&nbsp;<\/p>\n<p><strong><em>Ixchel P\u00e9rez-Dur\u00e1n<br \/>\n<\/em><\/strong><em>Profesora lectora (Serra-Hunter), Departamento de ciencia pol\u00edtica y derecho p\u00fablico, Universitat Aut\u00f2noma de Barcelona.<\/em><strong><em><br \/>\n<\/em><\/strong><\/p>\n<p><em>Email: <\/em><a href=\"mailto:ixchel.perez@uab.es\">ixchel.perez@uab.es<\/a><br \/>\n<em style=\"font-weight: 300;\">Twitter: <\/em><em style=\"font-weight: 300;\">@IxchelPerezDur<br \/>\n<\/em><em>Website: <\/em><em>https:\/\/ixchelperezduran.weebly.com<\/em><\/p>\n<hr \/>\n<p>(*)\u00a0Publicado en Agenda P\u00fablica, el d\u00eda 26 de de mayo de 2020. <strong><br \/>\n<\/strong>Link: <a href=\"http:\/\/agendapublica.elpais.com\/efectos-de-la-opacidad-en-las-residencias-de-mayores-antes-de-la-covid-19\/\" target=\"_blank\" rel=\"noopener\">http:\/\/agendapublica.elpais.com\/efectos-de-la-opacidad-en-las-residencias-de-mayores-antes-de-la-covid-19\/<\/a><\/p>\n","protected":false},"excerpt":{"rendered":"<p>La COVID-19 est\u00e1 reflejando y expandiendo las desigualdades sociales que ya exist\u00edan antes de esta, y as\u00ed lo est\u00e1n mostrando recientes estudios realizados desde distintas disciplinas. Se han exacerbado las desigualdades vinculadas a la edad, al g\u00e9nero, la precariedad laboral, el lugar de residencia y, sobre todo, a la clase social. Hasta el momento, el [&hellip;]<\/p>\n","protected":false},"author":2,"featured_media":12945,"comment_status":"closed","ping_status":"closed","sticky":false,"template":"","format":"standard","meta":{"_et_pb_use_builder":"","_et_pb_old_content":"","_et_gb_content_width":"","footnotes":""},"categories":[219,341],"tags":[419],"class_list":["post-12948","post","type-post","status-publish","format-standard","has-post-thumbnail","hentry","category-actividades","category-reflexions-covid19-es","tag-igop-es-2","et-has-post-format-content","et_post_format-et-post-format-standard"],"_links":{"self":[{"href":"https:\/\/igop.uab.cat\/es\/wp-json\/wp\/v2\/posts\/12948","targetHints":{"allow":["GET"]}}],"collection":[{"href":"https:\/\/igop.uab.cat\/es\/wp-json\/wp\/v2\/posts"}],"about":[{"href":"https:\/\/igop.uab.cat\/es\/wp-json\/wp\/v2\/types\/post"}],"author":[{"embeddable":true,"href":"https:\/\/igop.uab.cat\/es\/wp-json\/wp\/v2\/users\/2"}],"replies":[{"embeddable":true,"href":"https:\/\/igop.uab.cat\/es\/wp-json\/wp\/v2\/comments?post=12948"}],"version-history":[{"count":3,"href":"https:\/\/igop.uab.cat\/es\/wp-json\/wp\/v2\/posts\/12948\/revisions"}],"predecessor-version":[{"id":12957,"href":"https:\/\/igop.uab.cat\/es\/wp-json\/wp\/v2\/posts\/12948\/revisions\/12957"}],"wp:featuredmedia":[{"embeddable":true,"href":"https:\/\/igop.uab.cat\/es\/wp-json\/wp\/v2\/media\/12945"}],"wp:attachment":[{"href":"https:\/\/igop.uab.cat\/es\/wp-json\/wp\/v2\/media?parent=12948"}],"wp:term":[{"taxonomy":"category","embeddable":true,"href":"https:\/\/igop.uab.cat\/es\/wp-json\/wp\/v2\/categories?post=12948"},{"taxonomy":"post_tag","embeddable":true,"href":"https:\/\/igop.uab.cat\/es\/wp-json\/wp\/v2\/tags?post=12948"}],"curies":[{"name":"wp","href":"https:\/\/api.w.org\/{rel}","templated":true}]}}