{"id":12846,"date":"2020-05-12T00:19:51","date_gmt":"2020-05-11T22:19:51","guid":{"rendered":"https:\/\/igop.uab.cat\/2020\/05\/12\/ciudad-y-epidemia\/"},"modified":"2020-05-12T00:19:51","modified_gmt":"2020-05-11T22:19:51","slug":"ciudad-y-epidemia","status":"publish","type":"post","link":"https:\/\/igop.uab.cat\/es\/2020\/05\/12\/ciudad-y-epidemia\/","title":{"rendered":"Ciudad y epidemia"},"content":{"rendered":"<p>Oriol Nel\u00b7lo reflexiona sobre el papel de la ciudad en tiempos de pandemia. Es el Covid9 una epidemia urbana? implica la inviabilidad del proceso de urbanizaci\u00f3n?<!--more--><\/p>\n<p>Nel\u00b7lo\u00a0nos interpela en este v\u00eddeo y nos se\u00f1ala tres contradicciones de este proceso de urbanizaci\u00f3n que se est\u00e1 produciendo hoy d\u00eda en condiciones de insostenibilidad ambiental y de injusticia social. La contradicci\u00f3n de la densidad, la de la desigualdad y la del gobierno.<\/p>\n<p>&nbsp;<\/p>\n<div class=\"rve\" data-content-width=\"1080\"><iframe loading=\"lazy\" title=\"Oriol Nello Ciutat i epidemia\" width=\"1080\" height=\"608\" src=\"https:\/\/www.youtube.com\/embed\/kgWBackC2XE?feature=oembed\" frameborder=\"0\" allow=\"accelerometer; autoplay; clipboard-write; encrypted-media; gyroscope; picture-in-picture\" allowfullscreen><\/iframe><\/div>\n<p><!-- Responsive Video Embeds plugin by www.kevinleary.net --><\/p>\n","protected":false},"excerpt":{"rendered":"<p>Oriol Nel\u00b7lo reflexiona sobre el papel de la ciudad en tiempos de pandemia. Es el Covid9 una epidemia urbana? implica la inviabilidad del proceso de urbanizaci\u00f3n?<\/p>\n","protected":false},"author":2,"featured_media":0,"comment_status":"closed","ping_status":"closed","sticky":false,"template":"","format":"standard","meta":{"_et_pb_use_builder":"","_et_pb_old_content":"","_et_gb_content_width":"","footnotes":""},"categories":[335],"tags":[],"class_list":["post-12846","post","type-post","status-publish","format-standard","hentry","category-actividades-es","et-doesnt-have-format-content","et_post_format-et-post-format-standard"],"_links":{"self":[{"href":"https:\/\/igop.uab.cat\/es\/wp-json\/wp\/v2\/posts\/12846","targetHints":{"allow":["GET"]}}],"collection":[{"href":"https:\/\/igop.uab.cat\/es\/wp-json\/wp\/v2\/posts"}],"about":[{"href":"https:\/\/igop.uab.cat\/es\/wp-json\/wp\/v2\/types\/post"}],"author":[{"embeddable":true,"href":"https:\/\/igop.uab.cat\/es\/wp-json\/wp\/v2\/users\/2"}],"replies":[{"embeddable":true,"href":"https:\/\/igop.uab.cat\/es\/wp-json\/wp\/v2\/comments?post=12846"}],"version-history":[{"count":0,"href":"https:\/\/igop.uab.cat\/es\/wp-json\/wp\/v2\/posts\/12846\/revisions"}],"wp:attachment":[{"href":"https:\/\/igop.uab.cat\/es\/wp-json\/wp\/v2\/media?parent=12846"}],"wp:term":[{"taxonomy":"category","embeddable":true,"href":"https:\/\/igop.uab.cat\/es\/wp-json\/wp\/v2\/categories?post=12846"},{"taxonomy":"post_tag","embeddable":true,"href":"https:\/\/igop.uab.cat\/es\/wp-json\/wp\/v2\/tags?post=12846"}],"curies":[{"name":"wp","href":"https:\/\/api.w.org\/{rel}","templated":true}]}}