{"id":12195,"date":"2020-02-11T16:26:40","date_gmt":"2020-02-11T15:26:40","guid":{"rendered":"https:\/\/igop.uab.cat\/2020\/02\/11\/soy-mujer-y-hago-ciencia\/"},"modified":"2020-02-17T12:51:28","modified_gmt":"2020-02-17T11:51:28","slug":"soy-mujer-y-hago-ciencia","status":"publish","type":"post","link":"https:\/\/igop.uab.cat\/es\/2020\/02\/11\/soy-mujer-y-hago-ciencia\/","title":{"rendered":"Soy mujer y hago ciencia"},"content":{"rendered":"<hr \/>\n<p>El 11 de febrero celebramos el d\u00eda internacional de la mujer y la ni\u00f1a en la ciencia. La iniciativa, que pretende visibilizar su trabajo e impulsar su papel, surgi\u00f3 por decisi\u00f3n de la <a title=\"Resoluci\u00f3 Nacions Unides Dona i ci\u00e8ncia\" href=\"https:\/\/undocs.org\/es\/A\/70\/474\/Add.2\" target=\"_blank\" rel=\"noopener\" data-cke-saved-href=\"https:\/\/undocs.org\/es\/A\/70\/474\/Add.2\">Asamblea General de las Naciones Unidas en el a\u00f1o 2015<\/a>.<\/p>\n<p>En el IGOP nos hacemos part\u00edcipes de esta propuesta y por eso queremos celebrar este d\u00eda dando la voz a nuestras investigadoras y visibilizando su trabajo (por orden alfab\u00e9tico).<\/p>\n<p>&nbsp;<\/p>\n<hr \/>\n<p><a title=\"Miriam Acebillo\" href=\"http:\/\/scholar.google.es\/citations?user=prE3xO4AAAAJ&amp;hl=ca\" target=\"_blank\" rel=\"noopener\" data-cke-saved-href=\"http:\/\/scholar.google.es\/citations?user=prE3xO4AAAAJ&amp;hl=ca\"><img loading=\"lazy\" decoding=\"async\" class=\"espai alignleft\" src=\"https:\/\/mcusercontent.com\/088fc47ad8d25b752311c0bf7\/images\/b19d93a0-f881-4295-a9d8-4f4187e9f8f4.jpg\" alt=\"Dra. M\u00edriam Acebillo\" width=\"100\" height=\"100\" align=\"left\" data-file-id=\"5579137\" data-cke-saved-src=\"https:\/\/mcusercontent.com\/088fc47ad8d25b752311c0bf7\/images\/b19d93a0-f881-4295-a9d8-4f4187e9f8f4.jpg\" \/><\/a><strong>M\u00edriam Acebillo Baqu\u00e9.<\/strong><\/p>\n<p>Em vaig doctorar en pol\u00edtica, pol\u00edtiques p\u00fabliques i relacions internacionals per la UAB. Estudio les relacions entre migraci\u00f3, desenvolupament i desigualtat. Ho faig, sobretot, des de la investigaci\u00f3 de l&#8217;ag\u00e8ncia migrant, i les relacions de la societat civil amb governs en contextos d&#8217;origen de les persones migrants i d&#8217;assentament. Tamb\u00e9 m&#8217;interessa fer-ho des de l&#8217;an\u00e0lisi de pol\u00edtiques de pau i desenvolupament. Investigar suposa per a mi donar llum a processos invisibilitzats o encara no compresos suficientment. M&#8217;agrada fer-ho. I crec que la recerca ha de ser una companya de cam\u00ed de l&#8217;acci\u00f3 pol\u00edtica i social.\u00a0<a title=\"Miriam Acebillo\" href=\"https:\/\/scholar.google.es\/citations?user=prE3xO4AAAAJ&amp;hl=ca\" target=\"_blank\" rel=\"noopener\" data-cke-saved-href=\"https:\/\/scholar.google.es\/citations?user=prE3xO4AAAAJ&amp;hl=ca\">+ info<\/a><\/p>\n<hr \/>\n<p><a href=\"http:\/\/evaanduiza.uab.cat\/\" target=\"_blank\" rel=\"noopener\" data-cke-saved-href=\"http:\/\/evaanduiza.uab.cat\/\"><img loading=\"lazy\" decoding=\"async\" class=\"espai alignleft\" src=\"https:\/\/mcusercontent.com\/088fc47ad8d25b752311c0bf7\/images\/e3865d53-16eb-467a-b3de-044bb7471846.jpg\" alt=\"Dra. Eva Anduiza\" width=\"100\" height=\"100\" align=\"left\" data-file-id=\"5579113\" data-cke-saved-src=\"https:\/\/mcusercontent.com\/088fc47ad8d25b752311c0bf7\/images\/e3865d53-16eb-467a-b3de-044bb7471846.jpg\" \/><\/a><strong>Eva Anduiza Perea.<\/strong><\/p>\n<p>Les meves \u00e0rees de recerca tracten diferents aspectes de la implicaci\u00f3 dels ciutadans en la pol\u00edtica en les democr\u00e0cies avan\u00e7ades. Aix\u00f2 inclou un inter\u00e8s per les causes i conseq\u00fc\u00e8ncies de la participaci\u00f3 electoral, la protesta pol\u00edtica, els mitjans digitals i les actituds pol\u00edtiques. Tamb\u00e9 estic interessada\u00a0en actituds davant la corrupci\u00f3 i en metodologies d\u2019enquesta i experimentaci\u00f3. Recentment, la meva investigaci\u00f3 s&#8217;ha centrat en les conseq\u00fc\u00e8ncies actitudinals de la crisi econ\u00f2mica, amb un focus especial en les actituds populistes. Al meu projecte actual exploro com canvien al llarg del temps les actituds dels individus envers la igualtat de g\u00e8nere i el feminisme.\u00a0<a title=\"Eva Anduiza\" href=\"http:\/\/evaanduiza.uab.cat\/\" target=\"_blank\" rel=\"noopener\" data-cke-saved-href=\"http:\/\/evaanduiza.uab.cat\/\">+ info<\/a><\/p>\n<hr \/>\n<p><a title=\"Iolanda Bianchi\" href=\"https:\/\/www.iolandabianchi.com\/\" target=\"_blank\" rel=\"noopener\" data-cke-saved-href=\"https:\/\/www.iolandabianchi.com\/\"><img loading=\"lazy\" decoding=\"async\" class=\"espai alignleft\" src=\"https:\/\/mcusercontent.com\/088fc47ad8d25b752311c0bf7\/images\/f7e09c79-9167-4ccf-85d9-686339286055.jpg\" alt=\"Dra. Iolanda Bianchi\" width=\"100\" height=\"100\" align=\"left\" data-file-id=\"5579089\" data-cke-saved-src=\"https:\/\/mcusercontent.com\/088fc47ad8d25b752311c0bf7\/images\/f7e09c79-9167-4ccf-85d9-686339286055.jpg\" \/><\/a><strong>Iolanda Bianchi.<\/strong><\/p>\n<p>Doctora en Ci\u00e8ncia Pol\u00edtica, Pol\u00edtiques P\u00fabliques i Relacions Internacionals de la Universitat Aut\u00f2noma de Barcelona i en Planificaci\u00f3 Regional i Pol\u00edtica P\u00fablica en la Universitat\u00a0IUAV\u00a0de Ven\u00e8cia. La meva recerca es centra en formes alternatives per satisfer necessitats b\u00e0siques i drets fonamentals a la ciutat, estudiant l\u2019articulaci\u00f3 entre iniciatives comunit\u00e0ries i pol\u00edtiques p\u00fabliques.\u00a0<a title=\"Iolanda Bianchi\" href=\"https:\/\/www.iolandabianchi.com\/\" target=\"_blank\" rel=\"noopener\" data-cke-saved-href=\"https:\/\/www.iolandabianchi.com\/\">+ info<\/a><\/p>\n<hr \/>\n<p><a href=\"https:\/\/www.uu.nl\/staff\/CBregaBaytelman\" target=\"_blank\" rel=\"noopener\"><img loading=\"lazy\" decoding=\"async\" class=\"espai alignleft wp-image-12216\" src=\"https:\/\/igop.uab.cat\/wp-content\/uploads\/2020\/02\/Carla-Brega-IGOP-150x150.jpg\" alt=\"\" width=\"100\" height=\"100\" srcset=\"https:\/\/igop.uab.cat\/wp-content\/uploads\/2020\/02\/Carla-Brega-IGOP-150x150.jpg 150w, https:\/\/igop.uab.cat\/wp-content\/uploads\/2020\/02\/Carla-Brega-IGOP.jpg 158w\" sizes=\"(max-width: 100px) 100vw, 100px\" \/><\/a><strong>Carla Brega Baytelman.<\/strong><\/p>\n<p>Soy doctoranda en el Departamento de Ciencias Sociales Interdisciplinarias de la de la Universidad de Utrecht (Pa\u00edses Bajos). Soci\u00f3loga de la Universidad de Chile y MSc. in Social Sciences (Research) de la Universidad de Amsterdam. Realizo una visita en el IGOP como investigadora del proyecto \u201cCAPABLE\u201d, financiado por el Consejo Europeo de Investigaci\u00f3n (ERC). En este marco, busco comprender por qu\u00e9 persiste la desigualdad de g\u00e9nero en la conciliaci\u00f3n entre vida laboral y privada\/familiar en Espa\u00f1a. Estudio las pol\u00edticas, programas y servicios disponibles a nivel nacional y local (Barcelona y Pamplona), as\u00ed como los factores que configuran la capacidad de mujeres y hombres para convertir dichas pol\u00edticas en recursos efectivos para una combinaci\u00f3n significativa entre trabajo remunerado, cuidados y vida.\u00a0<a title=\"Iolanda Bianchi\" href=\"https:\/\/www.uu.nl\/staff\/CBregaBaytelman\" target=\"_blank\" rel=\"noopener\" data-cke-saved-href=\"https:\/\/www.uu.nl\/staff\/CBregaBaytelman\">+ info<\/a><\/p>\n<hr \/>\n<p><img loading=\"lazy\" decoding=\"async\" class=\"espai alignleft\" src=\"https:\/\/mcusercontent.com\/088fc47ad8d25b752311c0bf7\/images\/aebefc2b-ef74-4c42-ac35-d71096e0bc59.jpg\" alt=\"Laura Capdevila\" width=\"100\" height=\"100\" align=\"left\" data-file-id=\"5579033\" data-cke-saved-src=\"https:\/\/mcusercontent.com\/088fc47ad8d25b752311c0bf7\/images\/aebefc2b-ef74-4c42-ac35-d71096e0bc59.jpg\" \/><strong>Laura Capdevila Jeric\u00f3.<\/strong><\/p>\n<p>Tinc \u00e0mplia experi\u00e8ncia en projectes de participaci\u00f3 i acci\u00f3 comunit\u00e0ria. En el meu cas la recerca no \u00e9s una finalitat sin\u00f3 una eina per poder dissenyar i desenvolupar projectes on l&#8217;objectiu sigui la transformaci\u00f3 social. A vegades tinc la sensaci\u00f3 de ser una mica ut\u00f2pica, per\u00f2 estic conven\u00e7uda que no em sentiria a gust desenvolupant la meva tasca professional en un altre \u00e0mbit.<\/p>\n<hr \/>\n<p><img loading=\"lazy\" decoding=\"async\" class=\"espai alignleft\" src=\"https:\/\/mcusercontent.com\/088fc47ad8d25b752311c0bf7\/images\/6b331941-9d6a-4977-a800-cd572f3f995a.jpg\" alt=\"Helena Cruz\" width=\"100\" height=\"100\" align=\"left\" data-file-id=\"5579121\" data-cke-saved-src=\"https:\/\/mcusercontent.com\/088fc47ad8d25b752311c0bf7\/images\/6b331941-9d6a-4977-a800-cd572f3f995a.jpg\" \/><strong>Helena Cruz Gallach.<\/strong><\/p>\n<p>Doctora en Geografia per la Universitat Aut\u00f2noma de Barcelona i M\u00e0ster en Gesti\u00f3 Urbana per la Erasmus Universiteit Rotterdam. Especialitzada en l\u2019ordenaci\u00f3 i planificaci\u00f3 del territori, els meus \u00e0mbits d\u2019inter\u00e8s s\u00f3n la governan\u00e7a i la participaci\u00f3 ciutadana en les pol\u00edtiques urbanes, la conflictivitat territorial en la planificaci\u00f3 urbana, i les formes d\u2019empoderament en la gesti\u00f3 de l\u2019espai p\u00fablic. <a title=\"Helena Cruz\" href=\"https:\/\/uab.academia.edu\/HelenaCruz\" target=\"_blank\" rel=\"noopener\" data-cke-saved-href=\"https:\/\/uab.academia.edu\/HelenaCruz\">+ info<\/a><\/p>\n<hr \/>\n<p><a title=\"Dra. Raquel Gallego\" href=\"https:\/\/orcid.org\/0000-0003-4036-0871\" target=\"_blank\" rel=\"noopener\" data-cke-saved-href=\"https:\/\/orcid.org\/0000-0003-4036-0871\"><img loading=\"lazy\" decoding=\"async\" class=\"espai alignleft\" src=\"https:\/\/mcusercontent.com\/088fc47ad8d25b752311c0bf7\/images\/362f06d9-f3a4-438b-b13f-337e964ff67d.jpg\" alt=\"Dra. Raquel Gallego\" width=\"100\" height=\"100\" align=\"left\" data-file-id=\"5579021\" data-cke-saved-src=\"https:\/\/mcusercontent.com\/088fc47ad8d25b752311c0bf7\/images\/362f06d9-f3a4-438b-b13f-337e964ff67d.jpg\" \/><\/a><strong>Raquel Gallego Calder\u00f3n.<\/strong><\/p>\n<p>Doctora en Ci\u00e8ncia Pol\u00edtica per la London School of Ecomomics and Political Science (LSE). Les meves \u00e0rees de recerca inclouen: an\u00e0lisi de pol\u00edtiques p\u00fabliques, reforma de l\u2019administraci\u00f3 i gesti\u00f3 p\u00fablica, pol\u00edtiques de benestar i descentralitzaci\u00f3. Em dedico a la recerca perqu\u00e8 vull contribuir a la generaci\u00f3 de coneixement cient\u00edfic que pugui ser \u00fatil per a analitzar, interpretar i abordar problem\u00e0tiques socials. Podeu saber m\u00e9s de mi a: <a title=\"Raquel Gallego\" href=\"https:\/\/orcid.org\/0000-0003-4036-0871\" target=\"_blank\" rel=\"noopener\" data-cke-saved-href=\"https:\/\/orcid.org\/0000-0003-4036-0871\">+ info<\/a><\/p>\n<hr \/>\n<p><strong><a href=\"https:\/\/es.linkedin.com\/in\/mariana-gonzalez-pirez-614382a6\" target=\"_blank\" rel=\"noopener\"><img loading=\"lazy\" decoding=\"async\" class=\"espai alignleft wp-image-12205 size-thumbnail\" src=\"https:\/\/igop.uab.cat\/wp-content\/uploads\/2020\/02\/Mariana-Gonzalez-news144-150x150.jpg\" alt=\"\" width=\"100\" height=\"100\" srcset=\"https:\/\/igop.uab.cat\/wp-content\/uploads\/2020\/02\/Mariana-Gonzalez-news144-150x150.jpg 150w, https:\/\/igop.uab.cat\/wp-content\/uploads\/2020\/02\/Mariana-Gonzalez-news144-300x300.jpg 300w, https:\/\/igop.uab.cat\/wp-content\/uploads\/2020\/02\/Mariana-Gonzalez-news144.jpg 420w\" sizes=\"(max-width: 100px) 100vw, 100px\" \/><\/a>Mariana Gonz\u00e1lez P\u00edrez.<\/strong><\/p>\n<p>Soy uruguaya, mag\u00edster en Desarrollo Humano, experta en pol\u00edticas p\u00fablicas y presupuesto en g\u00e9nero. Actualmente soy investigadora doctoral de la Universidad del Pa\u00eds Vasco y en la Universidad de Oviedo. Me he incorporado al equipo del IGOP para realizar una estancia de investigaci\u00f3n doctoral, con el objetivo de profundizar en el debate te\u00f3rico sobre la relaci\u00f3n entre pol\u00edticas presupuestarias y de g\u00e9nero. Anteriormente, realic\u00e9 una estancia de investigaci\u00f3n en Glasgow Caledonian University. Me gusta investigar en pol\u00edticas p\u00fablicas con perspectiva de g\u00e9nero como una forma de asegurar que se contemplen las realidades de las diferentes personas en los sistemas estatales, caracterizados por su sesgo androc\u00e9ntrico. Es interesante el proceso de despejar la construcci\u00f3n simb\u00f3lica discursiva, de las pr\u00e1cticas visibles e invisibles y sus resultados.\u00a0<a title=\"Dra. Sheila Gonz\u00e1lez\" href=\"https:\/\/es.linkedin.com\/in\/mariana-gonzalez-pirez-614382a6\" target=\"_blank\" rel=\"noopener\" data-cke-saved-href=\"https:\/\/orcid.org\/0000-0002-2401-9991\">+ info<\/a><\/p>\n<hr \/>\n<p><a title=\"Dra. Sheila Gonzalez\" href=\"https:\/\/orcid.org\/0000-0002-2401-9991\" target=\"_blank\" rel=\"noopener\" data-cke-saved-href=\"https:\/\/orcid.org\/0000-0002-2401-9991\"><img loading=\"lazy\" decoding=\"async\" class=\"espai alignleft\" src=\"https:\/\/mcusercontent.com\/088fc47ad8d25b752311c0bf7\/images\/6f8d4838-3048-4ff4-be8b-b135a797693d.jpg\" alt=\"Dra. Sheila Gonzalez\" width=\"100\" height=\"100\" align=\"left\" data-file-id=\"5579133\" data-cke-saved-src=\"https:\/\/mcusercontent.com\/088fc47ad8d25b752311c0bf7\/images\/6f8d4838-3048-4ff4-be8b-b135a797693d.jpg\" \/><\/a><strong>Sheila Gonz\u00e1lez Motos.<\/strong><\/p>\n<p>Doctora en Pol\u00edtica P\u00fablica i Transformaci\u00f3 Social per la UAB. Faig recerca en diversos temes relacionats amb la desigualtat social i educativa: segregaci\u00f3 escolar, educaci\u00f3 0-3, temps fora escola&#8230; M&#8217;hi dedico perqu\u00e8 crec necessari aportar coneixement des de la ci\u00e8ncia pol\u00edtica i la sociologia per trobar solucions als problemes socials. M\u00e9s info sobre les meves recerques a:\u00a0<a title=\"Dra. Sheila Gonz\u00e1lez\" href=\"https:\/\/orcid.org\/0000-0002-2401-9991\" target=\"_blank\" rel=\"noopener\" data-cke-saved-href=\"https:\/\/orcid.org\/0000-0002-2401-9991\">+ info<\/a><\/p>\n<hr \/>\n<p><a href=\"https:\/\/twitter.com\/alice_lancien\" target=\"_blank\" rel=\"noopener\" data-cke-saved-href=\"https:\/\/twitter.com\/alice_lancien\"><img loading=\"lazy\" decoding=\"async\" class=\"espai alignleft\" src=\"https:\/\/mcusercontent.com\/088fc47ad8d25b752311c0bf7\/images\/0a55be2b-7f49-4722-9a83-02f5638c353c.jpg\" alt=\"Alice Lancien\" width=\"100\" height=\"94\" align=\"left\" data-file-id=\"5579109\" data-cke-saved-src=\"https:\/\/mcusercontent.com\/088fc47ad8d25b752311c0bf7\/images\/0a55be2b-7f49-4722-9a83-02f5638c353c.jpg\" \/><\/a><strong>Alice Lancien.<\/strong><\/p>\n<p>S\u00f3c Phd Candidate en estudis urbans en co-tutela entre la UAB-IGOP i la universitat de Par\u00eds Nanterre (Fran\u00e7a). Les meves \u00e0rees de recerca tracten de les transformacions dels barris populars a Fran\u00e7a i Espanya. M&#8217;interessa en particular analitzar en aquest context les pr\u00e0ctiques als espais p\u00fablics dels i les joves de classes populars. Abans de fer recerca, he treballat durant deu anys com a urbanista especialitzada en participaci\u00f3 ciutadana (s\u00f3c s\u00f2cia de la cooperativa\u00a0Raons). M&#8217;interessa poder generar vincles i coneixements entre diferents \u00e0mbits professionals, sempre compromesa amb el dret a la ciutat. <a title=\"Alice Lancien\" href=\"https:\/\/twitter.com\/alice_lancien\" target=\"_blank\" rel=\"noopener\" data-cke-saved-href=\"https:\/\/twitter.com\/alice_lancien\">+ info<\/a><\/p>\n<hr \/>\n<p><img loading=\"lazy\" decoding=\"async\" class=\"espai alignleft\" src=\"https:\/\/gallery.mailchimp.com\/088fc47ad8d25b752311c0bf7\/images\/8ca13063-3e84-47a7-94be-b4bf23110233.jpg\" alt=\"Dr. Margarita Le\u00f3n\" width=\"100\" height=\"100\" align=\"left\" data-file-id=\"5355353\" data-cke-saved-src=\"https:\/\/gallery.mailchimp.com\/088fc47ad8d25b752311c0bf7\/images\/8ca13063-3e84-47a7-94be-b4bf23110233.jpg\" \/><strong>Margarita Le\u00f3n Borja.<\/strong><\/p>\n<p>Doctora per la LSE. Les meves \u00e0rees principals de recerca s\u00f3n la pol\u00edtica p\u00fablica comparada i la reforma de l\u2019Estat del Benestar, amb un focus espec\u00edfic en els processos de reforma dels sistemes de benestar a Europa segons l\u2019estructura social, els mercats laborals i el disseny i la implementaci\u00f3 de la pol\u00edtica social. En particular, la relaci\u00f3 entre la feina remunerada i la feina no remunerada. La meva l\u00ednia d\u2019investigaci\u00f3 actual estudia la relaci\u00f3 entre l\u2019organitzaci\u00f3 social de la cura i la migraci\u00f3 i l\u2019educaci\u00f3 i l\u2019atenci\u00f3 dels primers anys des de la perspectiva de la inversi\u00f3 social. <a title=\"Perfil Margarita Le\u00f3n\" href=\"https:\/\/uab.academia.edu\/MargaritaLeon\" target=\"_blank\" rel=\"noopener\" data-cke-saved-href=\"https:\/\/uab.academia.edu\/MargaritaLeon\">+ info<\/a><\/p>\n<hr \/>\n<p><a href=\"http:\/\/www.laramaest.org\/\" target=\"_blank\" rel=\"noopener\" data-cke-saved-href=\"http:\/\/www.laramaest.org\/\"><img loading=\"lazy\" decoding=\"async\" class=\"espai alignleft\" src=\"https:\/\/mcusercontent.com\/088fc47ad8d25b752311c0bf7\/images\/b3c0f86d-ca1e-431b-ad3f-18c0bc93f934.jpg\" alt=\"Dra. Lara Maestripieri\" width=\"100\" height=\"100\" align=\"left\" data-file-id=\"5579105\" data-cke-saved-src=\"https:\/\/mcusercontent.com\/088fc47ad8d25b752311c0bf7\/images\/b3c0f86d-ca1e-431b-ad3f-18c0bc93f934.jpg\" \/><\/a><strong>Lara Maestripieri.<\/strong><\/p>\n<p>Doctora en Sociologia i\u00a0Recerca Social a la Universitat de Trento (Italia).\u00a0Les meves \u00e0rees de recerca s\u00f3n la participaci\u00f3\u00a0laboral de les dones, la precarietat laboral i els nous riscos socials.\u00a0Em dedico a aix\u00f2 perqu\u00e8 m\u2019agrada molt parlar amb\u00a0la gent i recollir les histories d&#8217;homes i dones com jo i tu per a generar coneixement i canvis\u00a0a\u00a0les politiques. Podeu saber m\u00e9s de mi a:\u00a0<a title=\"Web Lara Maestripieri\" href=\"http:\/\/www.laramaest.org\/\" target=\"_blank\" rel=\"noopener\" data-cke-saved-href=\"http:\/\/www.laramaest.org\/\">www.laramaest.org<\/a>.<\/p>\n<hr \/>\n<p><a title=\"J\u00falia Miralles\" href=\"http:\/\/www.juliamirallesdeimperial.weebly.com\" target=\"_blank\" rel=\"noopener\" data-cke-saved-href=\"http:\/\/www.juliamirallesdeimperial.weebly.com\"><img loading=\"lazy\" decoding=\"async\" class=\"espai alignleft\" src=\"https:\/\/mcusercontent.com\/088fc47ad8d25b752311c0bf7\/images\/95d73d83-fb5f-4834-b76f-6484e6340831.jpg\" alt=\"J\u00falia Miralles\" width=\"100\" height=\"100\" align=\"left\" data-file-id=\"5579017\" data-cke-saved-src=\"https:\/\/mcusercontent.com\/088fc47ad8d25b752311c0bf7\/images\/95d73d83-fb5f-4834-b76f-6484e6340831.jpg\" \/><\/a><strong>J\u00falia Miralles de Imperial Pujol<\/strong><strong>.<\/strong><\/p>\n<p>Professora associada i estudiant de doctorat en ci\u00e8ncia pol\u00edtica a la UAB. Les meves \u00e0rees de recerca s\u00f3n la integritat institucional i les pol\u00edtiques p\u00fabliques, especialment l&#8217;\u00e0mbit de transpar\u00e8ncia i prevenci\u00f3 de la corrupci\u00f3.\u00a0La meva motivaci\u00f3 per la recerca en aquest \u00e0mbit rau en el convenciment que les pol\u00edtiques p\u00fabliques han de ser eines per una major democr\u00e0cia i equitat a la nostra societat.\u00a0Podeu trobar m\u00e9s informaci\u00f3 sobre mi a <a title=\"Web J\u00falia Miralles del Imperial\" href=\"http:\/\/www.juliamirallesdeimperial.weebly.com\" target=\"_blank\" rel=\"noopener\" data-cke-saved-href=\"http:\/\/www.juliamirallesdeimperial.weebly.com\">www.juliamirallesdeimperial.weebly.com<\/a>.<\/p>\n<hr \/>\n<p><a title=\"Carolina Mu\u00f1oz\" href=\"http:\/\/www.gigapp.org\/index.php\/comunidad-gigapp\/member\/show\/767\" target=\"_blank\" rel=\"noopener\" data-cke-saved-href=\"http:\/\/www.gigapp.org\/index.php\/comunidad-gigapp\/member\/show\/767\"><img loading=\"lazy\" decoding=\"async\" class=\"espai alignleft\" src=\"https:\/\/mcusercontent.com\/088fc47ad8d25b752311c0bf7\/images\/786766dd-028e-4349-9a59-d081b1456e9b.jpg\" alt=\"Carolina Mu\u00f1oz\" width=\"100\" height=\"100\" align=\"left\" data-file-id=\"5579097\" data-cke-saved-src=\"https:\/\/mcusercontent.com\/088fc47ad8d25b752311c0bf7\/images\/786766dd-028e-4349-9a59-d081b1456e9b.jpg\" \/><\/a><strong>Carolina Mu\u00f1oz Mendoza<\/strong><strong>.<\/strong><\/p>\n<p>S\u00f3c\u00a0treballadora Social, M\u00e0ster en Ger\u00e8ncia P\u00fablica i actualment curso\u00a0el\u00a0Doctorat en Pol\u00edtiques P\u00fabliques a l\u2019IGOP. Les meves l\u00ednies d\u2019investigaci\u00f3 s\u2019han enfocat a\u00a0pol\u00edtiques socials, culturals, de salut p\u00fablica, desenvolupament territorial i institucional. Tamb\u00e9 s\u00f3c\u00a0una activa gestora i promotora de Xarxes professionals i acad\u00e8miques en l\u2019\u00e0mbit de l\u2019Avaluaci\u00f3 de pol\u00edtiques p\u00fabliques i de la participaci\u00f3 ciutadana a nivell iberoameric\u00e0. <a title=\"Carolina Mu\u00f1oz\" href=\"http:\/\/www.gigapp.org\/index.php\/comunidad-gigapp\/member\/show\/767\" target=\"_blank\" rel=\"noopener\" data-cke-saved-href=\"http:\/\/www.gigapp.org\/index.php\/comunidad-gigapp\/member\/show\/767\">+ info<\/a><\/p>\n<hr \/>\n<p><a title=\"Eva Ostergaard-Nielsen\" href=\"http:\/\/www.migrademo.eu\" target=\"_blank\" rel=\"noopener\" data-cke-saved-href=\"http:\/\/www.migrademo.eu\"><img loading=\"lazy\" decoding=\"async\" class=\"espai alignleft\" src=\"https:\/\/mcusercontent.com\/088fc47ad8d25b752311c0bf7\/images\/d0e360a3-d890-4fc8-a145-faba63f465cb.jpg\" alt=\"Dra. Eva Ostergaard-Nielsen\" width=\"100\" height=\"94\" align=\"left\" data-file-id=\"5579101\" data-cke-saved-src=\"https:\/\/mcusercontent.com\/088fc47ad8d25b752311c0bf7\/images\/d0e360a3-d890-4fc8-a145-faba63f465cb.jpg\" \/><\/a><\/p>\n<p><strong>Eva \u00d8stergaard-Nielsen<\/strong><strong>.<\/strong><\/p>\n<p>Professora en Ci\u00e8ncia Pol\u00edtica per la UAB. Les meves \u00e0rees de recerca s\u00f3n migraci\u00f3, xarxes transnacionals i processos de democratitzaci\u00f3. Actualment estic treballant sobre un projecte de Migraci\u00f3 i Difusi\u00f3 Democr\u00e0tica a\u00a0Romania, Marroc i\u00a0Turquia. Em dedico a ser cient\u00edfica perqu\u00e8 vull contribuir a la nostra comprensi\u00f3 del canvi social i pol\u00edtic.\u00a0Ser recercadora no \u00e9s mai avorrit! Podeu saber m\u00e9s de mi i de la meva investigaci\u00f3 actual a\u00a0<a title=\"Eva Ostergaard-Nielsen Migrademo\" href=\"http:\/\/www.migrademo.eu\" target=\"_blank\" rel=\"noopener\" data-cke-saved-href=\"http:\/\/www.migrademo.eu\">www.migrademo.eu<\/a><\/p>\n<hr \/>\n<p><a title=\"Dra. N\u00faria Reguero\" href=\"https:\/\/scholar.google.com\/scholar?hl=es&amp;as_sdt=0%2C5&amp;q=nuria+reguero+jim%C3%A9nez&amp;btnG=&amp;oq=Nuria+Reguero+J\" target=\"_blank\" rel=\"noopener\" data-cke-saved-href=\"https:\/\/scholar.google.com\/scholar?hl=es&amp;as_sdt=0%2C5&amp;q=nuria+reguero+jim%C3%A9nez&amp;btnG=&amp;oq=Nuria+Reguero+J\"><img loading=\"lazy\" decoding=\"async\" class=\"espai alignleft\" src=\"https:\/\/gallery.mailchimp.com\/088fc47ad8d25b752311c0bf7\/images\/2306cf9c-dc57-4314-91a8-ce90312b09a6.jpg\" alt=\"Dra. N\u00faria Reguero\" width=\"100\" height=\"100\" align=\"left\" data-file-id=\"5378465\" data-cke-saved-src=\"https:\/\/gallery.mailchimp.com\/088fc47ad8d25b752311c0bf7\/images\/2306cf9c-dc57-4314-91a8-ce90312b09a6.jpg\" \/><\/a><\/p>\n<p><strong>N\u00faria Reguero Jimenez<\/strong><strong>.<\/strong><\/p>\n<p>Doctorat en Pol\u00edtiques p\u00fabliques i transformaci\u00f3 social (UAB). Les meves \u00e0rees de recerca s\u00f3n la comunicaci\u00f3 comunit\u00e0ria i alternativa, els\u00a0moviments socials i les\u00a0pol\u00edtiques p\u00fabliques.\u00a0Vaig iniciar-me com a periodista per\u00f2 de seguida em va apassionar la recerca per disposar de m\u00e9s temps, recursos i independ\u00e8ncia per arribar a reflexions m\u00e9s acurades i estructurals. La recerca va significar per a mi, des de ben joveneta, una eina molt potent d\u2019advocacia per al dret a comunicar, la r\u00e0dio i televisi\u00f3 comunit\u00e0ries i la reivindicaci\u00f3 d\u2019unes pol\u00edtiques p\u00fabliques de l\u2019audiovisual obertes a la participaci\u00f3 ciutadana. <a title=\"N\u00faria Reguero\" href=\"https:\/\/scholar.google.com\/scholar?hl=es&amp;as_sdt=0%2C5&amp;q=nuria+reguero+jim%C3%A9nez&amp;btnG=&amp;oq=Nuria+Reguero+J\" target=\"_blank\" rel=\"noopener\" data-cke-saved-href=\"https:\/\/scholar.google.com\/scholar?hl=es&amp;as_sdt=0%2C5&amp;q=nuria+reguero+jim%C3%A9nez&amp;btnG=&amp;oq=Nuria+Reguero+J\">+ info<\/a><\/p>\n<hr \/>\n<p><a title=\"Yunailis Salazar\" href=\"https:\/\/uab.academia.edu\/YunailisSalazarMarcano\" target=\"_blank\" rel=\"noopener\" data-cke-saved-href=\"https:\/\/uab.academia.edu\/YunailisSalazarMarcano\"><img loading=\"lazy\" decoding=\"async\" class=\"espai alignleft\" src=\"https:\/\/mcusercontent.com\/088fc47ad8d25b752311c0bf7\/images\/71dc775c-391c-4320-a1b9-2dea9daae565.jpg\" alt=\"Yunailis Salazar\" width=\"100\" height=\"100\" align=\"left\" data-file-id=\"5579077\" data-cke-saved-src=\"https:\/\/mcusercontent.com\/088fc47ad8d25b752311c0bf7\/images\/71dc775c-391c-4320-a1b9-2dea9daae565.jpg\" \/><\/a><\/p>\n<p><strong>Yunailis Salazar Marcano.<\/strong><\/p>\n<p>Doctoranda en Pol\u00edtiques P\u00fabliques (UAB) La meva tesi est\u00e0 centrada en el municipalisme i el proc\u00e9s d\u2019implementaci\u00f3 de la contractaci\u00f3 p\u00fablica socialment responsable a l\u2019Ajuntament de Barcelona. Durant els \u00faltims 5 anys, he fet recerca a l\u2019IGOP en projectes relacionats amb l\u2019impacte de les pol\u00edtiques d\u2019austeritat en la governan\u00e7a de les ciutats, la innovaci\u00f3 social, la gesti\u00f3 p\u00fablica, la participaci\u00f3 comunit\u00e0ria, les pol\u00edtiques culturals i l\u2019economia social. Per a m\u00ed, ser investigadora em permet con\u00e8ixer la realitat de les ciutats, no nom\u00e9s per a comprendre la complexitat dels problemes i processos socials actuals, sin\u00f3 tamb\u00e9 per a intentar trobar solucions i l\u00ednies de millora des de les pol\u00edtiques urbanes. El que m\u00e9s gaudeixo de la recerca \u00e9s fer entrevistes!\u00a0 <a title=\"Yunailis Salazar\" href=\"https:\/\/uab.academia.edu\/YunailisSalazarMarcano\" target=\"_blank\" rel=\"noopener\" data-cke-saved-href=\"https:\/\/uab.academia.edu\/YunailisSalazarMarcano\">+ info<\/a><\/p>\n<hr \/>\n","protected":false},"excerpt":{"rendered":"<p>El 11 de febrero celebramos el d\u00eda internacional de la mujer y la ni\u00f1a en la ciencia. La iniciativa, que pretende visibilizar su trabajo e impulsar su papel, surgi\u00f3 por decisi\u00f3n de la Asamblea General de las Naciones Unidas en el a\u00f1o 2015. En el IGOP nos hacemos part\u00edcipes de esta propuesta y por eso [&hellip;]<\/p>\n","protected":false},"author":2,"featured_media":12200,"comment_status":"closed","ping_status":"closed","sticky":false,"template":"","format":"standard","meta":{"_et_pb_use_builder":"","_et_pb_old_content":"","_et_gb_content_width":"","footnotes":""},"categories":[219],"tags":[],"class_list":["post-12195","post","type-post","status-publish","format-standard","has-post-thumbnail","hentry","category-actividades","et-has-post-format-content","et_post_format-et-post-format-standard"],"_links":{"self":[{"href":"https:\/\/igop.uab.cat\/es\/wp-json\/wp\/v2\/posts\/12195","targetHints":{"allow":["GET"]}}],"collection":[{"href":"https:\/\/igop.uab.cat\/es\/wp-json\/wp\/v2\/posts"}],"about":[{"href":"https:\/\/igop.uab.cat\/es\/wp-json\/wp\/v2\/types\/post"}],"author":[{"embeddable":true,"href":"https:\/\/igop.uab.cat\/es\/wp-json\/wp\/v2\/users\/2"}],"replies":[{"embeddable":true,"href":"https:\/\/igop.uab.cat\/es\/wp-json\/wp\/v2\/comments?post=12195"}],"version-history":[{"count":6,"href":"https:\/\/igop.uab.cat\/es\/wp-json\/wp\/v2\/posts\/12195\/revisions"}],"predecessor-version":[{"id":12222,"href":"https:\/\/igop.uab.cat\/es\/wp-json\/wp\/v2\/posts\/12195\/revisions\/12222"}],"wp:featuredmedia":[{"embeddable":true,"href":"https:\/\/igop.uab.cat\/es\/wp-json\/wp\/v2\/media\/12200"}],"wp:attachment":[{"href":"https:\/\/igop.uab.cat\/es\/wp-json\/wp\/v2\/media?parent=12195"}],"wp:term":[{"taxonomy":"category","embeddable":true,"href":"https:\/\/igop.uab.cat\/es\/wp-json\/wp\/v2\/categories?post=12195"},{"taxonomy":"post_tag","embeddable":true,"href":"https:\/\/igop.uab.cat\/es\/wp-json\/wp\/v2\/tags?post=12195"}],"curies":[{"name":"wp","href":"https:\/\/api.w.org\/{rel}","templated":true}]}}