{"id":11457,"date":"2019-03-05T13:25:02","date_gmt":"2019-03-05T12:25:02","guid":{"rendered":"https:\/\/igop.uab.cat\/?p=11457"},"modified":"2019-03-13T08:37:50","modified_gmt":"2019-03-13T07:37:50","slug":"jornada-trabaja-bmincome","status":"publish","type":"post","link":"https:\/\/igop.uab.cat\/es\/2019\/03\/05\/jornada-trabaja-bmincome\/","title":{"rendered":"Jornada trabajo BMINCOME"},"content":{"rendered":"<p>El pr\u00f3ximo martes 12 de marzo tendr\u00e1 lugar la jornada de trabajo \u00ab<a href=\"https:\/\/igop.uab.cat\/wp-content\/uploads\/2019\/03\/Debat_BMINCOME_12_03_2019.pdf\">Disseny, recerca i avaluaci\u00f3\u00a0parcial del projecte pilot\u00a0B-MINCOME<\/a>\u00ab. Este encuentro, organizado por los diferentes socios del proyecto (Iv\u00e0lua, UPC, Novact, The Young Foundation y el IGOP de la UAB) tiene por objetivo presentar resultados preliminares del proyecto piloto que se inici\u00f3 a finales de 2016 y que finalizar\u00e1 en el octubre de 2019.<\/p>\n<p><a href=\"http:\/\/ajuntament.barcelona.cat\/bmincome\/ca\/\">B-MINCOME<\/a> es un proyecto piloto de lucha contra la pobreza y la desigualdad en 10 barrios del Eje Bes\u00f2s de la ciudad de Barcelona, que se acoge dentro del programa Urban Innovative Actions (UIA) de la UE. Tiene por objetivo testear la eficiencia y la eficacia de la combinaci\u00f3n de una renta m\u00ednima (Apoyo Municipal de Inclusi\u00f3n) con cuatro pol\u00edticas activas sociolaborales.<\/p>\n<p><a href=\"https:\/\/igop.uab.cat\/wp-content\/uploads\/2019\/03\/BMINCOME_2018.pdf\">El IGOP participa encargandose de dos tareas<\/a>. Por un lado, el IGOP acompa\u00f1a la pol\u00edtica activa n\u00ba 4 (Participaci\u00f3n Comunitaria) y realiza el seguimiento y la evaluaci\u00f3n del impacto de esta pol\u00edtica en las din\u00e1micas de participaci\u00f3n comunitaria en los barrios. Por otro, el IGOP realiza el an\u00e1lisis de los impactos en la gobernanza del proyecto y su impacto en las pol\u00edticas p\u00fablicas.<\/p>\n<hr \/>\n<h4>Programa de la Jornada (<a href=\"https:\/\/igop.uab.cat\/wp-content\/uploads\/2019\/03\/Debat_BMINCOME_12_03_2019.pdf\">descargar pdf -CAT-<\/a>)<\/h4>\n<p>Sala d\u2019Actes, UPC Campus Diagonal-Bes\u00f2s (AV. Eduard Maristany, 16)<\/p>\n<p>&nbsp;<\/p>\n<p><span style=\"color: #993366;\"><strong>10:00 | PRESENTACI\u00d3N Y BIENVENIDA DE LA UPC<\/strong><\/span><\/p>\n<p><span style=\"color: #993366;\"><strong>10:05-10:45 | POL\u00cdTICAS P\u00daBLICAS Y LUCHA CONTRA LA POBREZA: PROYECTO B-MINCOME<\/strong><\/span><\/p>\n<ul>\n<li>LAIA ORTIZ (TINENTA D\u2019ALCALDIA) Garantia de rendes i lluita contra la pobresa<\/li>\n<li>LLU\u00cdS TORRENS (DIRECCI\u00d3 D\u2019INNOVACI\u00d3 I PLANIFICACI\u00d3, \u00c0REA DRETS SOCIALS) Disseny i resultats parcials de B-MINCOME<\/li>\n<li>MARC BALAGUER (DIRECTOR IV\u00c0LUA) Model d\u2019avaluaci\u00f3 i resultats de B-MINCOME<\/li>\n<li>VICTORIA BOELMAN (THE YOUNG FOUNDATION) Avaluaci\u00f3 etnogr\u00e0fica i qualitativa de B-MINCOME<\/li>\n<\/ul>\n<p>10:50-11:10 | PAUSA CAF\u00c9<\/p>\n<p>&nbsp;<\/p>\n<p><span style=\"color: #993366;\"><strong>11:20-13:00 | EXPERIENCIAS INTERNACIONALES<\/strong><\/span><\/p>\n<ul>\n<li>TIMO VERLAAT (UNIVERSITAT UTRECHT) Disseny, implementaci\u00f3 i resultats del pilot.<\/li>\n<li>MINNA YLIK\u00c4NN\u00d6 (SENIOR RESEARCHER, KELA) Disseny, implementaci\u00f3 i resultats del pilot.<\/li>\n<li>TORN DE PARAULES \u2013 DISCUSSI\u00d3<br \/>\nModera: PAU MAR\u00cd-KLOSE (ALTO COMISIONADO PARA LA LUCHA CONTRA LA POBREZA INFANTIL)<\/li>\n<\/ul>\n<p>&nbsp;<\/p>\n<p><span style=\"color: #993366;\"><strong>15:00 | SEMINARIO DE TRABAJO: DISE\u00d1OS, IMPLEMENTACI\u00d3N Y RESULTADOS<\/strong><\/span><\/p>\n<ul>\n<li>15:00 | FEDERICO TODESCHINI (IV\u00c0LUA)<\/li>\n<li>15:20 | TIMO VERLAAT (UNIVERSITAT UTRECHT)<\/li>\n<li>15:40 | MINNA YLIK\u00c4NN\u00d6 (KELA)<\/li>\n<li>16:00 | TORN DE PARAULES \u2013 DISCUSSI\u00d3<br \/>\nModera: BRU LA\u00cdN (UB &#8211; IERMB)<\/li>\n<\/ul>\n<p>16:30 | PAUSA CAF\u00c9<\/p>\n<p>&nbsp;<\/p>\n<p><span style=\"color: #993366;\"><strong>16:45-18:30 | EVALUACI\u00d3N DE B-MINCOME<\/strong><\/span><\/p>\n<ul>\n<li>16:45 | CHARLOTTE FERN\u00c1NDEZ (IGOP-UAB)<\/li>\n<li>17:00 | VICTORIA BOELMAN (THE YOUNG FOUNDATION)<\/li>\n<li>17:15 | FABRICIO BONILLA (ICTA-UAB)<\/li>\n<li>17:25 | MART\u00cd OLIVELLA (NOVACT)<\/li>\n<li>17:40 | TORN DE PARAULES \u2013 DISCUSSI\u00d3<br \/>\nModera: ALBERT JULI\u00c0 (UB &#8211; IERMB)<\/li>\n<\/ul>\n","protected":false},"excerpt":{"rendered":"<p>El pr\u00f3ximo martes 12 de marzo tendr\u00e1 lugar la jornada de trabajo \u00abDisseny, recerca i avaluaci\u00f3\u00a0parcial del projecte pilot\u00a0B-MINCOME\u00ab. Este encuentro, organizado por los diferentes socios del proyecto (Iv\u00e0lua, UPC, Novact, The Young Foundation y el IGOP de la UAB) tiene por objetivo presentar resultados preliminares del proyecto piloto que se inici\u00f3 a finales de [&hellip;]<\/p>\n","protected":false},"author":2,"featured_media":11460,"comment_status":"closed","ping_status":"closed","sticky":false,"template":"","format":"standard","meta":{"_et_pb_use_builder":"","_et_pb_old_content":"","_et_gb_content_width":"","footnotes":""},"categories":[219],"tags":[],"class_list":["post-11457","post","type-post","status-publish","format-standard","has-post-thumbnail","hentry","category-actividades","et-has-post-format-content","et_post_format-et-post-format-standard"],"_links":{"self":[{"href":"https:\/\/igop.uab.cat\/es\/wp-json\/wp\/v2\/posts\/11457","targetHints":{"allow":["GET"]}}],"collection":[{"href":"https:\/\/igop.uab.cat\/es\/wp-json\/wp\/v2\/posts"}],"about":[{"href":"https:\/\/igop.uab.cat\/es\/wp-json\/wp\/v2\/types\/post"}],"author":[{"embeddable":true,"href":"https:\/\/igop.uab.cat\/es\/wp-json\/wp\/v2\/users\/2"}],"replies":[{"embeddable":true,"href":"https:\/\/igop.uab.cat\/es\/wp-json\/wp\/v2\/comments?post=11457"}],"version-history":[{"count":2,"href":"https:\/\/igop.uab.cat\/es\/wp-json\/wp\/v2\/posts\/11457\/revisions"}],"predecessor-version":[{"id":11462,"href":"https:\/\/igop.uab.cat\/es\/wp-json\/wp\/v2\/posts\/11457\/revisions\/11462"}],"wp:featuredmedia":[{"embeddable":true,"href":"https:\/\/igop.uab.cat\/es\/wp-json\/wp\/v2\/media\/11460"}],"wp:attachment":[{"href":"https:\/\/igop.uab.cat\/es\/wp-json\/wp\/v2\/media?parent=11457"}],"wp:term":[{"taxonomy":"category","embeddable":true,"href":"https:\/\/igop.uab.cat\/es\/wp-json\/wp\/v2\/categories?post=11457"},{"taxonomy":"post_tag","embeddable":true,"href":"https:\/\/igop.uab.cat\/es\/wp-json\/wp\/v2\/tags?post=11457"}],"curies":[{"name":"wp","href":"https:\/\/api.w.org\/{rel}","templated":true}]}}