{"id":4644,"date":"2017-09-06T13:42:55","date_gmt":"2017-09-06T11:42:55","guid":{"rendered":"https:\/\/igop.uab.cat\/?p=4644"},"modified":"2018-03-15T13:45:25","modified_gmt":"2018-03-15T12:45:25","slug":"tenth-anniversary-ceremony","status":"publish","type":"post","link":"https:\/\/igop.uab.cat\/en\/2017\/09\/06\/tenth-anniversary-ceremony\/","title":{"rendered":"Tenth anniversary ceremony"},"content":{"rendered":"<p>L\u2019IGOP\u00a0celebra aquest any 2017 el seu des\u00e8 aniversari. Per aquest motiu, ens plau convidar-vos al proper acte celebraci\u00f3 previst pel proper 28 de setembre.<\/p>\n<p>L\u2019acte s\u2019organitzar\u00e0 sota el format de debat-col\u00b7loqui que comptar\u00e0 amb la pres\u00e8ncia de <strong>Teresa Caldeira<\/strong> (antrop\u00f2loga i Catedr\u00e0tica d\u2019Estudis Regionals i Urbans de la Universitat de Calif\u00f2rnia, Berkeley) i <strong>Fernando Vallesp\u00edn<\/strong> (Catedr\u00e0tic de Ci\u00e8ncia Pol\u00edtica i de la Administraci\u00f3 de la Universitat Aut\u00f2noma de Madrid). S\u00f3n dues persones de reconeguda traject\u00f2ria acad\u00e8mica que debatran sobre els reptes i les oportunitats de les pol\u00edtiques p\u00fabliques (horari previst de 18:00 a 21:30, a Barcelona). Tamb\u00e9 es projectar\u00e0 un v\u00eddeo commemoratiu, i tancarem l\u2019acte amb un concert i un piscolabis.<\/p>\n<hr \/>\n<p style=\"color: #606060; font-family: Helvetica; font-size: 15px; line-height: 150%; text-align: left;\"><a title=\"Inscripcio Acte 10 anys IGOP\" href=\"https:\/\/goo.gl\/forms\/MbrPLgX9uvJc4v5J2\" target=\"_blank\">Inscripci\u00f3 gratu\u00efta (per temes d&#8217;aforament) en aquest enlla\u00e7<\/a><\/p>\n<hr \/>\n<p><strong>PROGRAMA<\/strong> (actualitzat a 26\/09\/2017)<strong><br \/>\nActe dels 10 anys de l\u2019IGOP, 28\/09\/2017<\/strong><br \/>\nAuditori del Parc Tecnol\u00f2gic de Barcelona Activa\u00a0(c\/Marie Curie, 8-14).<br \/>\nBarcelona, Districte Nou Barris.<\/p>\n<p><strong>18:00 Benvinguda<\/strong><\/p>\n<ul>\n<li>a c\u00e0rrec de Dra. <strong>Raquel Gallego<\/strong> (Professora Agregada de la UAB i Directora de l\u2019IGOP), Dr. <strong>Armand S\u00e1nchez<\/strong> (Vicerector d\u2019investigaci\u00f3 i transfer\u00e8ncia de la UAB) i Dr.\u00a0<strong>Gerardo Pisarello<\/strong>\u00a0(Primer Tinent d&#8217;Alcalde de l&#8217;Ajuntament de Barcelona).<\/li>\n<\/ul>\n<p><strong>18:20<\/strong> Visualitzaci\u00f3 del <strong>V\u00eddeo Commemoratiu<\/strong><\/p>\n<p><strong>18:30- 20:00 Confer\u00e8ncies\u00a0<\/strong><\/p>\n<ul>\n<li><strong>Dra. Teresa Caldeira<\/strong> (Catedr\u00e0tica, U. Berkeley).<br \/>\n&#8220;Transformacions en els modes de vida col\u00b7lectiva: reflexi\u00f3 des de la perif\u00e8ria de S\u00e3o Paulo&#8221;<br \/>\nPresentada per Dr. <em>Oscar Rebollo<\/em>, (Titular d\u2019Universitat de la UAB i ex-Director de l\u2019IGOP).<\/li>\n<\/ul>\n<ul>\n<li><strong>Dr. Fernando Vallesp\u00edn<\/strong> (Catedr\u00e0tic, U. Aut\u00f3noma de Madrid).<br \/>\n&#8220;Balan\u00e7 dels reptes actuals per les ci\u00e8ncies socials&#8221;.<br \/>\nPresentat per Dr. <em>Quim Brugu\u00e9<\/em>, (Catedr\u00e0tic d\u2019Universitat de la UdG i ex-Director de l\u2019IGOP).<\/li>\n<\/ul>\n<p><strong>20:00 Cloenda institucional<\/strong><\/p>\n<ul>\n<li>a c\u00e0rrec de Dr. <strong>Joan Subirats<\/strong> (Catedr\u00e0tic de la UAB i primer Director de l\u2019IGOP), Dra. <strong>Sara Moreno<\/strong> (Vicerectora d\u2019alumnat i ocupabilitat, UAB) i <strong>Janet Sanz<\/strong>\u00a0(Regidora de Nou Barris. Ajuntament de Barcelona).<\/li>\n<\/ul>\n<p><strong>20:30 Concert <\/strong>de Monique Makon i piscolabis<\/p>\n<p><strong>21:30 Fi de l\u2019Acte<\/strong><\/p>\n<p>&nbsp;<\/p>\n","protected":false},"excerpt":{"rendered":"<p>L\u2019IGOP\u00a0celebra aquest any 2017 el seu des\u00e8 aniversari. Per aquest motiu, ens plau convidar-vos al proper acte celebraci\u00f3 previst pel proper 28 de setembre. L\u2019acte s\u2019organitzar\u00e0 sota el format de debat-col\u00b7loqui que comptar\u00e0 amb la pres\u00e8ncia de Teresa Caldeira (antrop\u00f2loga i Catedr\u00e0tica d\u2019Estudis Regionals i Urbans de la Universitat de Calif\u00f2rnia, Berkeley) i Fernando Vallesp\u00edn [&hellip;]<\/p>\n","protected":false},"author":2,"featured_media":3929,"comment_status":"closed","ping_status":"closed","sticky":false,"template":"","format":"standard","meta":{"_et_pb_use_builder":"","_et_pb_old_content":"","_et_gb_content_width":"","footnotes":""},"categories":[218],"tags":[],"class_list":["post-4644","post","type-post","status-publish","format-standard","has-post-thumbnail","hentry","category-events","et-has-post-format-content","et_post_format-et-post-format-standard"],"_links":{"self":[{"href":"https:\/\/igop.uab.cat\/en\/wp-json\/wp\/v2\/posts\/4644","targetHints":{"allow":["GET"]}}],"collection":[{"href":"https:\/\/igop.uab.cat\/en\/wp-json\/wp\/v2\/posts"}],"about":[{"href":"https:\/\/igop.uab.cat\/en\/wp-json\/wp\/v2\/types\/post"}],"author":[{"embeddable":true,"href":"https:\/\/igop.uab.cat\/en\/wp-json\/wp\/v2\/users\/2"}],"replies":[{"embeddable":true,"href":"https:\/\/igop.uab.cat\/en\/wp-json\/wp\/v2\/comments?post=4644"}],"version-history":[{"count":1,"href":"https:\/\/igop.uab.cat\/en\/wp-json\/wp\/v2\/posts\/4644\/revisions"}],"predecessor-version":[{"id":4645,"href":"https:\/\/igop.uab.cat\/en\/wp-json\/wp\/v2\/posts\/4644\/revisions\/4645"}],"wp:featuredmedia":[{"embeddable":true,"href":"https:\/\/igop.uab.cat\/en\/wp-json\/wp\/v2\/media\/3929"}],"wp:attachment":[{"href":"https:\/\/igop.uab.cat\/en\/wp-json\/wp\/v2\/media?parent=4644"}],"wp:term":[{"taxonomy":"category","embeddable":true,"href":"https:\/\/igop.uab.cat\/en\/wp-json\/wp\/v2\/categories?post=4644"},{"taxonomy":"post_tag","embeddable":true,"href":"https:\/\/igop.uab.cat\/en\/wp-json\/wp\/v2\/tags?post=4644"}],"curies":[{"name":"wp","href":"https:\/\/api.w.org\/{rel}","templated":true}]}}