{"id":4640,"date":"2017-10-04T13:36:21","date_gmt":"2017-10-04T11:36:21","guid":{"rendered":"https:\/\/igop.uab.cat\/?p=4640"},"modified":"2018-03-15T13:39:16","modified_gmt":"2018-03-15T12:39:16","slug":"course-public-social-policies","status":"publish","type":"post","link":"https:\/\/igop.uab.cat\/en\/2017\/10\/04\/course-public-social-policies\/","title":{"rendered":"Course: Public Social Policies"},"content":{"rendered":"<h4>Curs: Pol\u00edtiques P\u00fabliques Socials<\/h4>\n<p>Del 24 al 27 d&#8217;octubre de 2017<\/p>\n<p><span id=\"result_box\" lang=\"ca\" tabindex=\"-1\">Si ets un pol\u00edtic local amb responsabilitats en les pol\u00edtiques socials o un professional vinculat a serveis socials, educatius, sociosanitaris, comunitaris o pertanys a alguna entitat del Tercer Sector Social que li interessi aprofundir en les oportunitats i desafiaments de la col\u00b7laboraci\u00f3 i participaci\u00f3 en la pol\u00edtica social local, ja pots matricular-te al<\/span>\u00a0<a href=\"http:\/\/barcelonagov.net\/cursos\/politicas-publicas-sociales\/\" target=\"_blank\" rel=\"noopener noreferrer\">curs<\/a> que t&#8217;ofereix <a href=\"http:\/\/barcelonagov.net\/es\/\" target=\"_blank\" rel=\"noopener noreferrer\">Barcelona\u2019gov<\/a> a trav\u00e9s de l&#8217;<a href=\"https:\/\/igop.uab.cat\/es\/\" target=\"_blank\" rel=\"noopener noreferrer\">Institut de Govern i Pol\u00edtiques P\u00fabliques<\/a> (IGOP) de la <a href=\"http:\/\/www.uab.cat\/\" target=\"_blank\" rel=\"noopener noreferrer\">Universitat Aut\u00f2noma de Barcelona<\/a> (UAB).<\/p>\n<p><a href=\"http:\/\/barcelonagov.net\/cursos\/politicas-publicas-sociales\/\" target=\"_blank\" rel=\"noopener noreferrer\">El curs<\/a> <span id=\"result_box\" lang=\"ca\" tabindex=\"-1\">convida a reflexionar i compartir sobre les pol\u00edtiques socials en un entorn de governan\u00e7a multinivell, de corresponsabilitat amb els agents socials i econ\u00f2mics i des d&#8217;un plantejament integral i transversal de la pol\u00edtica p\u00fablica. Quins mecanismes de participaci\u00f3 ciutadana, desenvolupament comunitari i innovaci\u00f3 social a les pol\u00edtiques socials? \u00bfCo-producci\u00f3 de pol\u00edtiques p\u00fabliques?<\/span><\/p>\n<p>Durada: 30 hores (classes + visites a projectes i experi\u00e8ncies a Barcelona).<\/p>\n<p>Certificat de formaci\u00f3 en acabar el curs expedit per <a href=\"http:\/\/barcelonagov.net\/es\/\" target=\"_blank\" rel=\"noopener noreferrer\">Barcelona\u2019gov<\/a> i l&#8217;<a style=\"font-family: Helvetica; font-size: 12px; color: #6388bf; font-weight: normal; text-decoration: underline;\" href=\"https:\/\/igop.uab.cat\/es\/\" target=\"_blank\" rel=\"noopener noreferrer\">Institut de Govern i Pol\u00edtiques P\u00fabliques<\/a><span style=\"color: #202020; font-family: helvetica,serif,'EmojiFont'; font-size: 12px;\">\u00a0(IGOP) de la\u00a0<\/span><a style=\"font-family: Helvetica; font-size: 12px; color: #6388bf; font-weight: normal; text-decoration: underline;\" href=\"http:\/\/www.uab.cat\/\" target=\"_blank\" rel=\"noopener noreferrer\">UAB<\/a><span style=\"color: #202020; font-family: helvetica,serif,'EmojiFont'; font-size: 12px;\">.<\/span><\/p>\n","protected":false},"excerpt":{"rendered":"<p>Curs: Pol\u00edtiques P\u00fabliques Socials Del 24 al 27 d&#8217;octubre de 2017 Si ets un pol\u00edtic local amb responsabilitats en les pol\u00edtiques socials o un professional vinculat a serveis socials, educatius, sociosanitaris, comunitaris o pertanys a alguna entitat del Tercer Sector Social que li interessi aprofundir en les oportunitats i desafiaments de la col\u00b7laboraci\u00f3 i participaci\u00f3 [&hellip;]<\/p>\n","protected":false},"author":2,"featured_media":4142,"comment_status":"closed","ping_status":"closed","sticky":false,"template":"","format":"standard","meta":{"_et_pb_use_builder":"","_et_pb_old_content":"","_et_gb_content_width":"","footnotes":""},"categories":[218],"tags":[],"class_list":["post-4640","post","type-post","status-publish","format-standard","has-post-thumbnail","hentry","category-events","et-has-post-format-content","et_post_format-et-post-format-standard"],"_links":{"self":[{"href":"https:\/\/igop.uab.cat\/en\/wp-json\/wp\/v2\/posts\/4640","targetHints":{"allow":["GET"]}}],"collection":[{"href":"https:\/\/igop.uab.cat\/en\/wp-json\/wp\/v2\/posts"}],"about":[{"href":"https:\/\/igop.uab.cat\/en\/wp-json\/wp\/v2\/types\/post"}],"author":[{"embeddable":true,"href":"https:\/\/igop.uab.cat\/en\/wp-json\/wp\/v2\/users\/2"}],"replies":[{"embeddable":true,"href":"https:\/\/igop.uab.cat\/en\/wp-json\/wp\/v2\/comments?post=4640"}],"version-history":[{"count":1,"href":"https:\/\/igop.uab.cat\/en\/wp-json\/wp\/v2\/posts\/4640\/revisions"}],"predecessor-version":[{"id":4641,"href":"https:\/\/igop.uab.cat\/en\/wp-json\/wp\/v2\/posts\/4640\/revisions\/4641"}],"wp:featuredmedia":[{"embeddable":true,"href":"https:\/\/igop.uab.cat\/en\/wp-json\/wp\/v2\/media\/4142"}],"wp:attachment":[{"href":"https:\/\/igop.uab.cat\/en\/wp-json\/wp\/v2\/media?parent=4640"}],"wp:term":[{"taxonomy":"category","embeddable":true,"href":"https:\/\/igop.uab.cat\/en\/wp-json\/wp\/v2\/categories?post=4640"},{"taxonomy":"post_tag","embeddable":true,"href":"https:\/\/igop.uab.cat\/en\/wp-json\/wp\/v2\/tags?post=4640"}],"curies":[{"name":"wp","href":"https:\/\/api.w.org\/{rel}","templated":true}]}}