{"id":23783,"date":"2025-02-25T11:01:43","date_gmt":"2025-02-25T10:01:43","guid":{"rendered":"https:\/\/igop.uab.cat\/?p=23783"},"modified":"2025-02-25T11:01:43","modified_gmt":"2025-02-25T10:01:43","slug":"vincenzo-favara","status":"publish","type":"post","link":"https:\/\/igop.uab.cat\/en\/2025\/02\/25\/vincenzo-favara\/","title":{"rendered":"Vincenzo Favara"},"content":{"rendered":"<p>[et_pb_section fb_built=&#8221;1&#8243; _builder_version=&#8221;4.16&#8243; global_colors_info=&#8221;{}&#8221;][et_pb_row _builder_version=&#8221;4.16&#8243; background_size=&#8221;initial&#8221; background_position=&#8221;top_left&#8221; background_repeat=&#8221;repeat&#8221; global_colors_info=&#8221;{}&#8221;][et_pb_column type=&#8221;4_4&#8243; _builder_version=&#8221;4.16&#8243; custom_padding=&#8221;|||&#8221; global_colors_info=&#8221;{}&#8221; custom_padding__hover=&#8221;|||&#8221;][et_pb_text _builder_version=&#8221;4.24.3&#8243; link_text_color=&#8221;#0C71C3&#8243; background_size=&#8221;initial&#8221; background_position=&#8221;top_left&#8221; background_repeat=&#8221;repeat&#8221; hover_enabled=&#8221;0&#8243; global_colors_info=&#8221;{}&#8221; sticky_enabled=&#8221;0&#8243;]<\/p>\n<div class=\"et_pb_module et_pb_text et_pb_text_0 et_pb_text_align_left et_pb_bg_layout_light\">\n<div class=\"et_pb_text_inner\">\n<p><strong><img loading=\"lazy\" decoding=\"async\" class=\"alignleft wp-image-23758 size-thumbnail\" title=\"espai\" src=\"https:\/\/igop.uab.cat\/wp-content\/uploads\/2025\/02\/Vincenzo-Favara-150x150.png\" alt=\"Vincenzo Favara\" width=\"150\" height=\"150\" srcset=\"https:\/\/igop.uab.cat\/wp-content\/uploads\/2025\/02\/Vincenzo-Favara-150x150.png 150w, https:\/\/igop.uab.cat\/wp-content\/uploads\/2025\/02\/Vincenzo-Favara-300x300.png 300w, https:\/\/igop.uab.cat\/wp-content\/uploads\/2025\/02\/Vincenzo-Favara-1024x1024.png 1024w, https:\/\/igop.uab.cat\/wp-content\/uploads\/2025\/02\/Vincenzo-Favara-768x768.png 768w, https:\/\/igop.uab.cat\/wp-content\/uploads\/2025\/02\/Vincenzo-Favara-1536x1536.png 1536w, https:\/\/igop.uab.cat\/wp-content\/uploads\/2025\/02\/Vincenzo-Favara-1080x1080.png 1080w, https:\/\/igop.uab.cat\/wp-content\/uploads\/2025\/02\/Vincenzo-Favara-440x440.png 440w, https:\/\/igop.uab.cat\/wp-content\/uploads\/2025\/02\/Vincenzo-Favara.png 1654w\" sizes=\"(max-width: 150px) 100vw, 150px\" \/><\/strong> <strong>Vincenzo Favara<\/strong> is a PhD student in the Department of Sociology at the Universitat Aut\u00f2noma de Barcelona. He holds a bachelor&#8217;s degree in Political Science and International Relations from Luiss Guido Carli University and a master&#8217;s degree in Sociology of Sustainability and Analysis of Global Processes from La Sapienza Universit\u00e0 di Roma. He has collaborated with the Istituto di Ricerche Educative e Formative (Iref) on urban regeneration initiatives. As part of the Caring Tower project, he collected life stories that were featured in the 2023 anthology La parola che cura \u2013 storie di vita degli inquilini della &#8220;torre gialla&#8221; (The Healing Word: Life Stories of the &#8220;Yellow Tower&#8221; Residents). In 2024 in collaboration with Iref and Acli (Associazioni Cristiane Lavoratori Italiani), Vincenzo authored the chapter &#8220;Sentirsi bene alla fine del mondo: emozioni e pratiche di sostenibilit\u00e0&#8221; (Feeling Good at the End of the World: Emotions and Sustainability Practices) in the book Abitare un mondo sostenibile: Stili di vita per un&#8217;ecologia integrale, edited by Lidia Borz\u00ec, Maria Grazia Fasoli, Marco Livia, and Federica Volpi, with a preface by Emiliano Manfredonia.     <\/p>\n<p>&nbsp;<\/p>\n<\/div>\n<\/div>\n<div class=\"et_pb_module et_pb_text et_pb_text_1 et_pb_text_align_left et_pb_bg_layout_light\">\n<div class=\"et_pb_text_inner\">\n<h3>CONTACT<\/h3>\n<p><strong>Mail:<\/strong> <span data-olk-copy-source=\"MessageBody\">vincenzo.favara@uab.cat<\/span><br \/><strong>Twitter: <\/strong>\u2013<br \/><strong>Web:<\/strong> \u2013<br \/><strong>Research Portal UAB:<\/strong> <a href=\"https:\/\/portalrecerca.uab.cat\/en\/persons\/vincenzo-favara\">https:\/\/portalrecerca.uab.cat\/en\/persons\/vincenzo-favara<\/a><strong><br \/>ORCID<\/strong>: <a id=\"OWA29494cab-3c68-906c-7524-3b9671530e88\" title=\"https:\/\/orcid.org\/0009-0009-4450-5928\" href=\"https:\/\/orcid.org\/0009-0009-4450-5928\" target=\"_blank\" rel=\"noopener noreferrer\" data-auth=\"NotApplicable\" data-linkindex=\"1\">https:\/\/orcid.org\/0009-0009-4450-5928<\/a><br \/><strong>ResearchGate Citations: <\/strong><a id=\"LPlnk438095\" title=\"https:\/\/www.researchgate.net\/profile\/Vincenzo-Favara\" href=\"https:\/\/www.researchgate.net\/profile\/Vincenzo-Favara\" target=\"_blank\" rel=\"noopener noreferrer\" data-auth=\"NotApplicable\" data-linkindex=\"2\">https:\/\/www.researchgate.net\/profile\/Vincenzo-Favara<\/a><\/p>\n<p>&nbsp;<\/p>\n<h3><strong>AREAS OF INTEREST<\/strong><\/h3>\n<\/div>\n<\/div>\n<div class=\"et_pb_module et_pb_text et_pb_text_2 et_pb_text_align_left et_pb_bg_layout_light\">\n<div class=\"et_pb_text_inner\">\n<p>Climate change and overexploitation of natural resources; eco-precarity; digital, sustainable and just transition<\/p>\n<p>&nbsp;<\/p>\n<\/div>\n<\/div>\n<div class=\"et_pb_module et_pb_text et_pb_text_4 et_pb_text_align_left et_pb_bg_layout_light\">\n<div class=\"et_pb_text_inner\">\n<h3><strong>PUBLICATIONS<\/strong><\/h3>\n<ol>\n<li>\n<div data-olk-copy-source=\"MessageBody\">Favara, V., Vacchiano, L. (2023). Come un sensei. In La parola che cura \u2013 storie di vita degli inquilini della &#8220;torre gialla&#8221;. In Caring Tower project anthology.   <\/div>\n<\/li>\n<li>\n<div data-olk-copy-source=\"MessageBody\"> <\/div>\n<div>Favara, V. (2024). Sentirsi bene alla fine del mondo: emozioni e pratiche di sostenibilit\u00e0. In L. Borz\u00ec, M. G. Fasoli, M. Livia, &amp; F. Volpi (Eds.), Abitare un mondo sostenibile: Stili di vita per un&#8217;ecologia integrale. Preface by Emiliano Manfredonia.   <\/div>\n<\/li>\n<\/ol>\n<\/div>\n<\/div>\n<p>[\/et_pb_text][\/et_pb_column][\/et_pb_row][\/et_pb_section]<\/p>\n","protected":false},"excerpt":{"rendered":"<p>Vincenzo Favara is a PhD student in the Department of Sociology at the Universitat Aut\u00f2noma de Barcelona. He holds a bachelor&#8217;s degree in Political Science and International Relations from Luiss Guido Carli University and a master&#8217;s degree in Sociology of Sustainability and Analysis of Global Processes from La Sapienza Universit\u00e0 di Roma. He has collaborated [&hellip;]<\/p>\n","protected":false},"author":2,"featured_media":0,"comment_status":"closed","ping_status":"closed","sticky":false,"template":"","format":"standard","meta":{"_et_pb_use_builder":"on","_et_pb_old_content":"<div class=\"et_pb_module et_pb_text et_pb_text_0 et_pb_text_align_left et_pb_bg_layout_light\"><div class=\"et_pb_text_inner\"><p><strong><img class=\"alignleft wp-image-23758 size-thumbnail\" title=\"espai\" src=\"https:\/\/igop.uab.cat\/wp-content\/uploads\/2025\/02\/Vincenzo-Favara-150x150.png\" alt=\"Vincenzo Favara\" width=\"150\" height=\"150\" \/><\/strong> <strong>Vincenzo Favara<\/strong> \u00e9s doctorand al Departament de Sociologia de la Universitat Aut\u00f2noma de Barcelona. \u00c9s llicenciat en Ci\u00e8ncies Pol\u00edtiques i Relacions Internacionals per la Universitat Luiss Guido Carli i un m\u00e0ster en Sociologia de la Sostenibilitat i An\u00e0lisi de Processos Globals per La Sapienza Universit\u00e0 di Roma. Ha col\u00b7laborat amb l'Istituto di Ricerche Educative e Formative (Iref) en iniciatives de regeneraci\u00f3 urbana. Com a part del projecte Caring Tower, va recollir hist\u00f2ries de vida que es van presentar a l'antologia del 2023 La parola che cura \u2013 storie di vita degli inquilini della \"torre gialla\" (La paraula curativa: hist\u00f2ries de vida dels residents de la \"Torre Groga\"). L'any 2024, en col\u00b7laboraci\u00f3 amb Iref i Acli (Associazioni Cristiane Lavoratori Italiani), Vincenzo va ser autor del cap\u00edtol \"Sentirsi bene alla fine del mondo: emozioni e pratiche di sostenibilit\u00e0\" (Sentir-se b\u00e9 a l'End of the World: Emotions and Sustainability Practices) al llibre Abitare un mondo sostenibile: Stili di vita per un'ecologia, editat per Grazia Bor\u00ec per un'ecologia. Livia, i Federica Volpi, amb un prefaci d'Emiliano Manfredonia.<\/p><p>\u00a0<\/p><\/div><\/div><div class=\"et_pb_module et_pb_text et_pb_text_1 et_pb_text_align_left et_pb_bg_layout_light\"><div class=\"et_pb_text_inner\"><h3>CONTACTE<\/h3><p><strong>Correu:<\/strong> <span data-olk-copy-source=\"MessageBody\">vincenzo.favara@uab.cat<\/span><br \/><strong>Twitter: \u00a0<\/strong>\u2013<br \/><strong>Web:<\/strong>\u00a0\u2013<br \/><strong>Portal Recerca UAB:<\/strong> <a href=\"https:\/\/portalrecerca.uab.cat\/en\/persons\/vincenzo-favara\">https:\/\/portalrecerca.uab.cat\/en\/persons\/vincenzo-favara<\/a><strong><br \/>ORCID<\/strong>:\u00a0<a id=\"OWA29494cab-3c68-906c-7524-3b9671530e88\" title=\"https:\/\/orcid.org\/0009-0009-4450-5928\" href=\"https:\/\/orcid.org\/0009-0009-4450-5928\" target=\"_blank\" rel=\"noopener noreferrer\" data-auth=\"NotApplicable\" data-linkindex=\"1\">https:\/\/orcid.org\/0009-0009-4450-5928<\/a><br \/><strong>ResearchGate Citations:\u00a0<\/strong><a id=\"LPlnk438095\" title=\"https:\/\/www.researchgate.net\/profile\/Vincenzo-Favara\" href=\"https:\/\/www.researchgate.net\/profile\/Vincenzo-Favara\" target=\"_blank\" rel=\"noopener noreferrer\" data-auth=\"NotApplicable\" data-linkindex=\"2\">https:\/\/www.researchgate.net\/profile\/Vincenzo-Favara<\/a><\/p><p>\u00a0<\/p><h3><strong>\u00c0REES D\u2019INTER\u00c9S<\/strong><\/h3><\/div><\/div><div class=\"et_pb_module et_pb_text et_pb_text_2 et_pb_text_align_left et_pb_bg_layout_light\"><div class=\"et_pb_text_inner\"><p>Canvi clim\u00e0tic i sobreexplotaci\u00f3 dels recursos naturals; ecoprecarietat; transici\u00f3 digital, sostenible i justa<\/p><p>\u00a0<\/p><\/div><\/div><div class=\"et_pb_module et_pb_text et_pb_text_4 et_pb_text_align_left et_pb_bg_layout_light\"><div class=\"et_pb_text_inner\"><h3><strong>PUBLICACIONS DESTACADES<\/strong><\/h3><ol><li><div data-olk-copy-source=\"MessageBody\">Favara, V., Vacchiano, L. (2023). Come un sensei. In La parola che cura \u2013 storie di vita degli inquilini della \"torre gialla\". In Caring Tower project anthology.<\/div><\/li><li><div data-olk-copy-source=\"MessageBody\">\u00a0<\/div><div>Favara, V. (2024). Sentirsi bene alla fine del mondo: emozioni e pratiche di sostenibilit\u00e0. In L. Borz\u00ec, M. G. Fasoli, M. Livia, & F. Volpi (Eds.), Abitare un mondo sostenibile: Stili di vita per un'ecologia integrale. Preface by Emiliano Manfredonia.<\/div><\/li><\/ol><\/div><\/div>","_et_gb_content_width":"","footnotes":""},"categories":[630],"tags":[],"class_list":["post-23783","post","type-post","status-publish","format-standard","hentry","category-directory","et-doesnt-have-format-content","et_post_format-et-post-format-standard"],"_links":{"self":[{"href":"https:\/\/igop.uab.cat\/en\/wp-json\/wp\/v2\/posts\/23783","targetHints":{"allow":["GET"]}}],"collection":[{"href":"https:\/\/igop.uab.cat\/en\/wp-json\/wp\/v2\/posts"}],"about":[{"href":"https:\/\/igop.uab.cat\/en\/wp-json\/wp\/v2\/types\/post"}],"author":[{"embeddable":true,"href":"https:\/\/igop.uab.cat\/en\/wp-json\/wp\/v2\/users\/2"}],"replies":[{"embeddable":true,"href":"https:\/\/igop.uab.cat\/en\/wp-json\/wp\/v2\/comments?post=23783"}],"version-history":[{"count":10,"href":"https:\/\/igop.uab.cat\/en\/wp-json\/wp\/v2\/posts\/23783\/revisions"}],"predecessor-version":[{"id":23830,"href":"https:\/\/igop.uab.cat\/en\/wp-json\/wp\/v2\/posts\/23783\/revisions\/23830"}],"wp:attachment":[{"href":"https:\/\/igop.uab.cat\/en\/wp-json\/wp\/v2\/media?parent=23783"}],"wp:term":[{"taxonomy":"category","embeddable":true,"href":"https:\/\/igop.uab.cat\/en\/wp-json\/wp\/v2\/categories?post=23783"},{"taxonomy":"post_tag","embeddable":true,"href":"https:\/\/igop.uab.cat\/en\/wp-json\/wp\/v2\/tags?post=23783"}],"curies":[{"name":"wp","href":"https:\/\/api.w.org\/{rel}","templated":true}]}}