{"id":20932,"date":"2024-06-20T19:32:10","date_gmt":"2024-06-20T17:32:10","guid":{"rendered":"https:\/\/igop.uab.cat\/2024\/08\/07\/youth-and-insecurity-from-an-intersectional-perspective-the-case-of-catalonia\/"},"modified":"2024-08-07T20:57:00","modified_gmt":"2024-08-07T18:57:00","slug":"youth-and-insecurity-from-an-intersectional-perspective-the-case-of-catalonia","status":"publish","type":"post","link":"https:\/\/igop.uab.cat\/en\/2024\/06\/20\/youth-and-insecurity-from-an-intersectional-perspective-the-case-of-catalonia\/","title":{"rendered":"Youth and insecurity from an intersectional perspective: the case of Catalonia"},"content":{"rendered":"<p>Acebillo-Baqu\u00e9, M., Maestripieri, L.,  G\u00f3mez-Mor\u00e1n, C. D. (2024). Youth and insecurity from an intersectional perspective: the case of Catalonia. <em>Journal of Youth Studies<\/em>, 1\u201319. <a title=\"JYS Journal\" href=\"https:\/\/www.tandfonline.com\/doi\/full\/10.1080\/13676261.2024.2378281\" target=\"_blank\" rel=\"noopener\">https:\/\/doi.org\/10.1080\/13676261.2024.2378281<\/a>.  <img decoding=\"async\" src=\"https:\/\/mcusercontent.com\/088fc47ad8d25b752311c0bf7\/images\/648312d8-3be1-d8d9-a3b8-dcb4810b66c1.jpg\" alt=\"JYS journal\"><\/p>\n","protected":false},"excerpt":{"rendered":"<p>Acebillo-Baqu\u00e9, M., Maestripieri, L., G\u00f3mez-Mor\u00e1n, C. D. (2024). Youth and insecurity from an intersectional perspective: the case of Catalonia. Journal of Youth Studies, 1\u201319. https:\/\/doi.org\/10.1080\/13676261.2024.2378281.<\/p>\n","protected":false},"author":2,"featured_media":20929,"comment_status":"closed","ping_status":"closed","sticky":false,"template":"","format":"standard","meta":{"_et_pb_use_builder":"","_et_pb_old_content":"","_et_gb_content_width":"","footnotes":""},"categories":[226],"tags":[],"class_list":["post-20932","post","type-post","status-publish","format-standard","has-post-thumbnail","hentry","category-publications-en","et-has-post-format-content","et_post_format-et-post-format-standard"],"_links":{"self":[{"href":"https:\/\/igop.uab.cat\/en\/wp-json\/wp\/v2\/posts\/20932","targetHints":{"allow":["GET"]}}],"collection":[{"href":"https:\/\/igop.uab.cat\/en\/wp-json\/wp\/v2\/posts"}],"about":[{"href":"https:\/\/igop.uab.cat\/en\/wp-json\/wp\/v2\/types\/post"}],"author":[{"embeddable":true,"href":"https:\/\/igop.uab.cat\/en\/wp-json\/wp\/v2\/users\/2"}],"replies":[{"embeddable":true,"href":"https:\/\/igop.uab.cat\/en\/wp-json\/wp\/v2\/comments?post=20932"}],"version-history":[{"count":1,"href":"https:\/\/igop.uab.cat\/en\/wp-json\/wp\/v2\/posts\/20932\/revisions"}],"predecessor-version":[{"id":20933,"href":"https:\/\/igop.uab.cat\/en\/wp-json\/wp\/v2\/posts\/20932\/revisions\/20933"}],"wp:featuredmedia":[{"embeddable":true,"href":"https:\/\/igop.uab.cat\/en\/wp-json\/wp\/v2\/media\/20929"}],"wp:attachment":[{"href":"https:\/\/igop.uab.cat\/en\/wp-json\/wp\/v2\/media?parent=20932"}],"wp:term":[{"taxonomy":"category","embeddable":true,"href":"https:\/\/igop.uab.cat\/en\/wp-json\/wp\/v2\/categories?post=20932"},{"taxonomy":"post_tag","embeddable":true,"href":"https:\/\/igop.uab.cat\/en\/wp-json\/wp\/v2\/tags?post=20932"}],"curies":[{"name":"wp","href":"https:\/\/api.w.org\/{rel}","templated":true}]}}