{"id":16192,"date":"2023-02-06T13:45:55","date_gmt":"2023-02-06T12:45:55","guid":{"rendered":"https:\/\/igop.uab.cat\/?p=16192"},"modified":"2023-02-06T13:53:40","modified_gmt":"2023-02-06T12:53:40","slug":"xavier-bonal","status":"publish","type":"post","link":"https:\/\/igop.uab.cat\/en\/2023\/02\/06\/xavier-bonal\/","title":{"rendered":"Xavier Bonal"},"content":{"rendered":"<p>[et_pb_section fb_built=&#8221;1&#8243; _builder_version=&#8221;4.16&#8243; global_colors_info=&#8221;{}&#8221;][et_pb_row _builder_version=&#8221;4.16&#8243; background_size=&#8221;initial&#8221; background_position=&#8221;top_left&#8221; background_repeat=&#8221;repeat&#8221; global_colors_info=&#8221;{}&#8221;][et_pb_column type=&#8221;4_4&#8243; _builder_version=&#8221;4.16&#8243; custom_padding=&#8221;|||&#8221; global_colors_info=&#8221;{}&#8221; custom_padding__hover=&#8221;|||&#8221;][et_pb_text _builder_version=&#8221;4.19.4&#8243; link_text_color=&#8221;#0C71C3&#8243; background_size=&#8221;initial&#8221; background_position=&#8221;top_left&#8221; background_repeat=&#8221;repeat&#8221; global_colors_info=&#8221;{}&#8221;]<\/p>\n<p><strong><img loading=\"lazy\" decoding=\"async\" class=\"espai2 alignleft wp-image-15940 size-thumbnail\" src=\"https:\/\/igop.uab.cat\/wp-content\/uploads\/2023\/01\/Xavier-Bonal-IGOP-2023-150x150.jpg\" alt=\"Xavier Bonal IGOP\" width=\"150\" height=\"150\" srcset=\"https:\/\/igop.uab.cat\/wp-content\/uploads\/2023\/01\/Xavier-Bonal-IGOP-2023-150x150.jpg 150w, https:\/\/igop.uab.cat\/wp-content\/uploads\/2023\/01\/Xavier-Bonal-IGOP-2023.jpg 200w\" sizes=\"(max-width: 150px) 100vw, 150px\" \/>Xavier Bonal <\/strong>is Professor of Sociology at the Universitat Aut\u00f2noma de Barcelona (UAB) and Special Professor of Education and International Development at the University of Amsterdam (UvA). He is the director of the research group Globalisation, Education and Social Policies (GEPS) at the UAB and Coordinator of the GLOBED Project, an Erasmus Mundus Master on Education Policies for Global Development. He has been member of the EU Network of Experts in Social Sciences and Education (NESSE) and is member of the Editorial Board of several international journals of education policies and educational development. Professor Bonal has widely published in national and international journals and is the author of several books on sociology of education, education policy and globalisation, education and development. He has worked as a consultant for international organisations such as UNESCO, UNICEF, the European Commission, and the Council of Europe.<\/p>\n<p>[\/et_pb_text][et_pb_text _builder_version=&#8221;4.19.4&#8243; link_text_color=&#8221;#0C71C3&#8243; background_size=&#8221;initial&#8221; background_position=&#8221;top_left&#8221; background_repeat=&#8221;repeat&#8221; global_colors_info=&#8221;{}&#8221;]<\/p>\n<h3>CONTACT<\/h3>\n<p><strong>Email:<\/strong> xavier.bonal@uab.cat<br \/><strong>Twitter:\u00a0<\/strong><a href=\"https:\/\/twitter.com\/xavierbonal?lang=ca\" target=\"_blank\" rel=\"noopener\">@xavierbonal<\/a><br \/><strong>Web: <\/strong>&#8211;<br \/><strong>UAB Research Portal:<\/strong> <a href=\"https:\/\/portalrecerca.uab.cat\/en\/persons\/xavier-bonal-sarr%C3%B3-16\" target=\"_blank\" rel=\"noopener\">https:\/\/portalrecerca.uab.cat\/en\/persons\/xavier-bonal-sarr%C3%B3-16<\/a><strong><br \/>ORCID<\/strong>: <a href=\"https:\/\/orcid.org\/0000-0003-0625-0951\" target=\"_blank\" rel=\"noopener\">https:\/\/orcid.org\/0000-0003-0625-0951<\/a><br \/><strong>UAB Academia:<\/strong><br \/><a href=\"https:\/\/uab.academia.edu\/xavierbonal\" target=\"_blank\" rel=\"noopener\">https:\/\/uab.academia.edu\/xavierbonal<\/a><\/p>\n<p>[\/et_pb_text][et_pb_text _builder_version=&#8221;4.19.4&#8243; link_text_color=&#8221;#0C71C3&#8243; background_size=&#8221;initial&#8221; background_position=&#8221;top_left&#8221; background_repeat=&#8221;repeat&#8221; global_colors_info=&#8221;{}&#8221;]<\/p>\n<h3><strong>AREAS OF INTEREST<\/strong><\/h3>\n<p>Comparative social policy, Comparative politics, State of Welfare, Gender<\/p>\n<p>[\/et_pb_text][et_pb_text _builder_version=&#8221;4.19.4&#8243; link_text_color=&#8221;#0C71C3&#8243; background_size=&#8221;initial&#8221; background_position=&#8221;top_left&#8221; background_repeat=&#8221;repeat&#8221; global_colors_info=&#8221;{}&#8221;]<\/p>\n<h3><strong>3 SELECTED PROJECTS<\/strong><\/h3>\n<ul>\n<li>\n<p class=\"title\"><a class=\"link\" href=\"https:\/\/portalrecerca.uab.cat\/en\/projects\/education-policies-for-global-development\" rel=\"UPMProject\"><span class=\"acronym\">GLOBED:\u00a0<\/span>EDUCATION POLICIES FOR GLOBAL DEVELOPMENT<\/a><a class=\"link person\" href=\"https:\/\/portalrecerca.uab.cat\/en\/persons\/xavier-bonal-sarr%C3%B3-16\" rel=\"Person\">. Bonal Sarro, F. X.<\/a>, Dr. Helen Phtiaka, Dr. Kerstin Mertens &amp; Ms Angela Melley.\u00a0<span class=\"date\">1\/09\/18<\/span>\u00a0\u2192\u00a0<span class=\"date\">31\/10\/24<\/span><\/p>\n<\/li>\n<li>\n<p class=\"title\"><a class=\"link\" href=\"https:\/\/portalrecerca.uab.cat\/en\/projects\/european-cities-against-school-segregation-3\" rel=\"UPMProject\"><span class=\"acronym\">ECASS:\u00a0<\/span>EUROPEAN CITIES AGAINST SCHOOL SEGREGATION<\/a>. <a class=\"link person\" href=\"https:\/\/portalrecerca.uab.cat\/en\/persons\/xavier-bonal-sarr%C3%B3-16\" rel=\"Person\">Bonal Sarro, F. X.<\/a>, Gonzalez Motos, S., Paredes Guinand, C. M., Cucca, R., Margarita Artal, Ranci, C., Sabina Uberti-Bona &amp; \u00d8yvind Bjerkestrand.\u00a0<span class=\"date\">1\/12\/19<\/span>\u00a0\u2192\u00a0<span class=\"date\">31\/12\/22<\/span><\/p>\n<\/li>\n<li>\n<p class=\"title\"><a class=\"link\" href=\"https:\/\/portalrecerca.uab.cat\/en\/projects\/la-construcci%C3%B3n-de-las-oportunidades-educativas-post-16-un-an%C3%A1lis-3\" rel=\"UPMProject\">La construcci\u00f3n de las oportunidades educativas post-16. Un an\u00e1lisis de las transiciones a la educaci\u00f3n post-obligatoria en contaxtos urbanos.<\/a><a class=\"link person\" href=\"https:\/\/portalrecerca.uab.cat\/en\/persons\/aina-antonia-tarabini-castellani-clemente-3\" rel=\"Person\">. Tarabini Castellani Clemente, A. A.<\/a>,\u00a0<a class=\"link person\" href=\"https:\/\/portalrecerca.uab.cat\/en\/persons\/xavier-bonal-sarr%C3%B3-16\" rel=\"Person\">Bonal Sarro, F. X.<\/a>, Jacovkis Halperin, J., Manzano Moliner, M., Termes Lopez, A.,\u00a0<a class=\"link person\" href=\"https:\/\/portalrecerca.uab.cat\/en\/persons\/francesc-xavier-rambla-marigot-10\" rel=\"Person\">Rambla Marigot, F. X.<\/a>, Saura Casanova, G., Feito Alonso, R., Patricia Villamor Manero, Prieto Egido, M., Rogero Garc\u00eda, J. &amp; s\u00e1nchez Rojo, A.\u00a0<span class=\"date\">30\/12\/16<\/span>\u00a0\u2192\u00a0<span class=\"date\">31\/12\/20<\/span><\/p>\n<\/li>\n<\/ul>\n<p>[\/et_pb_text][et_pb_text _builder_version=&#8221;4.19.4&#8243; link_text_color=&#8221;#0C71C3&#8243; background_size=&#8221;initial&#8221; background_position=&#8221;top_left&#8221; background_repeat=&#8221;repeat&#8221; global_colors_info=&#8221;{}&#8221;]<\/p>\n<h3><strong>3 HIGHLIGHTED PUBLICATIONS<\/strong><\/h3>\n<ol>\n<li>\n<p class=\"title\"><a class=\"link\" href=\"https:\/\/portalrecerca.uab.cat\/en\/publications\/an-integral-model-of-cultural-reproduction-the-case-of-china\" rel=\"ContributionToJournal\">An integral model of cultural reproduction: The case of China.<\/a>\u00a0Lu, Y., <a class=\"link person\" href=\"https:\/\/portalrecerca.uab.cat\/en\/persons\/rosario-scandurra-6\" rel=\"Person\">Scandurra, R.<\/a>\u00a0&amp;\u00a0<a class=\"link person\" href=\"https:\/\/portalrecerca.uab.cat\/en\/persons\/xavier-bonal-sarr%C3%B3-16\" rel=\"Person\">Bonal, X.<\/a>,\u00a0<span class=\"date\">2021<\/span>, (Accepted in press)\u00a0<span class=\"journal\">In:\u00a0<a class=\"link\" tabindex=\"-1\" href=\"https:\/\/portalrecerca.uab.cat\/en\/persons\/xavier-bonal-sarr%C3%B3-16#\" rel=\"Journal\">Current Sociology.<\/a> <\/span>Research output<span class=\"type_family_sep\">:\u00a0<\/span><span class=\"type_classification_parent\">Contribution to journal<span class=\"type_parent_sep\">\u00a0\u203a\u00a0<\/span><\/span><span class=\"type_classification\">Article<\/span><span class=\"type_classification\"><span class=\"type_parent_sep\">\u00a0\u203a\u00a0<\/span>Research<\/span><span class=\"type_classification\"><span class=\"type_parent_sep\">\u00a0\u203a\u00a0<\/span>peer-review<\/span><\/p>\n<\/li>\n<li>\n<p class=\"title\"><a class=\"link\" href=\"https:\/\/portalrecerca.uab.cat\/en\/publications\/covid19-school-closures-and-cumulative-disadvantage-assessing-the\" rel=\"ContributionToJournal\">COVID\u201019 school closures and cumulative disadvantage: Assessing the learning gap in formal, informal and non\u2010formal education<\/a>. Gonz\u00e1lez, S. &amp; <a class=\"link person\" href=\"https:\/\/portalrecerca.uab.cat\/en\/persons\/xavier-bonal-sarr%C3%B3-16\" rel=\"Person\">Bonal, X.<\/a>,\u00a0<span class=\"date\">5 Dec 2021<\/span>,\u00a0<span class=\"journal\">In:\u00a0<a class=\"link\" tabindex=\"-1\" href=\"https:\/\/portalrecerca.uab.cat\/en\/persons\/xavier-bonal-sarr%C3%B3-16#\" rel=\"Journal\">European Journal of Education.<\/a><\/span>\u00a0<span class=\"volume\">56<\/span>,\u00a0<span class=\"journalnumber\">4<\/span>,\u00a0<span class=\"pages\">p. 607-622<\/span>\u00a0<span class=\"numberofpages\">16 p. Research output<span class=\"type_family_sep\">:\u00a0<\/span><span class=\"type_classification_parent\">Contribution to journal<span class=\"type_parent_sep\">\u00a0\u203a\u00a0<\/span><\/span><span class=\"type_classification\">Article<\/span><span class=\"type_classification\"><span class=\"type_parent_sep\">\u00a0\u203a\u00a0<\/span>Research<\/span><span class=\"type_classification\"><span class=\"type_parent_sep\">\u00a0\u203a\u00a0<\/span>peer-review.\u00a0<\/span><\/span> <a href=\"https:\/\/doi.org\/10.1177\/09589287211055672\">https:\/\/doi.org\/10.1177\/09589287211055672<\/a><\/p>\n<\/li>\n<li>\n<p class=\"title\"><a class=\"link\" href=\"https:\/\/portalrecerca.uab.cat\/en\/publications\/opting-out-of-neighbourhood-schools-the-role-of-local-education-m\" rel=\"ContributionToJournal\">Opting out of neighbourhood schools: The role of local education markets in student mobility<\/a><a class=\"link person\" href=\"https:\/\/portalrecerca.uab.cat\/en\/persons\/rosario-scandurra-6\" rel=\"Person\">. Scandurra, R.<\/a>,\u00a0<a class=\"link person\" href=\"https:\/\/portalrecerca.uab.cat\/en\/persons\/adrian-zancajo-silla\" rel=\"Person\">Zancajo, A.<\/a>\u00a0&amp;\u00a0<a class=\"link person\" href=\"https:\/\/portalrecerca.uab.cat\/en\/persons\/xavier-bonal-sarr%C3%B3-16\" rel=\"Person\">Bonal, X.<\/a>,\u00a0<span class=\"date\">2021<\/span>, (Accepted in press)\u00a0<span class=\"journal\">In:\u00a0Population, Space and Place.<\/span><\/p>\n<\/li>\n<\/ol>\n<p>[\/et_pb_text][\/et_pb_column][\/et_pb_row][\/et_pb_section]<\/p>\n","protected":false},"excerpt":{"rendered":"<p>Xavier Bonal is Professor of Sociology at the Universitat Aut\u00f2noma de Barcelona (UAB) and Special Professor of Education and International Development at the University of Amsterdam (UvA). He is the director of the research group Globalisation, Education and Social Policies (GEPS) at the UAB and Coordinator of the GLOBED Project, an Erasmus Mundus Master on [&hellip;]<\/p>\n","protected":false},"author":2,"featured_media":0,"comment_status":"closed","ping_status":"closed","sticky":false,"template":"","format":"standard","meta":{"_et_pb_use_builder":"on","_et_pb_old_content":"","_et_gb_content_width":"","footnotes":""},"categories":[630],"tags":[],"class_list":["post-16192","post","type-post","status-publish","format-standard","hentry","category-directory","et-doesnt-have-format-content","et_post_format-et-post-format-standard"],"_links":{"self":[{"href":"https:\/\/igop.uab.cat\/en\/wp-json\/wp\/v2\/posts\/16192","targetHints":{"allow":["GET"]}}],"collection":[{"href":"https:\/\/igop.uab.cat\/en\/wp-json\/wp\/v2\/posts"}],"about":[{"href":"https:\/\/igop.uab.cat\/en\/wp-json\/wp\/v2\/types\/post"}],"author":[{"embeddable":true,"href":"https:\/\/igop.uab.cat\/en\/wp-json\/wp\/v2\/users\/2"}],"replies":[{"embeddable":true,"href":"https:\/\/igop.uab.cat\/en\/wp-json\/wp\/v2\/comments?post=16192"}],"version-history":[{"count":6,"href":"https:\/\/igop.uab.cat\/en\/wp-json\/wp\/v2\/posts\/16192\/revisions"}],"predecessor-version":[{"id":16203,"href":"https:\/\/igop.uab.cat\/en\/wp-json\/wp\/v2\/posts\/16192\/revisions\/16203"}],"wp:attachment":[{"href":"https:\/\/igop.uab.cat\/en\/wp-json\/wp\/v2\/media?parent=16192"}],"wp:term":[{"taxonomy":"category","embeddable":true,"href":"https:\/\/igop.uab.cat\/en\/wp-json\/wp\/v2\/categories?post=16192"},{"taxonomy":"post_tag","embeddable":true,"href":"https:\/\/igop.uab.cat\/en\/wp-json\/wp\/v2\/tags?post=16192"}],"curies":[{"name":"wp","href":"https:\/\/api.w.org\/{rel}","templated":true}]}}