{"id":16145,"date":"2023-02-03T13:13:35","date_gmt":"2023-02-03T12:13:35","guid":{"rendered":"https:\/\/igop.uab.cat\/?p=16145"},"modified":"2024-01-12T16:23:09","modified_gmt":"2024-01-12T15:23:09","slug":"roger-soler-i-marti","status":"publish","type":"post","link":"https:\/\/igop.uab.cat\/en\/2023\/02\/03\/roger-soler-i-marti\/","title":{"rendered":"Roger Soler-i-Mart\u00ed"},"content":{"rendered":"<p>[et_pb_section fb_built=&#8221;1&#8243; _builder_version=&#8221;4.16&#8243; global_colors_info=&#8221;{}&#8221;][et_pb_row _builder_version=&#8221;4.16&#8243; background_size=&#8221;initial&#8221; background_position=&#8221;top_left&#8221; background_repeat=&#8221;repeat&#8221; global_colors_info=&#8221;{}&#8221;][et_pb_column type=&#8221;4_4&#8243; _builder_version=&#8221;4.16&#8243; custom_padding=&#8221;|||&#8221; global_colors_info=&#8221;{}&#8221; custom_padding__hover=&#8221;|||&#8221;][et_pb_text _builder_version=&#8221;4.19.4&#8243; link_text_color=&#8221;#0C71C3&#8243; background_size=&#8221;initial&#8221; background_position=&#8221;top_left&#8221; background_repeat=&#8221;repeat&#8221; hover_enabled=&#8221;0&#8243; global_colors_info=&#8221;{}&#8221; sticky_enabled=&#8221;0&#8243;]<\/p>\n<p><strong><img loading=\"lazy\" decoding=\"async\" class=\"espai2 alignleft wp-image-15588 size-full\" src=\"https:\/\/igop.uab.cat\/wp-content\/uploads\/2023\/01\/Roger-Soler-IGOP.jpg\" alt=\"Roger Soler IGOP\" width=\"150\" height=\"150\">Roger Soler-i-Mart\u00ed<\/strong> holds a PhD in Political Science from the Autonomous University of Barcelona (UAB) and is currently a Maria Zambrano postdoctoral fellow at the UAB\u2019s Institute of Government and Public Policy (IGOP). He has been a visiting fellow at Aston University (Birmingham, UK) and researcher at the Youth, Society and Communication Research Group (JOVIScom) at Pompeu Fabra University and at the Catalan Youth Observatory (OCJ)-Generalitat de Catalunya. His research focuses on the relationship between young citizens, politics and democracy, examining how environmental, economic, social, technological and cultural transformations redefine the social and political involvement of young people. He has been actively involved in national and international research projects related to these fields. His research combines quantitative and qualitative data analysis through mixed methods designs. His work has been published in several books and scientific journals, such as The Sociological Review, Journal of Youth Studies, Social Movement Studies, Social Inclusion, Comunicar or Young, among others.<\/p>\n<p>[\/et_pb_text][et_pb_text _builder_version=&#8221;4.19.4&#8243; link_text_color=&#8221;#0C71C3&#8243; background_size=&#8221;initial&#8221; background_position=&#8221;top_left&#8221; background_repeat=&#8221;repeat&#8221; global_colors_info=&#8221;{}&#8221;]<\/p>\n<h3>CONTACT<\/h3>\n<p><strong>Email:<\/strong> roger.soler.marti@uab.cat<br \/><strong>Twitter: <\/strong><a href=\"https:\/\/twitter.com\/rogerssmm\" target=\"_blank\" rel=\"noopener\">@rogerssmm<\/a><br \/><strong>Web:<\/strong> &#8211;<a href=\"https:\/\/scholar.google.com\/citations?user=FLSjLdsAAAAJ&amp;hl=en\"><br \/><\/a><strong>UAB Research Portal:<\/strong> <a href=\"https:\/\/portalrecerca.uab.cat\/en\/persons\/roger-soler-i-mart%C3%AD\" target=\"_blank\" rel=\"noopener\">https:\/\/portalrecerca.uab.cat\/en\/persons\/roger-soler-i-mart%C3%AD<\/a><strong><br \/>ORCID<\/strong>: <a href=\"https:\/\/orcid.org\/0000-0002-3486-6836\" target=\"_blank\" rel=\"noopener\">https:\/\/orcid.org\/0000-0002-3486-6836<\/a><br \/><strong>ResearchGate Citations<\/strong>: <a href=\"https:\/\/www.researchgate.net\/profile\/Roger-Soler-I-Marti\" target=\"_blank\" rel=\"noopener\">https:\/\/www.researchgate.net\/profile\/Roger-Soler-I-Marti<\/a><\/p>\n<p>[\/et_pb_text][et_pb_text _builder_version=&#8221;4.17.3&#8243; link_text_color=&#8221;#0C71C3&#8243; background_size=&#8221;initial&#8221; background_position=&#8221;top_left&#8221; background_repeat=&#8221;repeat&#8221; global_colors_info=&#8221;{}&#8221;]<\/p>\n<h3><strong>AREAS OF INTEREST<\/strong><\/h3>\n<p>Youth studies, political participation, democracy, social moviments, environmental pol\u00edtics, p\u00fablic policies, mixed methods.<\/p>\n<p>[\/et_pb_text][et_pb_text _builder_version=&#8221;4.17.3&#8243; link_text_color=&#8221;#0C71C3&#8243; background_size=&#8221;initial&#8221; background_position=&#8221;top_left&#8221; background_repeat=&#8221;repeat&#8221; global_colors_info=&#8221;{}&#8221;]<\/p>\n<h3><strong>3 SELECTED PROJECTS<\/strong><\/h3>\n<ul>\n<li><a href=\"https:\/\/www.ecf4clim.net\/\">ECF4CLIM. A European Competence Framework for a Low Carbon Economy and Sustainability Through Education.<\/a><\/li>\n<li><a href=\"https:\/\/www.upf.edu\/web\/joviscom\/projectes-vigents\/-\/asset_publisher\/QonwJqfcfP4L\/content\/id\/238048370\/maximized\">YouGECA. Youth Global Engagement for Climate Action<\/a><\/li>\n<li><a href=\"https:\/\/cordis.europa.eu\/project\/id\/770464\">CHIEF. Cultural Heritage and Identities of Europe&#8217;s Future<\/a><\/li>\n<\/ul>\n<p>[\/et_pb_text][et_pb_text _builder_version=&#8221;4.17.3&#8243; link_text_color=&#8221;#0C71C3&#8243; background_size=&#8221;initial&#8221; background_position=&#8221;top_left&#8221; background_repeat=&#8221;repeat&#8221; global_colors_info=&#8221;{}&#8221;]<\/p>\n<h3><strong>3 HIGHLIGHTED PUBLICATIONS<\/strong><\/h3>\n<ol>\n<li>Soler-i-Mart\u00ed, R., Fern\u00e1ndez-Planells, A. &amp; P\u00e9rez-Altable, L. (2022) Bringing the future into the present: The notion of emergency in youth climate movement. <em>Social Movement Studies<\/em>. <a href=\"https:\/\/doi.org\/10.1080\/14742837.2022.2123312\">https:\/\/doi.org\/10.1080\/14742837.2022.2123312<\/a><\/li>\n<li>Soler-i-Mart\u00ed, R., Camprub\u00ed, A., Oliveras, E. &amp; Sierra, M. (2021) The Social and Solidarity Economy: an opportunity for young women\u2019s work transitions? <em>YOUNG &#8211; Nordic Journal of Youth Research<\/em>, 29 (5), 529\u2013548. <a href=\"https:\/\/doi.org\/10.1177\/1103308820986057\">https:\/\/doi.org\/10.1177\/1103308820986057<\/a><\/li>\n<li>Soler-i-Mart\u00ed, R (ed.) (2019). <em>Joventut, implicaci\u00f3 i context pol\u00edtic a Catalunya<\/em>. Generalitat de Catalunya. <a href=\"https:\/\/dretssocials.gencat.cat\/ca\/detalls\/Article\/estudis37\">https:\/\/dretssocials.gencat.cat\/ca\/detalls\/Article\/estudis37<\/a><\/li>\n<\/ol>\n<p>[\/et_pb_text][\/et_pb_column][\/et_pb_row][\/et_pb_section]<\/p>\n","protected":false},"excerpt":{"rendered":"<p>Roger Soler-i-Mart\u00ed holds a PhD in Political Science from the Autonomous University of Barcelona (UAB) and is currently a Maria Zambrano postdoctoral fellow at the UAB\u2019s Institute of Government and Public Policy (IGOP). He has been a visiting fellow at Aston University (Birmingham, UK) and researcher at the Youth, Society and Communication Research Group (JOVIScom) [&hellip;]<\/p>\n","protected":false},"author":2,"featured_media":0,"comment_status":"closed","ping_status":"closed","sticky":false,"template":"","format":"standard","meta":{"_et_pb_use_builder":"on","_et_pb_old_content":"","_et_gb_content_width":"","footnotes":""},"categories":[630],"tags":[],"class_list":["post-16145","post","type-post","status-publish","format-standard","hentry","category-directory","et-doesnt-have-format-content","et_post_format-et-post-format-standard"],"_links":{"self":[{"href":"https:\/\/igop.uab.cat\/en\/wp-json\/wp\/v2\/posts\/16145","targetHints":{"allow":["GET"]}}],"collection":[{"href":"https:\/\/igop.uab.cat\/en\/wp-json\/wp\/v2\/posts"}],"about":[{"href":"https:\/\/igop.uab.cat\/en\/wp-json\/wp\/v2\/types\/post"}],"author":[{"embeddable":true,"href":"https:\/\/igop.uab.cat\/en\/wp-json\/wp\/v2\/users\/2"}],"replies":[{"embeddable":true,"href":"https:\/\/igop.uab.cat\/en\/wp-json\/wp\/v2\/comments?post=16145"}],"version-history":[{"count":8,"href":"https:\/\/igop.uab.cat\/en\/wp-json\/wp\/v2\/posts\/16145\/revisions"}],"predecessor-version":[{"id":16162,"href":"https:\/\/igop.uab.cat\/en\/wp-json\/wp\/v2\/posts\/16145\/revisions\/16162"}],"wp:attachment":[{"href":"https:\/\/igop.uab.cat\/en\/wp-json\/wp\/v2\/media?parent=16145"}],"wp:term":[{"taxonomy":"category","embeddable":true,"href":"https:\/\/igop.uab.cat\/en\/wp-json\/wp\/v2\/categories?post=16145"},{"taxonomy":"post_tag","embeddable":true,"href":"https:\/\/igop.uab.cat\/en\/wp-json\/wp\/v2\/tags?post=16145"}],"curies":[{"name":"wp","href":"https:\/\/api.w.org\/{rel}","templated":true}]}}