{"id":16012,"date":"2023-02-01T11:57:50","date_gmt":"2023-02-01T10:57:50","guid":{"rendered":"https:\/\/igop.uab.cat\/2023\/02\/01\/llorenc-soler-buades\/"},"modified":"2025-03-19T13:18:59","modified_gmt":"2025-03-19T12:18:59","slug":"llorenc-soler-buades","status":"publish","type":"post","link":"https:\/\/igop.uab.cat\/en\/2023\/02\/01\/llorenc-soler-buades\/","title":{"rendered":"Lloren\u00e7 Soler-Buades"},"content":{"rendered":"<p>[et_pb_section fb_built=&#8221;1&#8243; admin_label=&#8221;section&#8221; _builder_version=&#8221;4.16&#8243; global_colors_info=&#8221;{}&#8221;][et_pb_row admin_label=&#8221;row&#8221; _builder_version=&#8221;4.16&#8243; background_size=&#8221;initial&#8221; background_position=&#8221;top_left&#8221; background_repeat=&#8221;repeat&#8221; global_colors_info=&#8221;{}&#8221;][et_pb_column type=&#8221;4_4&#8243; _builder_version=&#8221;4.16&#8243; custom_padding=&#8221;|||&#8221; global_colors_info=&#8221;{}&#8221; custom_padding__hover=&#8221;|||&#8221;][et_pb_text _builder_version=&#8221;4.24.3&#8243; _module_preset=&#8221;default&#8221; hover_enabled=&#8221;0&#8243; global_colors_info=&#8221;{}&#8221; sticky_enabled=&#8221;0&#8243;]<\/p>\n<p><strong><img loading=\"lazy\" decoding=\"async\" class=\"espai2 alignleft wp-image-24010 size-thumbnail\" src=\"https:\/\/igop.uab.cat\/wp-content\/uploads\/2023\/02\/Llorens-Soler-2025-150x150.png\" alt=\"Lloren\u00e7 Soler 2025\" width=\"150\" height=\"150\" srcset=\"https:\/\/igop.uab.cat\/wp-content\/uploads\/2023\/02\/Llorens-Soler-2025-150x150.png 150w, https:\/\/igop.uab.cat\/wp-content\/uploads\/2023\/02\/Llorens-Soler-2025.png 226w\" sizes=\"(max-width: 150px) 100vw, 150px\" \/>Lloren\u00e7 Soler-Buades<\/strong> is a PhD Fellow at Institute of Government and Public Policy the (Universitat Aut\u00f2noma de Barcelona). His research interests fall into the broad area of comparative social policy, with a particular emphasis on labour market, minimum income reform, as well as party politics. He has been actively involved in the Horizon 2020-funded Euroship project, Closing Gaps in Social Citizenship (2020\u20132023). His work has been published in Social Policy &amp; Administration, Journal of Social Policy, and Southern European Society and Politics.   <\/p>\n<p>[\/et_pb_text][et_pb_text _builder_version=&#8221;4.19.4&#8243; _module_preset=&#8221;default&#8221; link_text_color=&#8221;#0C71C3&#8243; global_colors_info=&#8221;{}&#8221;]<\/p>\n<h3>CONTACT<\/h3>\n<p><strong>Email:<\/strong> llorenc.soler@uab.cat<br \/><strong>Twitter: <\/strong><a href=\"https:\/\/twitter.com\/llorenc_soler\" target=\"_blank\" rel=\"noopener\">@llorenc_soler<\/a><br \/><strong>Web:<\/strong> &#8211;<a href=\"https:\/\/scholar.google.com\/citations?user=FLSjLdsAAAAJ&amp;hl=en\"><br \/><\/a><strong>UAB Research Portal: <\/strong>&#8211;<br \/><strong>ORCID<\/strong>: <a href=\"https:\/\/orcid.org\/0000-0002-7028-5254\" target=\"_blank\" rel=\"noopener\">https:\/\/orcid.org\/0000-0002-7028-5254<\/a><br \/><strong>Google Scholar: <\/strong><a href=\"https:\/\/scholar.google.com\/citations?user=wV_iCXsAAAAJ&amp;hl=ca&amp;oi=ao\" target=\"_blank\" rel=\"noopener\">Lloren\u00e7 Soler<\/a><strong><br \/>ResearchGate Citations<\/strong>: &#8211;<\/p>\n<p>[\/et_pb_text][et_pb_text _builder_version=&#8221;4.19.4&#8243; _module_preset=&#8221;default&#8221; global_colors_info=&#8221;{}&#8221;]<\/p>\n<h3><strong>AREAS OF INTEREST<\/strong><\/h3>\n<p>Comparative social policy &amp; social protection systems, party politics, minimum income, work-related conditionality, platform work.<\/p>\n<p>[\/et_pb_text][et_pb_text _builder_version=&#8221;4.19.4&#8243; _module_preset=&#8221;default&#8221; global_colors_info=&#8221;{}&#8221;]<\/p>\n<h3><strong>PROJECTS<\/strong><\/h3>\n<ul>\n<li>EUROSHIP Project: <em>Closing gaps in social citizenship<\/em><\/li>\n<li>SOLID Project: <em>Policy Crisis and Crisis Politics<\/em> (as a research assistant)<\/li>\n<li><em>Inequalities and Social Pacts<\/em>. Funded by Observatorio Social La Caixa.<\/li>\n<\/ul>\n<p>[\/et_pb_text][et_pb_text _builder_version=&#8221;4.24.3&#8243; _module_preset=&#8221;default&#8221; global_colors_info=&#8221;{}&#8221;]<\/p>\n<h3><strong>PUBLICATIONS<\/strong><\/h3>\n<ul>\n<li dir=\"ltr\"><span data-olk-copy-source=\"MessageBody\">Soler-Buades, L.<\/span> (2024). No welfare without workfare? Revisiting varieties of minimum income schemes in Europe (2008\u20132022). Social Policy and Administration. Early View.  <a title=\"https:\/\/doi.org\/10.1111\/spol.13077\" href=\"https:\/\/doi.org\/10.1111\/spol.13077\" target=\"_blank\" rel=\"noopener noreferrer\" data-auth=\"NotApplicable\" data-linkindex=\"0\"><br \/>\nhttps:\/\/doi.org\/10.1111\/spol.13077<\/a><\/li>\n<li dir=\"ltr\">Soler-Buades, L. (2025). The Politics of Minimum Income Reform in Spain: Explaining Unexpected and Consensual Path Departure. Journal of Social Policy (forthcoming).  <\/li>\n<li dir=\"ltr\">Le\u00f3n, M., Alvari\u00f1o, M., &amp; Soler-Buades, L. (2022). Explaining morality policy coalitions in Spanish parliamentary votes: The interaction of the church-state conflict and territorial politics. South European Society and Politics, 27(2), 197\u2013222.  <a title=\"https:\/\/doi.org\/10.1080\/13608746.2022.2132614\" href=\"https:\/\/doi.org\/10.1080\/13608746.2022.2132614\" target=\"_blank\" rel=\"noopener noreferrer\" data-auth=\"NotApplicable\" data-linkindex=\"1\"><br \/>\nhttps:\/\/doi.org\/10.1080\/13608746.2022.2132614<\/a><\/li>\n<li dir=\"ltr\">Le\u00f3n, M., Alvari\u00f1o, M., &amp; Soler-Buades, L. (2022). Una cultura pol\u00edtica poco acostumbrada al di\u00e1logo. In L. Ayala (Ed.), Desigualdad y pacto social (pp. 165-180). Observatorio Social de La Caixa.   <\/li>\n<li dir=\"ltr\">Ib\u00e1\u00f1ez, Z., Soler-Buades, L., Le\u00f3n, M., &amp; Maestripieri, L. (2023). Intersectional inequalities and minimum income schemes: Do last resort safety nets help some people more than others? EUROSHIP Working Paper No. 32.  <\/li>\n<li dir=\"ltr\"><span id=\"x_gmail-docs-internal-guid-13ca910c-7fff-0d40-915c-1cf3f941676c\">Ib\u00e1\u00f1ez, Z., Le\u00f3n, M., Soler-Buades, L., &amp; Alvari\u00f1o, M. (2021). Fostering work-life balance for precarious workers: Culture and social protection systems in comparative perspective.  EUROSHIP Working Paper No. 5.<\/span><\/li>\n<\/ul>\n<p>[\/et_pb_text][\/et_pb_column][\/et_pb_row][\/et_pb_section]<\/p>\n","protected":false},"excerpt":{"rendered":"<p>Lloren\u00e7 Soler-Buades is a PhD Fellow at Institute of Government and Public Policy the (Universitat Aut\u00f2noma de Barcelona). His research interests fall into the broad area of comparative social policy, with a particular emphasis on labour market, minimum income reform, as well as party politics. He has been actively involved in the Horizon 2020-funded Euroship [&hellip;]<\/p>\n","protected":false},"author":2,"featured_media":0,"comment_status":"closed","ping_status":"closed","sticky":false,"template":"","format":"standard","meta":{"_et_pb_use_builder":"on","_et_pb_old_content":"","_et_gb_content_width":"","footnotes":""},"categories":[630],"tags":[],"class_list":["post-16012","post","type-post","status-publish","format-standard","hentry","category-directory","et-doesnt-have-format-content","et_post_format-et-post-format-standard"],"_links":{"self":[{"href":"https:\/\/igop.uab.cat\/en\/wp-json\/wp\/v2\/posts\/16012","targetHints":{"allow":["GET"]}}],"collection":[{"href":"https:\/\/igop.uab.cat\/en\/wp-json\/wp\/v2\/posts"}],"about":[{"href":"https:\/\/igop.uab.cat\/en\/wp-json\/wp\/v2\/types\/post"}],"author":[{"embeddable":true,"href":"https:\/\/igop.uab.cat\/en\/wp-json\/wp\/v2\/users\/2"}],"replies":[{"embeddable":true,"href":"https:\/\/igop.uab.cat\/en\/wp-json\/wp\/v2\/comments?post=16012"}],"version-history":[{"count":20,"href":"https:\/\/igop.uab.cat\/en\/wp-json\/wp\/v2\/posts\/16012\/revisions"}],"predecessor-version":[{"id":24052,"href":"https:\/\/igop.uab.cat\/en\/wp-json\/wp\/v2\/posts\/16012\/revisions\/24052"}],"wp:attachment":[{"href":"https:\/\/igop.uab.cat\/en\/wp-json\/wp\/v2\/media?parent=16012"}],"wp:term":[{"taxonomy":"category","embeddable":true,"href":"https:\/\/igop.uab.cat\/en\/wp-json\/wp\/v2\/categories?post=16012"},{"taxonomy":"post_tag","embeddable":true,"href":"https:\/\/igop.uab.cat\/en\/wp-json\/wp\/v2\/tags?post=16012"}],"curies":[{"name":"wp","href":"https:\/\/api.w.org\/{rel}","templated":true}]}}