{"id":12230,"date":"2020-02-17T13:11:05","date_gmt":"2020-02-17T12:11:05","guid":{"rendered":"https:\/\/igop.uab.cat\/2020\/02\/17\/crisis-y-politicas-sociales-en-el-sur-de-europa\/"},"modified":"2020-02-17T13:11:05","modified_gmt":"2020-02-17T12:11:05","slug":"crisis-y-politicas-sociales-en-el-sur-de-europa","status":"publish","type":"post","link":"https:\/\/igop.uab.cat\/en\/2020\/02\/17\/crisis-y-politicas-sociales-en-el-sur-de-europa\/","title":{"rendered":"Crisis y Pol\u00edticas Sociales en el sur de Europa"},"content":{"rendered":"<p>Margarita Le\u00f3n (Universidad Aut\u00f3noma de Barcelona) i Emmanuele Pavolini (Universit\u00e0 di Macerata); Crisis y Pol\u00edticas Sociales en el sur de Europa. VIII Informe Foessa. Documento de trabajo 4.2. Fundaci\u00f3n Foessa.<\/p>\n<p><a href=\"https:\/\/caritas-web.s3.amazonaws.com\/main-files\/uploads\/sites\/16\/2020\/02\/4.2.pdf\" target=\"_blank\" rel=\"noopener\">Download document (pdf)<\/a><\/p>\n","protected":false},"excerpt":{"rendered":"<p>Margarita Le\u00f3n (Universidad Aut\u00f3noma de Barcelona) i Emmanuele Pavolini (Universit\u00e0 di Macerata); Crisis y Pol\u00edticas Sociales en el sur de Europa. VIII Informe Foessa. Documento de trabajo 4.2. Fundaci\u00f3n Foessa. Download document (pdf)<\/p>\n","protected":false},"author":2,"featured_media":12225,"comment_status":"closed","ping_status":"closed","sticky":false,"template":"","format":"standard","meta":{"_et_pb_use_builder":"","_et_pb_old_content":"","_et_gb_content_width":"","footnotes":""},"categories":[226],"tags":[],"class_list":["post-12230","post","type-post","status-publish","format-standard","has-post-thumbnail","hentry","category-publications-en","et-has-post-format-content","et_post_format-et-post-format-standard"],"_links":{"self":[{"href":"https:\/\/igop.uab.cat\/en\/wp-json\/wp\/v2\/posts\/12230","targetHints":{"allow":["GET"]}}],"collection":[{"href":"https:\/\/igop.uab.cat\/en\/wp-json\/wp\/v2\/posts"}],"about":[{"href":"https:\/\/igop.uab.cat\/en\/wp-json\/wp\/v2\/types\/post"}],"author":[{"embeddable":true,"href":"https:\/\/igop.uab.cat\/en\/wp-json\/wp\/v2\/users\/2"}],"replies":[{"embeddable":true,"href":"https:\/\/igop.uab.cat\/en\/wp-json\/wp\/v2\/comments?post=12230"}],"version-history":[{"count":0,"href":"https:\/\/igop.uab.cat\/en\/wp-json\/wp\/v2\/posts\/12230\/revisions"}],"wp:featuredmedia":[{"embeddable":true,"href":"https:\/\/igop.uab.cat\/en\/wp-json\/wp\/v2\/media\/12225"}],"wp:attachment":[{"href":"https:\/\/igop.uab.cat\/en\/wp-json\/wp\/v2\/media?parent=12230"}],"wp:term":[{"taxonomy":"category","embeddable":true,"href":"https:\/\/igop.uab.cat\/en\/wp-json\/wp\/v2\/categories?post=12230"},{"taxonomy":"post_tag","embeddable":true,"href":"https:\/\/igop.uab.cat\/en\/wp-json\/wp\/v2\/tags?post=12230"}],"curies":[{"name":"wp","href":"https:\/\/api.w.org\/{rel}","templated":true}]}}